{"id":78871,"date":"2018-03-09T23:24:35","date_gmt":"2018-03-09T23:24:35","guid":{"rendered":"https:\/\/www.deberes.net\/tesis\/sin-categoria\/la-institucion-educativa-ante-las-propuestas-de-cambio-acrisis-u-oportunidad-un-estudio-en-la-provincia-de-sevilla\/"},"modified":"2018-03-09T23:24:35","modified_gmt":"2018-03-09T23:24:35","slug":"la-institucion-educativa-ante-las-propuestas-de-cambio-acrisis-u-oportunidad-un-estudio-en-la-provincia-de-sevilla","status":"publish","type":"post","link":"https:\/\/www.deberes.net\/tesis\/planificacion-y-financiacion-de-la-educacion\/la-institucion-educativa-ante-las-propuestas-de-cambio-acrisis-u-oportunidad-un-estudio-en-la-provincia-de-sevilla\/","title":{"rendered":"La instituci\u00f3n educativa ante las propuestas de cambio \u00c2\u00bfcrisis u oportunidad? un estudio en la provincia de sevilla"},"content":{"rendered":"<h2>Tesis doctoral de <strong> Mar\u00eda na Altopiedi <\/strong><\/h2>\n<p>Partiendo de la idea de que la instituci\u00f3n escolar se ve cuestionada en su legitimidad por los m\u00faltiples cambios sociales, y pol\u00edtico-econ\u00f3micos y culturales acaecidos en las \u00faltimas d\u00e9cadas, se sostiene la hip\u00f3tesis de que la situaci\u00f3n suele adquirir rasgos cr\u00edticos que ponen en riesgo tanto la identidad institucional como la de los profesores. Como consecuencia, la propia labor educativa parece perder sentido y se dificulta el llevarla delante de modo que responda a las demandas de la comunidad.     paralelamente, sin embargo, algunos centros ponen en marcha planes de innovaci\u00f3n y proyectos de cambio tendentes a mejorar la propuesta de ense\u00f1anza. Ante esta observaci\u00f3n, el estudio se propone indagar los factores que condicionan las posibilidades de cada organizaci\u00f3n de superar la supuesta crisis, iniciando movimientos de recuperaci\u00f3n. Entre las cuestiones identificadas como operantes, destacan las identidades organizativas y profesionales de cada uno de estos centros y de los profesionales que desarrollan su tarea en ellos.<\/p>\n<p>&nbsp;<\/p>\n<h3>Datos acad\u00e9micos de la tesis doctoral \u00ab<strong>La instituci\u00f3n educativa ante las propuestas de cambio \u00c2\u00bfcrisis u oportunidad? un estudio en la provincia de sevilla<\/strong>\u00ab<\/h3>\n<ul>\n<li><strong>T\u00edtulo de la tesis:<\/strong>\u00a0 La instituci\u00f3n educativa ante las propuestas de cambio \u00c2\u00bfcrisis u oportunidad? un estudio en la provincia de sevilla <\/li>\n<li><strong>Autor:<\/strong>\u00a0 Mar\u00eda na Altopiedi <\/li>\n<li><strong>Universidad:<\/strong>\u00a0 Sevilla<\/li>\n<li><strong>Fecha de lectura de la tesis:<\/strong>\u00a0 27\/02\/2006<\/li>\n<\/ul>\n<p>&nbsp;<\/p>\n<h3>Direcci\u00f3n y tribunal<\/h3>\n<ul>\n<li><strong>Director de la tesis<\/strong>\n<ul>\n<li>Juli\u00e1n L\u00f3pez Ya\u00f1ez<\/li>\n<\/ul>\n<\/li>\n<li><strong>Tribunal<\/strong>\n<ul>\n<li>Presidente del tribunal: marina Tomas  folch <\/li>\n<li> Rodr\u00edguez l\u00f3pez Jos\u00e9 Mar\u00eda (vocal)<\/li>\n<li>Mar\u00eda rita S\u00e1nchez moreno (vocal)<\/li>\n<li>  (vocal)<\/li>\n<\/ul>\n<\/li>\n<\/ul>\n<p>&nbsp;<\/p>\n","protected":false},"excerpt":{"rendered":"<p>Tesis doctoral de Mar\u00eda na Altopiedi Partiendo de la idea de que la instituci\u00f3n escolar se ve cuestionada en su [&hellip;]<\/p>\n","protected":false},"author":1,"featured_media":0,"comment_status":"open","ping_status":"open","sticky":false,"template":"","format":"standard","meta":{"site-sidebar-layout":"default","site-content-layout":"","ast-site-content-layout":"","site-content-style":"default","site-sidebar-style":"default","ast-global-header-display":"","ast-banner-title-visibility":"","ast-main-header-display":"","ast-hfb-above-header-display":"","ast-hfb-below-header-display":"","ast-hfb-mobile-header-display":"","site-post-title":"","ast-breadcrumbs-content":"","ast-featured-img":"","footer-sml-layout":"","theme-transparent-header-meta":"","adv-header-id-meta":"","stick-header-meta":"","header-above-stick-meta":"","header-main-stick-meta":"","header-below-stick-meta":"","astra-migrate-meta-layouts":"default","ast-page-background-enabled":"default","ast-page-background-meta":{"desktop":{"background-color":"var(--ast-global-color-4)","background-image":"","background-repeat":"repeat","background-position":"center center","background-size":"auto","background-attachment":"scroll","background-type":"","background-media":"","overlay-type":"","overlay-color":"","overlay-gradient":""},"tablet":{"background-color":"","background-image":"","background-repeat":"repeat","background-position":"center center","background-size":"auto","background-attachment":"scroll","background-type":"","background-media":"","overlay-type":"","overlay-color":"","overlay-gradient":""},"mobile":{"background-color":"","background-image":"","background-repeat":"repeat","background-position":"center center","background-size":"auto","background-attachment":"scroll","background-type":"","background-media":"","overlay-type":"","overlay-color":"","overlay-gradient":""}},"ast-content-background-meta":{"desktop":{"background-color":"var(--ast-global-color-5)","background-image":"","background-repeat":"repeat","background-position":"center center","background-size":"auto","background-attachment":"scroll","background-type":"","background-media":"","overlay-type":"","overlay-color":"","overlay-gradient":""},"tablet":{"background-color":"var(--ast-global-color-5)","background-image":"","background-repeat":"repeat","background-position":"center center","background-size":"auto","background-attachment":"scroll","background-type":"","background-media":"","overlay-type":"","overlay-color":"","overlay-gradient":""},"mobile":{"background-color":"var(--ast-global-color-5)","background-image":"","background-repeat":"repeat","background-position":"center center","background-size":"auto","background-attachment":"scroll","background-type":"","background-media":"","overlay-type":"","overlay-color":"","overlay-gradient":""}},"footnotes":""},"categories":[7611,2845,10715],"tags":[46124,169433,52231,29492,54559],"class_list":["post-78871","post","type-post","status-publish","format-standard","hentry","category-organizacion-y-direccion-de-las-instituciones-educativas","category-planificacion-y-financiacion-de-la-educacion","category-sevilla","tag-julian-lopez-yanez","tag-maria-na-altopiedi","tag-maria-rita-sanchez-moreno","tag-marina-tomas-folch","tag-rodriguez-lopez-jose-maria"],"_links":{"self":[{"href":"https:\/\/www.deberes.net\/tesis\/wp-json\/wp\/v2\/posts\/78871","targetHints":{"allow":["GET"]}}],"collection":[{"href":"https:\/\/www.deberes.net\/tesis\/wp-json\/wp\/v2\/posts"}],"about":[{"href":"https:\/\/www.deberes.net\/tesis\/wp-json\/wp\/v2\/types\/post"}],"author":[{"embeddable":true,"href":"https:\/\/www.deberes.net\/tesis\/wp-json\/wp\/v2\/users\/1"}],"replies":[{"embeddable":true,"href":"https:\/\/www.deberes.net\/tesis\/wp-json\/wp\/v2\/comments?post=78871"}],"version-history":[{"count":0,"href":"https:\/\/www.deberes.net\/tesis\/wp-json\/wp\/v2\/posts\/78871\/revisions"}],"wp:attachment":[{"href":"https:\/\/www.deberes.net\/tesis\/wp-json\/wp\/v2\/media?parent=78871"}],"wp:term":[{"taxonomy":"category","embeddable":true,"href":"https:\/\/www.deberes.net\/tesis\/wp-json\/wp\/v2\/categories?post=78871"},{"taxonomy":"post_tag","embeddable":true,"href":"https:\/\/www.deberes.net\/tesis\/wp-json\/wp\/v2\/tags?post=78871"}],"curies":[{"name":"wp","href":"https:\/\/api.w.org\/{rel}","templated":true}]}}