{"id":78872,"date":"2018-03-09T23:24:35","date_gmt":"2018-03-09T23:24:35","guid":{"rendered":"https:\/\/www.deberes.net\/tesis\/sin-categoria\/la-decoracion-arquitectonica-romana-en-valencia\/"},"modified":"2018-03-09T23:24:35","modified_gmt":"2018-03-09T23:24:35","slug":"la-decoracion-arquitectonica-romana-en-valencia","status":"publish","type":"post","link":"https:\/\/www.deberes.net\/tesis\/historia\/la-decoracion-arquitectonica-romana-en-valencia\/","title":{"rendered":"La decoraci\u00f3n arquitectonica romana en Valencia"},"content":{"rendered":"<h2>Tesis doctoral de <strong>  Escriv\u00e1 Chover Mar\u00eda  Isabel <\/strong><\/h2>\n<p>El estudio de la decoraci\u00f3n arquitectonica romana de valentia nos introduce en un \u00e1mbito poco conocido de la decoraci\u00f3n, el de los conjuntos m\u00e1s sobrios y sencillos , aquellos en los que los revestimientos cobran importancia y en los que se advierte las dificultades para adaptarse a los modelos decorativos imperiantes en cada momento.  la catalogaci\u00f3n y calsificaci\u00f3n por elementos de cada una de las 441 piezas localizadas ha servido como base para realizaci\u00f3n de este trabajo.  en una primera fase se ha establecido una clasificaci\u00f3n tipol\u00f3gica para cada uno de los elementos catalogados (basas, fustes, capiteles, cornisas, molduras), lo que ha permitido analizar la evoluci\u00f3n de cada uno de los tipos, la formulaci\u00f3n de subtipos, tanto en roma y su entorno, como en el \u00e1mbito provincial. Todo ello ha permitido estudiar con mayor rigor la forma de difusi\u00f3n de cada tipo, el grado de preparaci\u00f3n de os artesanos que trabajaron en valentia en cada etapa, as\u00ed como  la riqueza y los contactos que mantuvo con su entorno y con otras \u00e1reas del imperio.  en una segunda fase se ha analizado la evoluci\u00f3n de la decoraci\u00f3n arquitectonica en valentia, desde su fundaci\u00f3n en el 138 a. C. Hasta el siglo v d.C. Pasando por la monumentalizaci\u00f3n de finales del siglo i.D.C y principios del siglo ii d. C. Paralelamente se han planteado varias propuestas de restituci\u00f3n de alzados de columnas y\/o pilastrasa, as\u00ed como diversas hip\u00f3tesis sobre su ubicaci\u00f3n inicial.  finalmente se ha realizado una aproximaci\u00f3n a los materiales, canteras y procesos de talla empleados en las piezas catalogadas, lo que ha permitido constatar ciertas pautas en cuanto al aprovisionamiento y a las t\u00e9cnicas de talla utilizadas en los distintos materiales.<\/p>\n<p>&nbsp;<\/p>\n<h3>Datos acad\u00e9micos de la tesis doctoral \u00ab<strong>La decoraci\u00f3n arquitectonica romana en Valencia<\/strong>\u00ab<\/h3>\n<ul>\n<li><strong>T\u00edtulo de la tesis:<\/strong>\u00a0 La decoraci\u00f3n arquitectonica romana en Valencia <\/li>\n<li><strong>Autor:<\/strong>\u00a0  Escriv\u00e1 Chover Mar\u00eda  Isabel <\/li>\n<li><strong>Universidad:<\/strong>\u00a0 Universitat de val\u00e9ncia (estudi general)<\/li>\n<li><strong>Fecha de lectura de la tesis:<\/strong>\u00a0 27\/02\/2006<\/li>\n<\/ul>\n<p>&nbsp;<\/p>\n<h3>Direcci\u00f3n y tribunal<\/h3>\n<ul>\n<li><strong>Director de la tesis<\/strong>\n<ul>\n<li> Jim\u00e9nez Salvador Jos\u00e9 Luis<\/li>\n<\/ul>\n<\/li>\n<li><strong>Tribunal<\/strong>\n<ul>\n<li>Presidente del tribunal: patricio Pensabene perez <\/li>\n<li>Carlos Marquez moreno (vocal)<\/li>\n<li>Jos\u00e9 Luis De la barrera anton (vocal)<\/li>\n<li>sebasti\u00e1n Ramallo asensio (vocal)<\/li>\n<\/ul>\n<\/li>\n<\/ul>\n<p>&nbsp;<\/p>\n","protected":false},"excerpt":{"rendered":"<p>Tesis doctoral de Escriv\u00e1 Chover Mar\u00eda Isabel El estudio de la decoraci\u00f3n arquitectonica romana de valentia nos introduce en un [&hellip;]<\/p>\n","protected":false},"author":1,"featured_media":0,"comment_status":"open","ping_status":"open","sticky":false,"template":"","format":"standard","meta":{"site-sidebar-layout":"default","site-content-layout":"","ast-site-content-layout":"","site-content-style":"default","site-sidebar-style":"default","ast-global-header-display":"","ast-banner-title-visibility":"","ast-main-header-display":"","ast-hfb-above-header-display":"","ast-hfb-below-header-display":"","ast-hfb-mobile-header-display":"","site-post-title":"","ast-breadcrumbs-content":"","ast-featured-img":"","footer-sml-layout":"","theme-transparent-header-meta":"","adv-header-id-meta":"","stick-header-meta":"","header-above-stick-meta":"","header-main-stick-meta":"","header-below-stick-meta":"","astra-migrate-meta-layouts":"default","ast-page-background-enabled":"default","ast-page-background-meta":{"desktop":{"background-color":"var(--ast-global-color-4)","background-image":"","background-repeat":"repeat","background-position":"center center","background-size":"auto","background-attachment":"scroll","background-type":"","background-media":"","overlay-type":"","overlay-color":"","overlay-gradient":""},"tablet":{"background-color":"","background-image":"","background-repeat":"repeat","background-position":"center center","background-size":"auto","background-attachment":"scroll","background-type":"","background-media":"","overlay-type":"","overlay-color":"","overlay-gradient":""},"mobile":{"background-color":"","background-image":"","background-repeat":"repeat","background-position":"center center","background-size":"auto","background-attachment":"scroll","background-type":"","background-media":"","overlay-type":"","overlay-color":"","overlay-gradient":""}},"ast-content-background-meta":{"desktop":{"background-color":"var(--ast-global-color-5)","background-image":"","background-repeat":"repeat","background-position":"center center","background-size":"auto","background-attachment":"scroll","background-type":"","background-media":"","overlay-type":"","overlay-color":"","overlay-gradient":""},"tablet":{"background-color":"var(--ast-global-color-5)","background-image":"","background-repeat":"repeat","background-position":"center center","background-size":"auto","background-attachment":"scroll","background-type":"","background-media":"","overlay-type":"","overlay-color":"","overlay-gradient":""},"mobile":{"background-color":"var(--ast-global-color-5)","background-image":"","background-repeat":"repeat","background-position":"center center","background-size":"auto","background-attachment":"scroll","background-type":"","background-media":"","overlay-type":"","overlay-color":"","overlay-gradient":""}},"footnotes":""},"categories":[1623,1624,104,1745,220,222,2635],"tags":[169436,169434,34754,134182,169435,116414],"class_list":["post-78872","post","type-post","status-publish","format-standard","hentry","category-arqueologia","category-ciencias-auxiliares-de-la-historia","category-historia","category-historia-de-la-arquitectura","category-historia-por-epocas","category-historias-especializadas","category-prehistoria","tag-carlos-marquez-moreno","tag-escriva-chover-maria-isabel","tag-jimenez-salvador-jose-luis","tag-jose-luis-de-la-barrera-anton","tag-patricio-pensabene-perez","tag-sebastian-ramallo-asensio"],"_links":{"self":[{"href":"https:\/\/www.deberes.net\/tesis\/wp-json\/wp\/v2\/posts\/78872","targetHints":{"allow":["GET"]}}],"collection":[{"href":"https:\/\/www.deberes.net\/tesis\/wp-json\/wp\/v2\/posts"}],"about":[{"href":"https:\/\/www.deberes.net\/tesis\/wp-json\/wp\/v2\/types\/post"}],"author":[{"embeddable":true,"href":"https:\/\/www.deberes.net\/tesis\/wp-json\/wp\/v2\/users\/1"}],"replies":[{"embeddable":true,"href":"https:\/\/www.deberes.net\/tesis\/wp-json\/wp\/v2\/comments?post=78872"}],"version-history":[{"count":0,"href":"https:\/\/www.deberes.net\/tesis\/wp-json\/wp\/v2\/posts\/78872\/revisions"}],"wp:attachment":[{"href":"https:\/\/www.deberes.net\/tesis\/wp-json\/wp\/v2\/media?parent=78872"}],"wp:term":[{"taxonomy":"category","embeddable":true,"href":"https:\/\/www.deberes.net\/tesis\/wp-json\/wp\/v2\/categories?post=78872"},{"taxonomy":"post_tag","embeddable":true,"href":"https:\/\/www.deberes.net\/tesis\/wp-json\/wp\/v2\/tags?post=78872"}],"curies":[{"name":"wp","href":"https:\/\/api.w.org\/{rel}","templated":true}]}}