{"id":78875,"date":"2018-03-09T23:24:35","date_gmt":"2018-03-09T23:24:35","guid":{"rendered":"https:\/\/www.deberes.net\/tesis\/sin-categoria\/desarrollo-de-un-instrumento-para-la-valoracion-del-dolor-en-personas-con-trastorno-cognitivo-grave-la-escala-de-evaluacion-del-dolor-en-ancianos-con-demencia-edad\/"},"modified":"2018-03-09T23:24:35","modified_gmt":"2018-03-09T23:24:35","slug":"desarrollo-de-un-instrumento-para-la-valoracion-del-dolor-en-personas-con-trastorno-cognitivo-grave-la-escala-de-evaluacion-del-dolor-en-ancianos-con-demencia-edad","status":"publish","type":"post","link":"https:\/\/www.deberes.net\/tesis\/psicologia-general\/desarrollo-de-un-instrumento-para-la-valoracion-del-dolor-en-personas-con-trastorno-cognitivo-grave-la-escala-de-evaluacion-del-dolor-en-ancianos-con-demencia-edad\/","title":{"rendered":"Desarrollo de un instrumento para la valoraci\u00f3n del dolor en personas con trastorno cognitivo grave: la escala de evaluaci\u00f3n del dolor en ancianos con demencia (edad)"},"content":{"rendered":"<h2>Tesis doctoral de <strong> Rosa Baeza Lanuza <\/strong><\/h2>\n<p>En este estudio se elabor\u00f3 una escala observacional para la evaluaci\u00f3n del dolor en pacientes con d\u00e9ficit cognitivo grave, espec\u00edficamente ancianos con demencia. para escoger los \u00edtems se parti\u00f3 de un estudio delphi realizado en profesionales sanitarios con experiencia en el cuidado de estos pacientes. Despu\u00e9s se procedi\u00f3 a la selecci\u00f3n de los \u00edtems a trav\u00e9s de diversos estudios de an\u00e1lisis factorial. Se determin\u00f3 la validez y la fiabilidad del instrumento mediante su empleo en diferentes situaciones experimentales, as\u00ed como el punto de corte para diagnosticar dolor mediante curvas roc. Finalmente, se estableci\u00f3 su sensibilidad para detectar cambios en la intensidad del dolor en modelos de dolor agudo y cr\u00f3nico. Se concluy\u00f3 que la escala edad, construida con ocho \u00edtems observacionales, es un instrumento v\u00e1lido, fiable, comprensible y sensible para evaluar el dolor en pacientes con d\u00e9ficit grave que impide su comunicaci\u00f3n a los cuidadores.<\/p>\n<p>&nbsp;<\/p>\n<h3>Datos acad\u00e9micos de la tesis doctoral \u00ab<strong>Desarrollo de un instrumento para la valoraci\u00f3n del dolor en personas con trastorno cognitivo grave: la escala de evaluaci\u00f3n del dolor en ancianos con demencia (edad)<\/strong>\u00ab<\/h3>\n<ul>\n<li><strong>T\u00edtulo de la tesis:<\/strong>\u00a0 Desarrollo de un instrumento para la valoraci\u00f3n del dolor en personas con trastorno cognitivo grave: la escala de evaluaci\u00f3n del dolor en ancianos con demencia (edad) <\/li>\n<li><strong>Autor:<\/strong>\u00a0 Rosa Baeza Lanuza <\/li>\n<li><strong>Universidad:<\/strong>\u00a0 Aut\u00f3noma de barcelona<\/li>\n<li><strong>Fecha de lectura de la tesis:<\/strong>\u00a0 27\/02\/2006<\/li>\n<\/ul>\n<p>&nbsp;<\/p>\n<h3>Direcci\u00f3n y tribunal<\/h3>\n<ul>\n<li><strong>Director de la tesis<\/strong>\n<ul>\n<li>Josep Eladi Ba\u00f1os Diez<\/li>\n<\/ul>\n<\/li>\n<li><strong>Tribunal<\/strong>\n<ul>\n<li>Presidente del tribunal: Jorge P\u00e9rez sanchez <\/li>\n<li>Manuel Vald\u00e9s minyar (vocal)<\/li>\n<li>jordi Mir\u00f3 mart\u00ednez (vocal)<\/li>\n<li>  (vocal)<\/li>\n<\/ul>\n<\/li>\n<\/ul>\n<p>&nbsp;<\/p>\n","protected":false},"excerpt":{"rendered":"<p>Tesis doctoral de Rosa Baeza Lanuza En este estudio se elabor\u00f3 una escala observacional para la evaluaci\u00f3n del dolor en [&hellip;]<\/p>\n","protected":false},"author":1,"featured_media":0,"comment_status":"open","ping_status":"open","sticky":false,"template":"","format":"standard","meta":{"site-sidebar-layout":"default","site-content-layout":"","ast-site-content-layout":"","site-content-style":"default","site-sidebar-style":"default","ast-global-header-display":"","ast-banner-title-visibility":"","ast-main-header-display":"","ast-hfb-above-header-display":"","ast-hfb-below-header-display":"","ast-hfb-mobile-header-display":"","site-post-title":"","ast-breadcrumbs-content":"","ast-featured-img":"","footer-sml-layout":"","theme-transparent-header-meta":"","adv-header-id-meta":"","stick-header-meta":"","header-above-stick-meta":"","header-main-stick-meta":"","header-below-stick-meta":"","astra-migrate-meta-layouts":"default","ast-page-background-enabled":"default","ast-page-background-meta":{"desktop":{"background-color":"var(--ast-global-color-4)","background-image":"","background-repeat":"repeat","background-position":"center center","background-size":"auto","background-attachment":"scroll","background-type":"","background-media":"","overlay-type":"","overlay-color":"","overlay-gradient":""},"tablet":{"background-color":"","background-image":"","background-repeat":"repeat","background-position":"center center","background-size":"auto","background-attachment":"scroll","background-type":"","background-media":"","overlay-type":"","overlay-color":"","overlay-gradient":""},"mobile":{"background-color":"","background-image":"","background-repeat":"repeat","background-position":"center center","background-size":"auto","background-attachment":"scroll","background-type":"","background-media":"","overlay-type":"","overlay-color":"","overlay-gradient":""}},"ast-content-background-meta":{"desktop":{"background-color":"var(--ast-global-color-5)","background-image":"","background-repeat":"repeat","background-position":"center center","background-size":"auto","background-attachment":"scroll","background-type":"","background-media":"","overlay-type":"","overlay-color":"","overlay-gradient":""},"tablet":{"background-color":"var(--ast-global-color-5)","background-image":"","background-repeat":"repeat","background-position":"center center","background-size":"auto","background-attachment":"scroll","background-type":"","background-media":"","overlay-type":"","overlay-color":"","overlay-gradient":""},"mobile":{"background-color":"var(--ast-global-color-5)","background-image":"","background-repeat":"repeat","background-position":"center center","background-size":"auto","background-attachment":"scroll","background-type":"","background-media":"","overlay-type":"","overlay-color":"","overlay-gradient":""}},"footnotes":""},"categories":[1175,25911,440,1408],"tags":[14049,29344,6259,169443,169442],"class_list":["post-78875","post","type-post","status-publish","format-standard","hentry","category-evaluacion-y-diagnostico-en-psicologia","category-medicina-paliativa","category-psicologia-general","category-psiquiatria","tag-jordi-miro-Martinez","tag-jorge-perez-sanchez","tag-josep-eladi-banos-diez","tag-manuel-valdes-minyar","tag-rosa-baeza-lanuza"],"_links":{"self":[{"href":"https:\/\/www.deberes.net\/tesis\/wp-json\/wp\/v2\/posts\/78875","targetHints":{"allow":["GET"]}}],"collection":[{"href":"https:\/\/www.deberes.net\/tesis\/wp-json\/wp\/v2\/posts"}],"about":[{"href":"https:\/\/www.deberes.net\/tesis\/wp-json\/wp\/v2\/types\/post"}],"author":[{"embeddable":true,"href":"https:\/\/www.deberes.net\/tesis\/wp-json\/wp\/v2\/users\/1"}],"replies":[{"embeddable":true,"href":"https:\/\/www.deberes.net\/tesis\/wp-json\/wp\/v2\/comments?post=78875"}],"version-history":[{"count":0,"href":"https:\/\/www.deberes.net\/tesis\/wp-json\/wp\/v2\/posts\/78875\/revisions"}],"wp:attachment":[{"href":"https:\/\/www.deberes.net\/tesis\/wp-json\/wp\/v2\/media?parent=78875"}],"wp:term":[{"taxonomy":"category","embeddable":true,"href":"https:\/\/www.deberes.net\/tesis\/wp-json\/wp\/v2\/categories?post=78875"},{"taxonomy":"post_tag","embeddable":true,"href":"https:\/\/www.deberes.net\/tesis\/wp-json\/wp\/v2\/tags?post=78875"}],"curies":[{"name":"wp","href":"https:\/\/api.w.org\/{rel}","templated":true}]}}