{"id":78902,"date":"2006-02-03T00:00:00","date_gmt":"2006-02-03T00:00:00","guid":{"rendered":"https:\/\/www.deberes.net\/tesis\/sin-categoria\/variabilidad-genetica-espacial-y-ecologa%c2%ada-molecular-de-apis-mellifera-iberiensis-engel-1999\/"},"modified":"2006-02-03T00:00:00","modified_gmt":"2006-02-03T00:00:00","slug":"variabilidad-genetica-espacial-y-ecologa%c2%ada-molecular-de-apis-mellifera-iberiensis-engel-1999","status":"publish","type":"post","link":"https:\/\/www.deberes.net\/tesis\/ciencias-de-la-vida\/variabilidad-genetica-espacial-y-ecologa%c2%ada-molecular-de-apis-mellifera-iberiensis-engel-1999\/","title":{"rendered":"Variabilidad gen\u00e9tica espacial y ecolog\u00eda molecular de apis mellifera iberiensis engel, 1999"},"content":{"rendered":"<h2>Tesis doctoral de <strong> Fernando C\u00e1novas Garc\u00eda <\/strong><\/h2>\n<p>Los trabajos sobre la abeja de la miel (apis mellifera l.) Basados en marcadores morfom\u00e9tricos y gen\u00e9ticos, sugieren la existencia de cinco linajes evolutivos. la pen\u00ednsula ib\u00e9rica es la zona de contacto entre dos de estos linajes y se reconoce la presencia de una subespecie particular: apis mellifera iberiensis (engel, 1999). Se le atribuye un origen h\u00edbrido entre las subespecies a. M. Intermissa perteneciente al linaje evolutivo a, del norte de \u00e1frica, y a. M. Mellifera, perteneciente al linaje evolutivo m, presente en la zona sur-occidental europea. Conforme a la hip\u00f3tesis planteada, dicha subespecie presenta caracter\u00edsticas h\u00edbridas en la composici\u00f3n del adn mitocondrial, mostrando un gradiente de mezcla con direcci\u00f3n sudoeste-noreste. La zona noroeste peninsular revela una brusca transici\u00f3n entre linajes que se produce en unos pocos kil\u00f3metros, a diferencia de lo que sucede en la zona mediterr\u00e1nea, donde la transici\u00f3n se presenta en varios cientos de kil\u00f3metros. Los resultados indican que la distribuci\u00f3n geogr\u00e1fica de los haplotipos mitocondriales es compleja y refleja una v\u00eda de dispersi\u00f3n del linaje africano a por el oeste peninsular. Por su parte, el patr\u00f3n de distribuci\u00f3n del linaje europeo m parece estar relacionado con la existencia de uno o m\u00e1s refugios en la pen\u00ednsula ib\u00e9rica durante el \u00faltimo periodo glacial. El uso de los modelos utilizados para la predicci\u00f3n de distribuciones de especies, basados en las preferencias ambientales de las mismas, muestran una gran tolerancia ambiental del linaje a y una relaci\u00f3n con ambientes frecuentes en las costas del atl\u00e1ntico, las zonas centro y sur de la pen\u00ednsula ib\u00e9rica y la zona sur del levante. El linaje mitocondrial m muestra preferencias por ambientes m\u00e1s fr\u00edos y h\u00famedos, propios de zonas m\u00e1s septentrionales y continentales de la pen\u00ednsula ib\u00e9rica. Para este proceso se elabor\u00f3 informaci\u00f3n clim\u00e1tica \u00f3ptima, obtenida mediante diferentes m\u00e9todos<\/p>\n<p>&nbsp;<\/p>\n<h3>Datos acad\u00e9micos de la tesis doctoral \u00ab<strong>Variabilidad gen\u00e9tica espacial y ecolog\u00eda molecular de apis mellifera iberiensis engel, 1999<\/strong>\u00ab<\/h3>\n<ul>\n<li><strong>T\u00edtulo de la tesis:<\/strong>\u00a0 Variabilidad gen\u00e9tica espacial y ecolog\u00eda molecular de apis mellifera iberiensis engel, 1999 <\/li>\n<li><strong>Autor:<\/strong>\u00a0 Fernando C\u00e1novas Garc\u00eda <\/li>\n<li><strong>Universidad:<\/strong>\u00a0 Murcia<\/li>\n<li><strong>Fecha de lectura de la tesis:<\/strong>\u00a0 02\/03\/2006<\/li>\n<\/ul>\n<p>&nbsp;<\/p>\n<h3>Direcci\u00f3n y tribunal<\/h3>\n<ul>\n<li><strong>Director de la tesis<\/strong>\n<ul>\n<li>Jose Serrano Marino<\/li>\n<\/ul>\n<\/li>\n<li><strong>Tribunal<\/strong>\n<ul>\n<li>Presidente del tribunal: Francisco Padilla \u00e1lvarez <\/li>\n<li>Antonio  Jos\u00e9 Rouco ya\u00f1ez (vocal)<\/li>\n<li>Jos\u00e9 Antonio Palazon ferrando (vocal)<\/li>\n<li>Jes\u00fas Martinez llorente (vocal)<\/li>\n<\/ul>\n<\/li>\n<\/ul>\n<p>&nbsp;<\/p>\n","protected":false},"excerpt":{"rendered":"<p>Tesis doctoral de Fernando C\u00e1novas Garc\u00eda Los trabajos sobre la abeja de la miel (apis mellifera l.) Basados en marcadores [&hellip;]<\/p>\n","protected":false},"author":1,"featured_media":0,"comment_status":"open","ping_status":"open","sticky":false,"template":"","format":"standard","meta":{"site-sidebar-layout":"default","site-content-layout":"","ast-site-content-layout":"","site-content-style":"default","site-sidebar-style":"default","ast-global-header-display":"","ast-banner-title-visibility":"","ast-main-header-display":"","ast-hfb-above-header-display":"","ast-hfb-below-header-display":"","ast-hfb-mobile-header-display":"","site-post-title":"","ast-breadcrumbs-content":"","ast-featured-img":"","footer-sml-layout":"","theme-transparent-header-meta":"","adv-header-id-meta":"","stick-header-meta":"","header-above-stick-meta":"","header-main-stick-meta":"","header-below-stick-meta":"","astra-migrate-meta-layouts":"default","ast-page-background-enabled":"default","ast-page-background-meta":{"desktop":{"background-color":"var(--ast-global-color-4)","background-image":"","background-repeat":"repeat","background-position":"center center","background-size":"auto","background-attachment":"scroll","background-type":"","background-media":"","overlay-type":"","overlay-color":"","overlay-gradient":""},"tablet":{"background-color":"","background-image":"","background-repeat":"repeat","background-position":"center center","background-size":"auto","background-attachment":"scroll","background-type":"","background-media":"","overlay-type":"","overlay-color":"","overlay-gradient":""},"mobile":{"background-color":"","background-image":"","background-repeat":"repeat","background-position":"center center","background-size":"auto","background-attachment":"scroll","background-type":"","background-media":"","overlay-type":"","overlay-color":"","overlay-gradient":""}},"ast-content-background-meta":{"desktop":{"background-color":"var(--ast-global-color-5)","background-image":"","background-repeat":"repeat","background-position":"center center","background-size":"auto","background-attachment":"scroll","background-type":"","background-media":"","overlay-type":"","overlay-color":"","overlay-gradient":""},"tablet":{"background-color":"var(--ast-global-color-5)","background-image":"","background-repeat":"repeat","background-position":"center center","background-size":"auto","background-attachment":"scroll","background-type":"","background-media":"","overlay-type":"","overlay-color":"","overlay-gradient":""},"mobile":{"background-color":"var(--ast-global-color-5)","background-image":"","background-repeat":"repeat","background-position":"center center","background-size":"auto","background-attachment":"scroll","background-type":"","background-media":"","overlay-type":"","overlay-color":"","overlay-gradient":""}},"footnotes":""},"categories":[9655,494,35,976,2119,8235,1946,226],"tags":[2159,169495,103377,169497,169496,15400],"class_list":["post-78902","post","type-post","status-publish","format-standard","hentry","category-apicultura","category-ciencias-agrarias","category-ciencias-de-la-vida","category-ecologia-animal","category-genetica-animal","category-murcia","category-produccion-animal","category-zoologia","tag-antonio-jose-rouco-yanez","tag-fernando-canovas-garcia","tag-francisco-padilla-alvarez","tag-jesus-Martinez-llorente","tag-jose-antonio-palazon-ferrando","tag-jose-serrano-marino"],"_links":{"self":[{"href":"https:\/\/www.deberes.net\/tesis\/wp-json\/wp\/v2\/posts\/78902","targetHints":{"allow":["GET"]}}],"collection":[{"href":"https:\/\/www.deberes.net\/tesis\/wp-json\/wp\/v2\/posts"}],"about":[{"href":"https:\/\/www.deberes.net\/tesis\/wp-json\/wp\/v2\/types\/post"}],"author":[{"embeddable":true,"href":"https:\/\/www.deberes.net\/tesis\/wp-json\/wp\/v2\/users\/1"}],"replies":[{"embeddable":true,"href":"https:\/\/www.deberes.net\/tesis\/wp-json\/wp\/v2\/comments?post=78902"}],"version-history":[{"count":0,"href":"https:\/\/www.deberes.net\/tesis\/wp-json\/wp\/v2\/posts\/78902\/revisions"}],"wp:attachment":[{"href":"https:\/\/www.deberes.net\/tesis\/wp-json\/wp\/v2\/media?parent=78902"}],"wp:term":[{"taxonomy":"category","embeddable":true,"href":"https:\/\/www.deberes.net\/tesis\/wp-json\/wp\/v2\/categories?post=78902"},{"taxonomy":"post_tag","embeddable":true,"href":"https:\/\/www.deberes.net\/tesis\/wp-json\/wp\/v2\/tags?post=78902"}],"curies":[{"name":"wp","href":"https:\/\/api.w.org\/{rel}","templated":true}]}}