{"id":78919,"date":"2006-03-03T00:00:00","date_gmt":"2006-03-03T00:00:00","guid":{"rendered":"https:\/\/www.deberes.net\/tesis\/sin-categoria\/la-incidencia-economica-de-las-cotizaciones-sociales-y-el-mercado-de-trabajo-en-espana\/"},"modified":"2006-03-03T00:00:00","modified_gmt":"2006-03-03T00:00:00","slug":"la-incidencia-economica-de-las-cotizaciones-sociales-y-el-mercado-de-trabajo-en-espana","status":"publish","type":"post","link":"https:\/\/www.deberes.net\/tesis\/teoria-y-modelos-de-empleo\/la-incidencia-economica-de-las-cotizaciones-sociales-y-el-mercado-de-trabajo-en-espana\/","title":{"rendered":"La incidencia econ\u00f3mica de las cotizaciones sociales y el mercado de trabajo en espa\u00f1a"},"content":{"rendered":"<h2>Tesis doctoral de <strong> \u00e1ngel Melguizo Esteso <\/strong><\/h2>\n<p>La tesis analiza la incidencia econ\u00f3mica de las cotizaciones sociales, esto es, quien soporta efectivamente dicha carga impositiva y cuales son sus efectos econ\u00f3micos sobre la evoluci\u00f3n del los precios, de los salarios y del desempleo en espa\u00f1a, durante el per\u00edodo 1964-2001.     para ello, se revisa el sistema institucional en el que se enmarcan las cotizaciones sociales; el mercado de trabajo, el sistema de seguridad social y el sistema fiscal. adem\u00e1s, se realiza un an\u00e1lisis exhaustivo de la teor\u00eda econ\u00f3mica aplicada al caso de la incidencia de las cotizaciones sociales, tanto en un contexto de mercado de trabajo competitivo, como no competitivo, consider\u00e1ndose la existencia de un salario m\u00ednimo o de la percepci\u00f3n de la vinculaci\u00f3n entre las cotizaciones y las pensiones. asimismo, se estudia la literatura emp\u00edrica nacional e internacional sobre la contribuci\u00f3n de la fiscalizada laboral, y espec\u00edficamente de las cotizaciones sociales a cargo del empleador, a la evoluci\u00f3n de los precios, de los salarios y del desempleo.     sobre la base de estos contenidos te\u00f3ricos y aplicados, se presenta una investigaci\u00f3n emp\u00edrica original de estimaci\u00f3n de la incidencia econ\u00f3mica de las cotizaciones sociales en espa\u00f1a, para el per\u00edodo 1964-2001. Ello se realiza por medio de dos v\u00edas. en primer lugar, se obtiene una estimaci\u00f3n directa de la ley de okun para el conjunto de la econom\u00eda.  en segundo lugar, se estima un sistema de dos ecuaciones, precios y costes laborales unitarios nominales para el mercado de trabajo de los asalariados privados, en las cuales se contrasta la significatividad de las cotizaciones tanto en el corto plazo como en el largo plazo,. En el largo plazo, los resultados se\u00f1alan que, durante el per\u00edodo 1964-2001, las empresas espa\u00f1olas en su conjun6to han soportado, por medio de menos beneficios o menores dividendos, de manera plena la fiscalidad laboral, y, dentro de ella, las cotizaciones sociales empresariales.<\/p>\n<p>&nbsp;<\/p>\n<h3>Datos acad\u00e9micos de la tesis doctoral \u00ab<strong>La incidencia econ\u00f3mica de las cotizaciones sociales y el mercado de trabajo en espa\u00f1a<\/strong>\u00ab<\/h3>\n<ul>\n<li><strong>T\u00edtulo de la tesis:<\/strong>\u00a0 La incidencia econ\u00f3mica de las cotizaciones sociales y el mercado de trabajo en espa\u00f1a <\/li>\n<li><strong>Autor:<\/strong>\u00a0 \u00e1ngel Melguizo Esteso <\/li>\n<li><strong>Universidad:<\/strong>\u00a0 Complutense de Madrid<\/li>\n<li><strong>Fecha de lectura de la tesis:<\/strong>\u00a0 03\/03\/2006<\/li>\n<\/ul>\n<p>&nbsp;<\/p>\n<h3>Direcci\u00f3n y tribunal<\/h3>\n<ul>\n<li><strong>Director de la tesis<\/strong>\n<ul>\n<li>Jos\u00e9 Manuel Gonzalez Paramo Martinez Murillo<\/li>\n<\/ul>\n<\/li>\n<li><strong>Tribunal<\/strong>\n<ul>\n<li>Presidente del tribunal: emilio Albi iba\u00f1ez <\/li>\n<li>david Taguas coejo (vocal)<\/li>\n<li>isabel Argimon maza (vocal)<\/li>\n<li>Rafael Dom\u00e9nech vilari\u00f1o (vocal)<\/li>\n<\/ul>\n<\/li>\n<\/ul>\n<p>&nbsp;<\/p>\n","protected":false},"excerpt":{"rendered":"<p>Tesis doctoral de \u00e1ngel Melguizo Esteso La tesis analiza la incidencia econ\u00f3mica de las cotizaciones sociales, esto es, quien soporta [&hellip;]<\/p>\n","protected":false},"author":1,"featured_media":0,"comment_status":"open","ping_status":"open","sticky":false,"template":"","format":"standard","meta":{"site-sidebar-layout":"default","site-content-layout":"","ast-site-content-layout":"","site-content-style":"default","site-sidebar-style":"default","ast-global-header-display":"","ast-banner-title-visibility":"","ast-main-header-display":"","ast-hfb-above-header-display":"","ast-hfb-below-header-display":"","ast-hfb-mobile-header-display":"","site-post-title":"","ast-breadcrumbs-content":"","ast-featured-img":"","footer-sml-layout":"","theme-transparent-header-meta":"","adv-header-id-meta":"","stick-header-meta":"","header-above-stick-meta":"","header-main-stick-meta":"","header-below-stick-meta":"","astra-migrate-meta-layouts":"default","ast-page-background-enabled":"default","ast-page-background-meta":{"desktop":{"background-color":"var(--ast-global-color-4)","background-image":"","background-repeat":"repeat","background-position":"center center","background-size":"auto","background-attachment":"scroll","background-type":"","background-media":"","overlay-type":"","overlay-color":"","overlay-gradient":""},"tablet":{"background-color":"","background-image":"","background-repeat":"repeat","background-position":"center center","background-size":"auto","background-attachment":"scroll","background-type":"","background-media":"","overlay-type":"","overlay-color":"","overlay-gradient":""},"mobile":{"background-color":"","background-image":"","background-repeat":"repeat","background-position":"center center","background-size":"auto","background-attachment":"scroll","background-type":"","background-media":"","overlay-type":"","overlay-color":"","overlay-gradient":""}},"ast-content-background-meta":{"desktop":{"background-color":"var(--ast-global-color-5)","background-image":"","background-repeat":"repeat","background-position":"center center","background-size":"auto","background-attachment":"scroll","background-type":"","background-media":"","overlay-type":"","overlay-color":"","overlay-gradient":""},"tablet":{"background-color":"var(--ast-global-color-5)","background-image":"","background-repeat":"repeat","background-position":"center center","background-size":"auto","background-attachment":"scroll","background-type":"","background-media":"","overlay-type":"","overlay-color":"","overlay-gradient":""},"mobile":{"background-color":"var(--ast-global-color-5)","background-image":"","background-repeat":"repeat","background-position":"center center","background-size":"auto","background-attachment":"scroll","background-type":"","background-media":"","overlay-type":"","overlay-color":"","overlay-gradient":""}},"footnotes":""},"categories":[6837,20320,16831,4725],"tags":[169523,38794,6840,36208,6843,45892],"class_list":["post-78919","post","type-post","status-publish","format-standard","hentry","category-politica-fiscal-y-deuda-publica","category-teoria-fiscal","category-teoria-macroeconomica","category-teoria-y-modelos-de-empleo","tag-angel-melguizo-esteso","tag-david-taguas-coejo","tag-emilio-albi-ibanez","tag-isabel-argimon-maza","tag-jose-manuel-gonzalez-paramo-Martinez-murillo","tag-rafael-domenech-vilarino"],"_links":{"self":[{"href":"https:\/\/www.deberes.net\/tesis\/wp-json\/wp\/v2\/posts\/78919","targetHints":{"allow":["GET"]}}],"collection":[{"href":"https:\/\/www.deberes.net\/tesis\/wp-json\/wp\/v2\/posts"}],"about":[{"href":"https:\/\/www.deberes.net\/tesis\/wp-json\/wp\/v2\/types\/post"}],"author":[{"embeddable":true,"href":"https:\/\/www.deberes.net\/tesis\/wp-json\/wp\/v2\/users\/1"}],"replies":[{"embeddable":true,"href":"https:\/\/www.deberes.net\/tesis\/wp-json\/wp\/v2\/comments?post=78919"}],"version-history":[{"count":0,"href":"https:\/\/www.deberes.net\/tesis\/wp-json\/wp\/v2\/posts\/78919\/revisions"}],"wp:attachment":[{"href":"https:\/\/www.deberes.net\/tesis\/wp-json\/wp\/v2\/media?parent=78919"}],"wp:term":[{"taxonomy":"category","embeddable":true,"href":"https:\/\/www.deberes.net\/tesis\/wp-json\/wp\/v2\/categories?post=78919"},{"taxonomy":"post_tag","embeddable":true,"href":"https:\/\/www.deberes.net\/tesis\/wp-json\/wp\/v2\/tags?post=78919"}],"curies":[{"name":"wp","href":"https:\/\/api.w.org\/{rel}","templated":true}]}}