{"id":78936,"date":"2006-03-03T00:00:00","date_gmt":"2006-03-03T00:00:00","guid":{"rendered":"https:\/\/www.deberes.net\/tesis\/sin-categoria\/el-movimiento-juvenil-vasco-sujeto-activo-en-los-procesos-de-transformacion-popular-1990-2000\/"},"modified":"2006-03-03T00:00:00","modified_gmt":"2006-03-03T00:00:00","slug":"el-movimiento-juvenil-vasco-sujeto-activo-en-los-procesos-de-transformacion-popular-1990-2000","status":"publish","type":"post","link":"https:\/\/www.deberes.net\/tesis\/grupos-sociales\/el-movimiento-juvenil-vasco-sujeto-activo-en-los-procesos-de-transformacion-popular-1990-2000\/","title":{"rendered":"El movimiento juvenil vasco: sujeto activo en los procesos de transformaci\u00f3n popular, 1990-2000"},"content":{"rendered":"<h2>Tesis doctoral de <strong> Aitzol Loyola Idiaquez <\/strong><\/h2>\n<p>La presente tesis doctoral es un an\u00e1lisis sociol\u00f3gico del movimiento juvenil vasco de la d\u00e9cada de los noventa del siglo xx, como sujeto activo en la construcci\u00f3n cotidiana de la realidad social vasca, participando e impulsando diferentes din\u00e1micas colectivas de transformaci\u00f3n social de car\u00e1cter, en esencia, popular.     en concreto se analizan tres din\u00e1micas fundamentales en que se expresa el movimiento juvenil en el per\u00edodo de tiempo delimitado, le\u00e1se din\u00e1mica a favor de la insumisi\u00f3n de la conscripci\u00f3n militar y civil, a favor de los centros sociales juveniles autogestionados y a favor del derecho a un empleo en condiciones dignas y contra la exclusi\u00f3n y precariedad laboral &#8211; concretando sus rasgos definitorios principales y se\u00f1alando, por extensi\u00f3n, las caracter\u00edsticas particulares que confieren al movimiento juvenil una identidad propia.     la conclusi\u00f3n principal de la investigaic\u00f3n es la verificaci\u00f3n de la hip\u00f3tesis principal del trabajo de que, en esencia, constituye un movimiento social de car\u00e1cter popular.<\/p>\n<p>&nbsp;<\/p>\n<h3>Datos acad\u00e9micos de la tesis doctoral \u00ab<strong>El movimiento juvenil vasco: sujeto activo en los procesos de transformaci\u00f3n popular, 1990-2000<\/strong>\u00ab<\/h3>\n<ul>\n<li><strong>T\u00edtulo de la tesis:<\/strong>\u00a0 El movimiento juvenil vasco: sujeto activo en los procesos de transformaci\u00f3n popular, 1990-2000 <\/li>\n<li><strong>Autor:<\/strong>\u00a0 Aitzol Loyola Idiaquez <\/li>\n<li><strong>Universidad:<\/strong>\u00a0 Pa\u00eds vasco\/euskal herriko unibertsitatea<\/li>\n<li><strong>Fecha de lectura de la tesis:<\/strong>\u00a0 03\/03\/2006<\/li>\n<\/ul>\n<p>&nbsp;<\/p>\n<h3>Direcci\u00f3n y tribunal<\/h3>\n<ul>\n<li><strong>Director de la tesis<\/strong>\n<ul>\n<li>Domingo Ciluaga Arrate<\/li>\n<\/ul>\n<\/li>\n<li><strong>Tribunal<\/strong>\n<ul>\n<li>Presidente del tribunal: Francisco Aldecoa luzarraga <\/li>\n<li>julen Zabalo bilbao (vocal)<\/li>\n<li>Jaime Pastor verd\u00fa (vocal)<\/li>\n<li>Carlos Vilches plaza (vocal)<\/li>\n<\/ul>\n<\/li>\n<\/ul>\n<p>&nbsp;<\/p>\n","protected":false},"excerpt":{"rendered":"<p>Tesis doctoral de Aitzol Loyola Idiaquez La presente tesis doctoral es un an\u00e1lisis sociol\u00f3gico del movimiento juvenil vasco de la [&hellip;]<\/p>\n","protected":false},"author":1,"featured_media":0,"comment_status":"open","ping_status":"open","sticky":false,"template":"","format":"standard","meta":{"site-sidebar-layout":"default","site-content-layout":"","ast-site-content-layout":"","site-content-style":"default","site-sidebar-style":"default","ast-global-header-display":"","ast-banner-title-visibility":"","ast-main-header-display":"","ast-hfb-above-header-display":"","ast-hfb-below-header-display":"","ast-hfb-mobile-header-display":"","site-post-title":"","ast-breadcrumbs-content":"","ast-featured-img":"","footer-sml-layout":"","theme-transparent-header-meta":"","adv-header-id-meta":"","stick-header-meta":"","header-above-stick-meta":"","header-main-stick-meta":"","header-below-stick-meta":"","astra-migrate-meta-layouts":"default","ast-page-background-enabled":"default","ast-page-background-meta":{"desktop":{"background-color":"var(--ast-global-color-4)","background-image":"","background-repeat":"repeat","background-position":"center center","background-size":"auto","background-attachment":"scroll","background-type":"","background-media":"","overlay-type":"","overlay-color":"","overlay-gradient":""},"tablet":{"background-color":"","background-image":"","background-repeat":"repeat","background-position":"center center","background-size":"auto","background-attachment":"scroll","background-type":"","background-media":"","overlay-type":"","overlay-color":"","overlay-gradient":""},"mobile":{"background-color":"","background-image":"","background-repeat":"repeat","background-position":"center center","background-size":"auto","background-attachment":"scroll","background-type":"","background-media":"","overlay-type":"","overlay-color":"","overlay-gradient":""}},"ast-content-background-meta":{"desktop":{"background-color":"var(--ast-global-color-5)","background-image":"","background-repeat":"repeat","background-position":"center center","background-size":"auto","background-attachment":"scroll","background-type":"","background-media":"","overlay-type":"","overlay-color":"","overlay-gradient":""},"tablet":{"background-color":"var(--ast-global-color-5)","background-image":"","background-repeat":"repeat","background-position":"center center","background-size":"auto","background-attachment":"scroll","background-type":"","background-media":"","overlay-type":"","overlay-color":"","overlay-gradient":""},"mobile":{"background-color":"var(--ast-global-color-5)","background-image":"","background-repeat":"repeat","background-position":"center center","background-size":"auto","background-attachment":"scroll","background-type":"","background-media":"","overlay-type":"","overlay-color":"","overlay-gradient":""}},"footnotes":""},"categories":[291,12909],"tags":[169555,62147,169556,4621,10046,169557],"class_list":["post-78936","post","type-post","status-publish","format-standard","hentry","category-grupos-sociales","category-pais-vasco-euskal-herriko-unibertsitatea","tag-aitzol-loyola-idiaquez","tag-carlos-vilches-plaza","tag-domingo-ciluaga-arrate","tag-francisco-aldecoa-luzarraga","tag-jaime-pastor-verdu","tag-julen-zabalo-bilbao"],"_links":{"self":[{"href":"https:\/\/www.deberes.net\/tesis\/wp-json\/wp\/v2\/posts\/78936","targetHints":{"allow":["GET"]}}],"collection":[{"href":"https:\/\/www.deberes.net\/tesis\/wp-json\/wp\/v2\/posts"}],"about":[{"href":"https:\/\/www.deberes.net\/tesis\/wp-json\/wp\/v2\/types\/post"}],"author":[{"embeddable":true,"href":"https:\/\/www.deberes.net\/tesis\/wp-json\/wp\/v2\/users\/1"}],"replies":[{"embeddable":true,"href":"https:\/\/www.deberes.net\/tesis\/wp-json\/wp\/v2\/comments?post=78936"}],"version-history":[{"count":0,"href":"https:\/\/www.deberes.net\/tesis\/wp-json\/wp\/v2\/posts\/78936\/revisions"}],"wp:attachment":[{"href":"https:\/\/www.deberes.net\/tesis\/wp-json\/wp\/v2\/media?parent=78936"}],"wp:term":[{"taxonomy":"category","embeddable":true,"href":"https:\/\/www.deberes.net\/tesis\/wp-json\/wp\/v2\/categories?post=78936"},{"taxonomy":"post_tag","embeddable":true,"href":"https:\/\/www.deberes.net\/tesis\/wp-json\/wp\/v2\/tags?post=78936"}],"curies":[{"name":"wp","href":"https:\/\/api.w.org\/{rel}","templated":true}]}}