{"id":78954,"date":"2006-03-03T00:00:00","date_gmt":"2006-03-03T00:00:00","guid":{"rendered":"https:\/\/www.deberes.net\/tesis\/sin-categoria\/el-estado-de-derecho-en-la-filosofia-juridico-politica-elias-diaz-ante-el-debate-contemporaneo\/"},"modified":"2006-03-03T00:00:00","modified_gmt":"2006-03-03T00:00:00","slug":"el-estado-de-derecho-en-la-filosofia-juridico-politica-elias-diaz-ante-el-debate-contemporaneo","status":"publish","type":"post","link":"https:\/\/www.deberes.net\/tesis\/filosofia-de-las-ciencias-sociales\/el-estado-de-derecho-en-la-filosofia-juridico-politica-elias-diaz-ante-el-debate-contemporaneo\/","title":{"rendered":"El estado de derecho en la filosofia juridico  politica. elias diaz ante el debate contemporaneo"},"content":{"rendered":"<h2>Tesis doctoral de <strong> Gilmer Alarcon Requejo <\/strong><\/h2>\n<p>El objetivo de esta tesis doctoral ha sido valorar desde una perspectiva jur\u00eddico-pol\u00edtica la aportaci\u00f3n de el\u00edas d\u00edaz al debate sobre el estado de derecho en la espa\u00f1a contempor\u00e1nea. El primer cap\u00edtulo est\u00e1 destinado a dar cuenta de la intervenci\u00f3n de el\u00edas d\u00edaz en el debate acad\u00e9mico y pol\u00edtico frente a la dictadura de franco. En el cap\u00edtulo segundo, a partir de la propuesta anal\u00edtica de francisco laporta, se observa las dificultades con las que se enfrenta una teor\u00eda hist\u00f3rica-conceptual como la de el\u00edas d\u00edaz. Las cr\u00edticas de eusebio fern\u00e1ndez sobre estado de derecho\/derechos humanos se analiza en el cap\u00edtulo tercero, en el cap\u00edtulo cuarto se investiga las relaciones estado de derecho\/democracia y socialismo, una deliberaci\u00f3n entre el\u00edas d\u00edaz, capella y peces-barba. El cap\u00edtulo quinto trata problemas de la obediencia al derecho, analiza la postura de el\u00edas d\u00edaz en debate con gonz\u00e1lez vic\u00e9n y montoro ballesteros. En el ep\u00edgrafe de las conclusiones generales se valora la idea de estado democr\u00e1tico de derecho de el\u00edas d\u00edaz a partir de un n\u00facleo constituido por el principio de los derechos humanos y el principio democr\u00e1tico, principios correctores del imperio de la ley.<\/p>\n<p>&nbsp;<\/p>\n<h3>Datos acad\u00e9micos de la tesis doctoral \u00ab<strong>El estado de derecho en la filosofia juridico  politica. elias diaz ante el debate contemporaneo<\/strong>\u00ab<\/h3>\n<ul>\n<li><strong>T\u00edtulo de la tesis:<\/strong>\u00a0 El estado de derecho en la filosofia juridico  politica. elias diaz ante el debate contemporaneo <\/li>\n<li><strong>Autor:<\/strong>\u00a0 Gilmer Alarcon Requejo <\/li>\n<li><strong>Universidad:<\/strong>\u00a0 Carlos III de Madrid<\/li>\n<li><strong>Fecha de lectura de la tesis:<\/strong>\u00a0 03\/03\/2006<\/li>\n<\/ul>\n<p>&nbsp;<\/p>\n<h3>Direcci\u00f3n y tribunal<\/h3>\n<ul>\n<li><strong>Director de la tesis<\/strong>\n<ul>\n<li>Eusebio Fernandez Garcia<\/li>\n<\/ul>\n<\/li>\n<li><strong>Tribunal<\/strong>\n<ul>\n<li>Presidente del tribunal: gregorio Peces barba mart\u00ednez <\/li>\n<li>alfonso Ruiz Miguel (vocal)<\/li>\n<li>elias Diaz garcia (vocal)<\/li>\n<li>ricardo Garcia manrique (vocal)<\/li>\n<\/ul>\n<\/li>\n<\/ul>\n<p>&nbsp;<\/p>\n","protected":false},"excerpt":{"rendered":"<p>Tesis doctoral de Gilmer Alarcon Requejo El objetivo de esta tesis doctoral ha sido valorar desde una perspectiva jur\u00eddico-pol\u00edtica la [&hellip;]<\/p>\n","protected":false},"author":1,"featured_media":0,"comment_status":"open","ping_status":"open","sticky":false,"template":"","format":"standard","meta":{"site-sidebar-layout":"default","site-content-layout":"","ast-site-content-layout":"","site-content-style":"default","site-sidebar-style":"default","ast-global-header-display":"","ast-banner-title-visibility":"","ast-main-header-display":"","ast-hfb-above-header-display":"","ast-hfb-below-header-display":"","ast-hfb-mobile-header-display":"","site-post-title":"","ast-breadcrumbs-content":"","ast-featured-img":"","footer-sml-layout":"","theme-transparent-header-meta":"","adv-header-id-meta":"","stick-header-meta":"","header-above-stick-meta":"","header-main-stick-meta":"","header-below-stick-meta":"","astra-migrate-meta-layouts":"default","ast-page-background-enabled":"default","ast-page-background-meta":{"desktop":{"background-color":"var(--ast-global-color-4)","background-image":"","background-repeat":"repeat","background-position":"center center","background-size":"auto","background-attachment":"scroll","background-type":"","background-media":"","overlay-type":"","overlay-color":"","overlay-gradient":""},"tablet":{"background-color":"","background-image":"","background-repeat":"repeat","background-position":"center center","background-size":"auto","background-attachment":"scroll","background-type":"","background-media":"","overlay-type":"","overlay-color":"","overlay-gradient":""},"mobile":{"background-color":"","background-image":"","background-repeat":"repeat","background-position":"center center","background-size":"auto","background-attachment":"scroll","background-type":"","background-media":"","overlay-type":"","overlay-color":"","overlay-gradient":""}},"ast-content-background-meta":{"desktop":{"background-color":"var(--ast-global-color-5)","background-image":"","background-repeat":"repeat","background-position":"center center","background-size":"auto","background-attachment":"scroll","background-type":"","background-media":"","overlay-type":"","overlay-color":"","overlay-gradient":""},"tablet":{"background-color":"var(--ast-global-color-5)","background-image":"","background-repeat":"repeat","background-position":"center center","background-size":"auto","background-attachment":"scroll","background-type":"","background-media":"","overlay-type":"","overlay-color":"","overlay-gradient":""},"mobile":{"background-color":"var(--ast-global-color-5)","background-image":"","background-repeat":"repeat","background-position":"center center","background-size":"auto","background-attachment":"scroll","background-type":"","background-media":"","overlay-type":"","overlay-color":"","overlay-gradient":""}},"footnotes":""},"categories":[18550,5250],"tags":[81809,6919,3198,169589,3196,31755],"class_list":["post-78954","post","type-post","status-publish","format-standard","hentry","category-carlos-iii-de-madrid","category-filosofia-de-las-ciencias-sociales","tag-alfonso-ruiz-miguel","tag-elias-diaz-garcia","tag-eusebio-fernandez-garcia","tag-gilmer-alarcon-requejo","tag-gregorio-peces-barba-Martinez","tag-ricardo-garcia-manrique"],"_links":{"self":[{"href":"https:\/\/www.deberes.net\/tesis\/wp-json\/wp\/v2\/posts\/78954","targetHints":{"allow":["GET"]}}],"collection":[{"href":"https:\/\/www.deberes.net\/tesis\/wp-json\/wp\/v2\/posts"}],"about":[{"href":"https:\/\/www.deberes.net\/tesis\/wp-json\/wp\/v2\/types\/post"}],"author":[{"embeddable":true,"href":"https:\/\/www.deberes.net\/tesis\/wp-json\/wp\/v2\/users\/1"}],"replies":[{"embeddable":true,"href":"https:\/\/www.deberes.net\/tesis\/wp-json\/wp\/v2\/comments?post=78954"}],"version-history":[{"count":0,"href":"https:\/\/www.deberes.net\/tesis\/wp-json\/wp\/v2\/posts\/78954\/revisions"}],"wp:attachment":[{"href":"https:\/\/www.deberes.net\/tesis\/wp-json\/wp\/v2\/media?parent=78954"}],"wp:term":[{"taxonomy":"category","embeddable":true,"href":"https:\/\/www.deberes.net\/tesis\/wp-json\/wp\/v2\/categories?post=78954"},{"taxonomy":"post_tag","embeddable":true,"href":"https:\/\/www.deberes.net\/tesis\/wp-json\/wp\/v2\/tags?post=78954"}],"curies":[{"name":"wp","href":"https:\/\/api.w.org\/{rel}","templated":true}]}}