{"id":78978,"date":"2006-08-03T00:00:00","date_gmt":"2006-08-03T00:00:00","guid":{"rendered":"https:\/\/www.deberes.net\/tesis\/sin-categoria\/la-historia-de-cataluna-de-va%c2%adctor-balaguer-1860-1863-paradigma-de-historias-nacionales\/"},"modified":"2006-08-03T00:00:00","modified_gmt":"2006-08-03T00:00:00","slug":"la-historia-de-cataluna-de-va%c2%adctor-balaguer-1860-1863-paradigma-de-historias-nacionales","status":"publish","type":"post","link":"https:\/\/www.deberes.net\/tesis\/barcelona\/la-historia-de-cataluna-de-va%c2%adctor-balaguer-1860-1863-paradigma-de-historias-nacionales\/","title":{"rendered":"La historia de catalu\u00f1a de v\u00edctor balaguer (1860-1863), paradigma de historias nacionales"},"content":{"rendered":"<h2>Tesis doctoral de <strong> Angel Garc\u00e9s Hern\u00e1ndez <\/strong><\/h2>\n<p>El discurso de las historias nacionales es portador de un discurso pol\u00edtico (poder). La \u00abhistoria de catalu\u00f1a\u00bb, de v\u00edctor balaguer es un discurso cerrado, como las historias nacionales rom\u00e1nticas, y muestran un proyecto pol\u00edtico libera-federalista, para el encaje de catalu\u00f1a en la pol\u00edtica de los liberales espa\u00f1oles.     desde el discurso liberal de las historias nacionales rom\u00e1nticas nacen discursos cerrados, unitaristas, antiliberales (franquismo) y pseudoliberales o jacobinos (moderados, conservadores) (caps. Iv, v y vii) y un discurso abierto de pluralidad o federalista.     los discursos cerrados son antiemp\u00edricos (cap. V) (en el sentido de foucault y la simi\u00f3tica -greimas-, como \u00absistemas axiol\u00f3gicos clausurados\u00bb) (caps. Ii, iii y iv), porque se articulan seg\u00fan categor\u00edas discursivas de objetos identitarios unitarios, dogm\u00e1ticos, uniformizados y homogeneizadores: comunidades de pertenencia a una naci\u00f3n, una religi\u00f3n, una raza, una clase, una cultura, y sujetos identitarios privilegiados (elites de poder de la naci\u00f3n, religi\u00f3n, raza, clase, cultura).     estos discursos cerrados convierten a los grupos identitatios (elites) en hogem\u00f3nicos y de dominaci\u00f3n: legitiman un poder de exterminio (religi\u00f3n, raza, clase) o de exclusi\u00f3n (cultura).     v\u00edctor balaguer es un nacionalista -defensa de la naci\u00f3n, acto de afirmaci\u00f3n frente al nacionalismo espa\u00f1ol delos moderados- que defienden un sistema pol\u00edtico de pluralidad federal o confederal; apoyado en la idealizaci\u00f3n de la catalu\u00f1a medieval. Porque una catalu\u00f1a de fuerte poder econ\u00f3mico y gran dinamismo empresarial se traduce en poder pol\u00edtico, pues est\u00e1 subordinada a la dominaci\u00f3n del discurso jacobino liberal espa\u00f1ol.     el discurso federal de v\u00edctor balaguer se contrapone al discurso de los nacionalistas espa\u00f1oles (liberales jacobinos centraliadores). Sin embargo, el discurso pol\u00edtico de pluralidad para espa\u00f1a no es obst\u00e1culo para que construya una historia de catal<\/p>\n<p>&nbsp;<\/p>\n<h3>Datos acad\u00e9micos de la tesis doctoral \u00ab<strong>La historia de catalu\u00f1a de v\u00edctor balaguer (1860-1863), paradigma de historias nacionales<\/strong>\u00ab<\/h3>\n<ul>\n<li><strong>T\u00edtulo de la tesis:<\/strong>\u00a0 La historia de catalu\u00f1a de v\u00edctor balaguer (1860-1863), paradigma de historias nacionales <\/li>\n<li><strong>Autor:<\/strong>\u00a0 Angel Garc\u00e9s Hern\u00e1ndez <\/li>\n<li><strong>Universidad:<\/strong>\u00a0 Barcelona<\/li>\n<li><strong>Fecha de lectura de la tesis:<\/strong>\u00a0 08\/03\/2006<\/li>\n<\/ul>\n<p>&nbsp;<\/p>\n<h3>Direcci\u00f3n y tribunal<\/h3>\n<ul>\n<li><strong>Director de la tesis<\/strong>\n<ul>\n<li>Pelai Pag\u00e9s Franch<\/li>\n<\/ul>\n<\/li>\n<li><strong>Tribunal<\/strong>\n<ul>\n<li>Presidente del tribunal: Mar\u00eda  Jes\u00fas Buxo rey <\/li>\n<li>josep Mar\u00eda Fradera barcelo (vocal)<\/li>\n<li>Mar\u00eda  teresa Martinez de sas (vocal)<\/li>\n<li>nazario Gonz\u00e1lez gonz\u00e1lez (vocal)<\/li>\n<\/ul>\n<\/li>\n<\/ul>\n<p>&nbsp;<\/p>\n","protected":false},"excerpt":{"rendered":"<p>Tesis doctoral de Angel Garc\u00e9s Hern\u00e1ndez El discurso de las historias nacionales es portador de un discurso pol\u00edtico (poder). La [&hellip;]<\/p>\n","protected":false},"author":1,"featured_media":0,"comment_status":"open","ping_status":"open","sticky":false,"template":"","format":"standard","meta":{"site-sidebar-layout":"default","site-content-layout":"","ast-site-content-layout":"","site-content-style":"default","site-sidebar-style":"default","ast-global-header-display":"","ast-banner-title-visibility":"","ast-main-header-display":"","ast-hfb-above-header-display":"","ast-hfb-below-header-display":"","ast-hfb-mobile-header-display":"","site-post-title":"","ast-breadcrumbs-content":"","ast-featured-img":"","footer-sml-layout":"","theme-transparent-header-meta":"","adv-header-id-meta":"","stick-header-meta":"","header-above-stick-meta":"","header-main-stick-meta":"","header-below-stick-meta":"","astra-migrate-meta-layouts":"default","ast-page-background-enabled":"default","ast-page-background-meta":{"desktop":{"background-color":"var(--ast-global-color-4)","background-image":"","background-repeat":"repeat","background-position":"center center","background-size":"auto","background-attachment":"scroll","background-type":"","background-media":"","overlay-type":"","overlay-color":"","overlay-gradient":""},"tablet":{"background-color":"","background-image":"","background-repeat":"repeat","background-position":"center center","background-size":"auto","background-attachment":"scroll","background-type":"","background-media":"","overlay-type":"","overlay-color":"","overlay-gradient":""},"mobile":{"background-color":"","background-image":"","background-repeat":"repeat","background-position":"center center","background-size":"auto","background-attachment":"scroll","background-type":"","background-media":"","overlay-type":"","overlay-color":"","overlay-gradient":""}},"ast-content-background-meta":{"desktop":{"background-color":"var(--ast-global-color-5)","background-image":"","background-repeat":"repeat","background-position":"center center","background-size":"auto","background-attachment":"scroll","background-type":"","background-media":"","overlay-type":"","overlay-color":"","overlay-gradient":""},"tablet":{"background-color":"var(--ast-global-color-5)","background-image":"","background-repeat":"repeat","background-position":"center center","background-size":"auto","background-attachment":"scroll","background-type":"","background-media":"","overlay-type":"","overlay-color":"","overlay-gradient":""},"mobile":{"background-color":"var(--ast-global-color-5)","background-image":"","background-repeat":"repeat","background-position":"center center","background-size":"auto","background-attachment":"scroll","background-type":"","background-media":"","overlay-type":"","overlay-color":"","overlay-gradient":""}},"footnotes":""},"categories":[951,1816,5914],"tags":[169634,38028,1397,36949,154,169635],"class_list":["post-78978","post","type-post","status-publish","format-standard","hentry","category-barcelona","category-historia-contemporanea","category-historiografia","tag-angel-garces-hernandez","tag-josep-maria-fradera-barcelo","tag-maria-jesus-buxo-rey","tag-maria-teresa-Martinez-de-sas","tag-nazario-gonzalez-gonzalez","tag-pelai-pagas-franch"],"_links":{"self":[{"href":"https:\/\/www.deberes.net\/tesis\/wp-json\/wp\/v2\/posts\/78978","targetHints":{"allow":["GET"]}}],"collection":[{"href":"https:\/\/www.deberes.net\/tesis\/wp-json\/wp\/v2\/posts"}],"about":[{"href":"https:\/\/www.deberes.net\/tesis\/wp-json\/wp\/v2\/types\/post"}],"author":[{"embeddable":true,"href":"https:\/\/www.deberes.net\/tesis\/wp-json\/wp\/v2\/users\/1"}],"replies":[{"embeddable":true,"href":"https:\/\/www.deberes.net\/tesis\/wp-json\/wp\/v2\/comments?post=78978"}],"version-history":[{"count":0,"href":"https:\/\/www.deberes.net\/tesis\/wp-json\/wp\/v2\/posts\/78978\/revisions"}],"wp:attachment":[{"href":"https:\/\/www.deberes.net\/tesis\/wp-json\/wp\/v2\/media?parent=78978"}],"wp:term":[{"taxonomy":"category","embeddable":true,"href":"https:\/\/www.deberes.net\/tesis\/wp-json\/wp\/v2\/categories?post=78978"},{"taxonomy":"post_tag","embeddable":true,"href":"https:\/\/www.deberes.net\/tesis\/wp-json\/wp\/v2\/tags?post=78978"}],"curies":[{"name":"wp","href":"https:\/\/api.w.org\/{rel}","templated":true}]}}