{"id":78987,"date":"2006-09-03T00:00:00","date_gmt":"2006-09-03T00:00:00","guid":{"rendered":"https:\/\/www.deberes.net\/tesis\/sin-categoria\/analisis-valoracion-y-plan-de-intervencion-orientado-hacia-la-practica-de-la-actividad-fa%c2%adsica-y-el-deporte-del-alumnado-de-los-centros-de-educacion-especial-de-cantabria\/"},"modified":"2006-09-03T00:00:00","modified_gmt":"2006-09-03T00:00:00","slug":"analisis-valoracion-y-plan-de-intervencion-orientado-hacia-la-practica-de-la-actividad-fa%c2%adsica-y-el-deporte-del-alumnado-de-los-centros-de-educacion-especial-de-cantabria","status":"publish","type":"post","link":"https:\/\/www.deberes.net\/tesis\/deficiencia-mental-del-nino-y-del-adolescente\/analisis-valoracion-y-plan-de-intervencion-orientado-hacia-la-practica-de-la-actividad-fa%c2%adsica-y-el-deporte-del-alumnado-de-los-centros-de-educacion-especial-de-cantabria\/","title":{"rendered":"An\u00e1lisis, valoraci\u00f3n y plan de intervenci\u00f3n orientado hacia la pr\u00e1ctica de la actividad f\u00edsica y el deporte del alumnado de los centros de educaci\u00f3n especial de cantabria"},"content":{"rendered":"<h2>Tesis doctoral de <strong> Adolfo Poblaci\u00f3n Mart\u00ednez <\/strong><\/h2>\n<p>La presente investigaci\u00f3n analiza la problem\u00e1tica de la integraci\u00f3n del alumnado de los centro de educaci\u00f3n especial de cantabria en la pr\u00e1ctica de la actividad f\u00edsica y el deporte, desde la perspectiva de sus padres y\/o tutores.     para ello, hace un recorrido del tratamiento que han recibido las personas discapacitadas a lo largo de la historia, as\u00ed como la evoluci\u00f3n que han sufrido sus pr\u00e1cticas deportivas tanto a nivel nacional como a nivel internacional.     revisa los principios rectores de normalizaci\u00f3n, integraci\u00f3n, inclusi\u00f3n y calidad de vida, con relaci\u00f3n a la pr\u00e1ctica de la actividad f\u00edsica y el deporte y realiza una revisi\u00f3n de la literatura cient\u00edfica en este campo.     identifica y valora los aspectos m\u00e1s relevantes de la pr\u00e1ctica de actividad f\u00edsica y el deporte que realiza la poblaci\u00f3n seleccionada, aspectos relativos a los h\u00e1bitos, los condicionantes, las motivaciones, la integraci\u00f3n social, la organizaci\u00f3n deportiva, los contextos de pr\u00e1ctica, las demandas, las barreras, aspectos psicosociales .., Y propone un plan de intervenci\u00f3n acorde a las necesidades y demandas del alumnado de los centros de educaci\u00f3n especial de cantabria.<\/p>\n<p>&nbsp;<\/p>\n<h3>Datos acad\u00e9micos de la tesis doctoral \u00ab<strong>An\u00e1lisis, valoraci\u00f3n y plan de intervenci\u00f3n orientado hacia la pr\u00e1ctica de la actividad f\u00edsica y el deporte del alumnado de los centros de educaci\u00f3n especial de cantabria<\/strong>\u00ab<\/h3>\n<ul>\n<li><strong>T\u00edtulo de la tesis:<\/strong>\u00a0 An\u00e1lisis, valoraci\u00f3n y plan de intervenci\u00f3n orientado hacia la pr\u00e1ctica de la actividad f\u00edsica y el deporte del alumnado de los centros de educaci\u00f3n especial de cantabria <\/li>\n<li><strong>Autor:<\/strong>\u00a0 Adolfo Poblaci\u00f3n Mart\u00ednez <\/li>\n<li><strong>Universidad:<\/strong>\u00a0 Pa\u00eds vasco\/euskal herriko unibertsitatea<\/li>\n<li><strong>Fecha de lectura de la tesis:<\/strong>\u00a0 09\/03\/2006<\/li>\n<\/ul>\n<p>&nbsp;<\/p>\n<h3>Direcci\u00f3n y tribunal<\/h3>\n<ul>\n<li><strong>Director de la tesis<\/strong>\n<ul>\n<li>Jos\u00e9 Antonio Arruza Gabilondo<\/li>\n<\/ul>\n<\/li>\n<li><strong>Tribunal<\/strong>\n<ul>\n<li>Presidente del tribunal: ramon Alzate saez de heredia <\/li>\n<li>onofre ricardo Contreras jordan (vocal)<\/li>\n<li>Santiago Romero granados (vocal)<\/li>\n<li>Jos\u00e9 Antonio Cecchini estrada (vocal)<\/li>\n<\/ul>\n<\/li>\n<\/ul>\n<p>&nbsp;<\/p>\n","protected":false},"excerpt":{"rendered":"<p>Tesis doctoral de Adolfo Poblaci\u00f3n Mart\u00ednez La presente investigaci\u00f3n analiza la problem\u00e1tica de la integraci\u00f3n del alumnado de los centro [&hellip;]<\/p>\n","protected":false},"author":1,"featured_media":0,"comment_status":"open","ping_status":"open","sticky":false,"template":"","format":"standard","meta":{"site-sidebar-layout":"default","site-content-layout":"","ast-site-content-layout":"","site-content-style":"default","site-sidebar-style":"default","ast-global-header-display":"","ast-banner-title-visibility":"","ast-main-header-display":"","ast-hfb-above-header-display":"","ast-hfb-below-header-display":"","ast-hfb-mobile-header-display":"","site-post-title":"","ast-breadcrumbs-content":"","ast-featured-img":"","footer-sml-layout":"","theme-transparent-header-meta":"","adv-header-id-meta":"","stick-header-meta":"","header-above-stick-meta":"","header-main-stick-meta":"","header-below-stick-meta":"","astra-migrate-meta-layouts":"default","ast-page-background-enabled":"default","ast-page-background-meta":{"desktop":{"background-color":"var(--ast-global-color-4)","background-image":"","background-repeat":"repeat","background-position":"center center","background-size":"auto","background-attachment":"scroll","background-type":"","background-media":"","overlay-type":"","overlay-color":"","overlay-gradient":""},"tablet":{"background-color":"","background-image":"","background-repeat":"repeat","background-position":"center center","background-size":"auto","background-attachment":"scroll","background-type":"","background-media":"","overlay-type":"","overlay-color":"","overlay-gradient":""},"mobile":{"background-color":"","background-image":"","background-repeat":"repeat","background-position":"center center","background-size":"auto","background-attachment":"scroll","background-type":"","background-media":"","overlay-type":"","overlay-color":"","overlay-gradient":""}},"ast-content-background-meta":{"desktop":{"background-color":"var(--ast-global-color-5)","background-image":"","background-repeat":"repeat","background-position":"center center","background-size":"auto","background-attachment":"scroll","background-type":"","background-media":"","overlay-type":"","overlay-color":"","overlay-gradient":""},"tablet":{"background-color":"var(--ast-global-color-5)","background-image":"","background-repeat":"repeat","background-position":"center center","background-size":"auto","background-attachment":"scroll","background-type":"","background-media":"","overlay-type":"","overlay-color":"","overlay-gradient":""},"mobile":{"background-color":"var(--ast-global-color-5)","background-image":"","background-repeat":"repeat","background-position":"center center","background-size":"auto","background-attachment":"scroll","background-type":"","background-media":"","overlay-type":"","overlay-color":"","overlay-gradient":""}},"footnotes":""},"categories":[3289,6222,12909],"tags":[169649,28072,51251,27403,13291,4125],"class_list":["post-78987","post","type-post","status-publish","format-standard","hentry","category-deficiencia-mental-del-nino-y-del-adolescente","category-educacion-especial","category-pais-vasco-euskal-herriko-unibertsitatea","tag-adolfo-poblacion-Martinez","tag-jose-antonio-arruza-gabilondo","tag-jose-antonio-cecchini-estrada","tag-onofre-ricardo-contreras-jordan","tag-ramon-alzate-saez-de-heredia","tag-santiago-romero-granados"],"_links":{"self":[{"href":"https:\/\/www.deberes.net\/tesis\/wp-json\/wp\/v2\/posts\/78987","targetHints":{"allow":["GET"]}}],"collection":[{"href":"https:\/\/www.deberes.net\/tesis\/wp-json\/wp\/v2\/posts"}],"about":[{"href":"https:\/\/www.deberes.net\/tesis\/wp-json\/wp\/v2\/types\/post"}],"author":[{"embeddable":true,"href":"https:\/\/www.deberes.net\/tesis\/wp-json\/wp\/v2\/users\/1"}],"replies":[{"embeddable":true,"href":"https:\/\/www.deberes.net\/tesis\/wp-json\/wp\/v2\/comments?post=78987"}],"version-history":[{"count":0,"href":"https:\/\/www.deberes.net\/tesis\/wp-json\/wp\/v2\/posts\/78987\/revisions"}],"wp:attachment":[{"href":"https:\/\/www.deberes.net\/tesis\/wp-json\/wp\/v2\/media?parent=78987"}],"wp:term":[{"taxonomy":"category","embeddable":true,"href":"https:\/\/www.deberes.net\/tesis\/wp-json\/wp\/v2\/categories?post=78987"},{"taxonomy":"post_tag","embeddable":true,"href":"https:\/\/www.deberes.net\/tesis\/wp-json\/wp\/v2\/tags?post=78987"}],"curies":[{"name":"wp","href":"https:\/\/api.w.org\/{rel}","templated":true}]}}