{"id":79012,"date":"2006-10-03T00:00:00","date_gmt":"2006-10-03T00:00:00","guid":{"rendered":"https:\/\/www.deberes.net\/tesis\/sin-categoria\/trabajadores-con-discapacidad-intelectual-un-abordaje-multidimensional-de-sus-habilidades-laborales\/"},"modified":"2006-10-03T00:00:00","modified_gmt":"2006-10-03T00:00:00","slug":"trabajadores-con-discapacidad-intelectual-un-abordaje-multidimensional-de-sus-habilidades-laborales","status":"publish","type":"post","link":"https:\/\/www.deberes.net\/tesis\/salamanca\/trabajadores-con-discapacidad-intelectual-un-abordaje-multidimensional-de-sus-habilidades-laborales\/","title":{"rendered":"Trabajadores con discapacidad intelectual: un abordaje multidimensional de sus habilidades laborales"},"content":{"rendered":"<h2>Tesis doctoral de <strong>  Bagnato Nu\u00f1ez Mar\u00eda  Jose <\/strong><\/h2>\n<p>La presente tesis doctoral est\u00e1 centrada en la evaluaci\u00f3n de la calidad de vida de personas con discapacidad intelectual que se encuentran desarrollando sus habilidades laborales en 7 centros ocupacionales o de capacitaci\u00f3n laboral, de montevideo (uruguay).  los objetivos del estudio consistieron en: 1) identificar fortalezas y debilidades laborales en los sujetos evaluados; 2)determinar la incidencia de variables personales tales como la edad, el sexo, las deficiencias y discapacidades asociadas y la severidad de la discapacidad, en el rendimiento laboral; 3) determinar el nivel de calidad de vida percibida de los participantes;  y 4) relacionar la calidad de vida percibida con el rendimiento laboral.  dichos objetivos se concretaron en las siguientes hip\u00f3tesis: (1) no habr\u00e1 diferencias significativas en el rendimiento laboral en funci\u00f3n del sexo y la edad de los participantes. (2) el rendimiento laboral se ver\u00e1 afectado por el n\u00famero de deficiencias y discapacidades  asociadas,  de modo que un mayor n\u00famero de \u00e9stas supondr\u00e1 inferiores resultados. (3) el rendimiento laboral se ver\u00e1 afectado por la severidad del retraso mental, de modo que una mayor severidad se asociar\u00e1 con inferiores resultados. (4) no existir\u00e1n diferencias significativas en los juicios sobre la percepci\u00f3n de la calidad de vida informada por los tres grupos (personas con discapacidad, profesionales y familiares). (5) existir\u00e1 una relaci\u00f3n entre habilidades laborales y percepci\u00f3n del bienestar subjetivo, de modo que un mayor rendimiento laboral estar\u00e1 asociado a una  mayor satisfacci\u00f3n con la calidad de vida. (6) la percepci\u00f3n de la calidad de vida y de sus dimensiones vendr\u00e1 determinada por factores de funcionamiento general (i.E. Deficiencia, discapacidad) y de funcionamiento laboral (i.E. Puntuaciones en el ppl). el estudio cont\u00f3 con 210 participantes, distribuidos como sigue: 100 adolescentes y j\u00f3venes con discapacidad intelectual, 100 referentes familiares y 10 profe<\/p>\n<p>&nbsp;<\/p>\n<h3>Datos acad\u00e9micos de la tesis doctoral \u00ab<strong>Trabajadores con discapacidad intelectual: un abordaje multidimensional de sus habilidades laborales<\/strong>\u00ab<\/h3>\n<ul>\n<li><strong>T\u00edtulo de la tesis:<\/strong>\u00a0 Trabajadores con discapacidad intelectual: un abordaje multidimensional de sus habilidades laborales <\/li>\n<li><strong>Autor:<\/strong>\u00a0  Bagnato Nu\u00f1ez Mar\u00eda  Jose <\/li>\n<li><strong>Universidad:<\/strong>\u00a0 Salamanca<\/li>\n<li><strong>Fecha de lectura de la tesis:<\/strong>\u00a0 10\/03\/2006<\/li>\n<\/ul>\n<p>&nbsp;<\/p>\n<h3>Direcci\u00f3n y tribunal<\/h3>\n<ul>\n<li><strong>Director de la tesis<\/strong>\n<ul>\n<li>Cristina Jenaro R\u00edo<\/li>\n<\/ul>\n<\/li>\n<li><strong>Tribunal<\/strong>\n<ul>\n<li>Presidente del tribunal: Miguel angel Verdugo alonso <\/li>\n<li>Jes\u00fas Rafael Herrero s\u00e1nchez (vocal)<\/li>\n<li> Rueda sanchez mercedes isabel (vocal)<\/li>\n<li>benito Arias Martinez (vocal)<\/li>\n<\/ul>\n<\/li>\n<\/ul>\n<p>&nbsp;<\/p>\n","protected":false},"excerpt":{"rendered":"<p>Tesis doctoral de Bagnato Nu\u00f1ez Mar\u00eda Jose La presente tesis doctoral est\u00e1 centrada en la evaluaci\u00f3n de la calidad de [&hellip;]<\/p>\n","protected":false},"author":1,"featured_media":0,"comment_status":"open","ping_status":"open","sticky":false,"template":"","format":"standard","meta":{"site-sidebar-layout":"default","site-content-layout":"","ast-site-content-layout":"","site-content-style":"default","site-sidebar-style":"default","ast-global-header-display":"","ast-banner-title-visibility":"","ast-main-header-display":"","ast-hfb-above-header-display":"","ast-hfb-below-header-display":"","ast-hfb-mobile-header-display":"","site-post-title":"","ast-breadcrumbs-content":"","ast-featured-img":"","footer-sml-layout":"","theme-transparent-header-meta":"","adv-header-id-meta":"","stick-header-meta":"","header-above-stick-meta":"","header-main-stick-meta":"","header-below-stick-meta":"","astra-migrate-meta-layouts":"default","ast-page-background-enabled":"default","ast-page-background-meta":{"desktop":{"background-color":"var(--ast-global-color-4)","background-image":"","background-repeat":"repeat","background-position":"center center","background-size":"auto","background-attachment":"scroll","background-type":"","background-media":"","overlay-type":"","overlay-color":"","overlay-gradient":""},"tablet":{"background-color":"","background-image":"","background-repeat":"repeat","background-position":"center center","background-size":"auto","background-attachment":"scroll","background-type":"","background-media":"","overlay-type":"","overlay-color":"","overlay-gradient":""},"mobile":{"background-color":"","background-image":"","background-repeat":"repeat","background-position":"center center","background-size":"auto","background-attachment":"scroll","background-type":"","background-media":"","overlay-type":"","overlay-color":"","overlay-gradient":""}},"ast-content-background-meta":{"desktop":{"background-color":"var(--ast-global-color-5)","background-image":"","background-repeat":"repeat","background-position":"center center","background-size":"auto","background-attachment":"scroll","background-type":"","background-media":"","overlay-type":"","overlay-color":"","overlay-gradient":""},"tablet":{"background-color":"var(--ast-global-color-5)","background-image":"","background-repeat":"repeat","background-position":"center center","background-size":"auto","background-attachment":"scroll","background-type":"","background-media":"","overlay-type":"","overlay-color":"","overlay-gradient":""},"mobile":{"background-color":"var(--ast-global-color-5)","background-image":"","background-repeat":"repeat","background-position":"center center","background-size":"auto","background-attachment":"scroll","background-type":"","background-media":"","overlay-type":"","overlay-color":"","overlay-gradient":""}},"footnotes":""},"categories":[19815,9469,11267,9386,11995],"tags":[169708,9413,46009,47968,9414,60888],"class_list":["post-79012","post","type-post","status-publish","format-standard","hentry","category-calidad-de-vida","category-orientacion-vocacional-y-profesional","category-rehabilitacion-psicologica","category-salamanca","category-tratamiento-psicologico-de-la-deficiencia-mental","tag-bagnato-nunez-maria-jose","tag-benito-arias-Martinez","tag-cristina-jenaro-rio","tag-jesus-rafael-herrero-sanchez","tag-miguel-angel-verdugo-alonso","tag-rueda-sanchez-mercedes-isabel"],"_links":{"self":[{"href":"https:\/\/www.deberes.net\/tesis\/wp-json\/wp\/v2\/posts\/79012","targetHints":{"allow":["GET"]}}],"collection":[{"href":"https:\/\/www.deberes.net\/tesis\/wp-json\/wp\/v2\/posts"}],"about":[{"href":"https:\/\/www.deberes.net\/tesis\/wp-json\/wp\/v2\/types\/post"}],"author":[{"embeddable":true,"href":"https:\/\/www.deberes.net\/tesis\/wp-json\/wp\/v2\/users\/1"}],"replies":[{"embeddable":true,"href":"https:\/\/www.deberes.net\/tesis\/wp-json\/wp\/v2\/comments?post=79012"}],"version-history":[{"count":0,"href":"https:\/\/www.deberes.net\/tesis\/wp-json\/wp\/v2\/posts\/79012\/revisions"}],"wp:attachment":[{"href":"https:\/\/www.deberes.net\/tesis\/wp-json\/wp\/v2\/media?parent=79012"}],"wp:term":[{"taxonomy":"category","embeddable":true,"href":"https:\/\/www.deberes.net\/tesis\/wp-json\/wp\/v2\/categories?post=79012"},{"taxonomy":"post_tag","embeddable":true,"href":"https:\/\/www.deberes.net\/tesis\/wp-json\/wp\/v2\/tags?post=79012"}],"curies":[{"name":"wp","href":"https:\/\/api.w.org\/{rel}","templated":true}]}}