{"id":79046,"date":"2018-03-09T23:24:50","date_gmt":"2018-03-09T23:24:50","guid":{"rendered":"https:\/\/www.deberes.net\/tesis\/sin-categoria\/la-comarca-de-los-oscos-en-la-edad-media-poblamiento-economa-y-poder\/"},"modified":"2018-03-09T23:24:50","modified_gmt":"2018-03-09T23:24:50","slug":"la-comarca-de-los-oscos-en-la-edad-media-poblamiento-economa-y-poder","status":"publish","type":"post","link":"https:\/\/www.deberes.net\/tesis\/historia\/la-comarca-de-los-oscos-en-la-edad-media-poblamiento-economa-y-poder\/","title":{"rendered":"La comarca de los oscos en la edad media poblamiento, economa y poder"},"content":{"rendered":"<h2>Tesis doctoral de <strong>  Alvarez Castrillon Jos\u00e9 Antonio <\/strong><\/h2>\n<p>El objeto del estudio tiene como marco geogr\u00e1fico el territorio del extremo occidental asturiano organizado actualmente en tres entidades municipales limit\u00e1neas, san mart\u00edn, santa eulalia y villanueva de oscos, que, reflejando una identidad geogr\u00e1fica que supera divisiones administrativas, evidencian una comunidad de protagonismo hist\u00f3rico de sus habitantes. Si ya desde la etapa castre\u00f1a y a lo largo de la dominaci\u00f3n romana la comarca parece ir individualiz\u00e1ndose, ser\u00e1 en la edad media cuando definitivamente aparezca cristalizada una entidad que ya en los primeros testimonios escritos se menciona como territorio o valle oscos. A partir del siglo xii la fundaci\u00f3n del monasterio cisterciense de villanueva de oscos coadyuvar\u00e1 a configurar una mayor particularidad hist\u00f3rica que tiene su reflejo en una de las colecciones diplom\u00e1ticas m\u00e1s interesantes del espacio rural asturiano. De la exhumaci\u00f3n de esas fuentes, que constituye una parte esencial de este trabajo, se ha obtenido informaci\u00f3n del conjunto de transformaciones que experimenta ese espacio geogr\u00e1fico a todos los niveles -pol\u00edtico, administrativo, social, econ\u00f3mico, ideol\u00f3gico, etc.- Y cuyo resultado global al final del periodo medieval supone configuraci\u00f3n de unos marcos vitales que  han sido decisivos en el devenir hist\u00f3rico posterior y que, en lo esencial, han continuado vigentes en la vida tradicional de la comunidad establecida en ese espacio. es pues ese periodo medieval el referente cronol\u00f3gico de la investigaci\u00f3n, y son esas transformaciones, y sus protagonistas, el objeto de an\u00e1lisis, intentando superar un tanto el innegable y absoluto protagonismo del monasterio de santa mar\u00eda de villanueva cuyo peso manifiesto a menudo eclipsa otras realidades merecedoras de inter\u00e9s y que, por otra parte, ya han sido objeto de estudio con anterioridad por diversos autores, as\u00ed como perspectivas exclusivistas cuyo academicismo conduce a resultados similares obviando<\/p>\n<p>&nbsp;<\/p>\n<h3>Datos acad\u00e9micos de la tesis doctoral \u00ab<strong>La comarca de los oscos en la edad media poblamiento, economa y poder<\/strong>\u00ab<\/h3>\n<ul>\n<li><strong>T\u00edtulo de la tesis:<\/strong>\u00a0 La comarca de los oscos en la edad media poblamiento, economa y poder <\/li>\n<li><strong>Autor:<\/strong>\u00a0  Alvarez Castrillon Jos\u00e9 Antonio <\/li>\n<li><strong>Universidad:<\/strong>\u00a0 Oviedo<\/li>\n<li><strong>Fecha de lectura de la tesis:<\/strong>\u00a0 13\/03\/2006<\/li>\n<\/ul>\n<p>&nbsp;<\/p>\n<h3>Direcci\u00f3n y tribunal<\/h3>\n<ul>\n<li><strong>Director de la tesis<\/strong>\n<ul>\n<li>Juan  Ignacio Ruiz De La Pe\u00f1a Solar<\/li>\n<\/ul>\n<\/li>\n<li><strong>Tribunal<\/strong>\n<ul>\n<li>Presidente del tribunal: Jos\u00e9 \u00e1ngel Garc\u00eda de cort\u00e1zar ruiz de aguirre <\/li>\n<li>Fernando L\u00f3pez alsina (vocal)<\/li>\n<li> Sanz fuentes Mar\u00eda  josefa (vocal)<\/li>\n<li>Carlos Laliena corbera (vocal)<\/li>\n<\/ul>\n<\/li>\n<\/ul>\n<p>&nbsp;<\/p>\n","protected":false},"excerpt":{"rendered":"<p>Tesis doctoral de Alvarez Castrillon Jos\u00e9 Antonio El objeto del estudio tiene como marco geogr\u00e1fico el territorio del extremo occidental [&hellip;]<\/p>\n","protected":false},"author":1,"featured_media":0,"comment_status":"open","ping_status":"open","sticky":false,"template":"","format":"standard","meta":{"site-sidebar-layout":"default","site-content-layout":"","ast-site-content-layout":"","site-content-style":"default","site-sidebar-style":"default","ast-global-header-display":"","ast-banner-title-visibility":"","ast-main-header-display":"","ast-hfb-above-header-display":"","ast-hfb-below-header-display":"","ast-hfb-mobile-header-display":"","site-post-title":"","ast-breadcrumbs-content":"","ast-featured-img":"","footer-sml-layout":"","theme-transparent-header-meta":"","adv-header-id-meta":"","stick-header-meta":"","header-above-stick-meta":"","header-main-stick-meta":"","header-below-stick-meta":"","astra-migrate-meta-layouts":"default","ast-page-background-enabled":"default","ast-page-background-meta":{"desktop":{"background-color":"var(--ast-global-color-4)","background-image":"","background-repeat":"repeat","background-position":"center center","background-size":"auto","background-attachment":"scroll","background-type":"","background-media":"","overlay-type":"","overlay-color":"","overlay-gradient":""},"tablet":{"background-color":"","background-image":"","background-repeat":"repeat","background-position":"center center","background-size":"auto","background-attachment":"scroll","background-type":"","background-media":"","overlay-type":"","overlay-color":"","overlay-gradient":""},"mobile":{"background-color":"","background-image":"","background-repeat":"repeat","background-position":"center center","background-size":"auto","background-attachment":"scroll","background-type":"","background-media":"","overlay-type":"","overlay-color":"","overlay-gradient":""}},"ast-content-background-meta":{"desktop":{"background-color":"var(--ast-global-color-5)","background-image":"","background-repeat":"repeat","background-position":"center center","background-size":"auto","background-attachment":"scroll","background-type":"","background-media":"","overlay-type":"","overlay-color":"","overlay-gradient":""},"tablet":{"background-color":"var(--ast-global-color-5)","background-image":"","background-repeat":"repeat","background-position":"center center","background-size":"auto","background-attachment":"scroll","background-type":"","background-media":"","overlay-type":"","overlay-color":"","overlay-gradient":""},"mobile":{"background-color":"var(--ast-global-color-5)","background-image":"","background-repeat":"repeat","background-position":"center center","background-size":"auto","background-attachment":"scroll","background-type":"","background-media":"","overlay-type":"","overlay-color":"","overlay-gradient":""}},"footnotes":""},"categories":[104,119,220,8846],"tags":[169773,49055,3089,642,25341,31525],"class_list":["post-79046","post","type-post","status-publish","format-standard","hentry","category-historia","category-historia-medieval","category-historia-por-epocas","category-oviedo","tag-alvarez-castrillon-jose-antonio","tag-carlos-laliena-corbera","tag-fernando-lopez-alsina","tag-jose-angel-garcia-de-cortazar-ruiz-de-aguirre","tag-juan-ignacio-ruiz-de-la-pena-solar","tag-sanz-fuentes-maria-josefa"],"_links":{"self":[{"href":"https:\/\/www.deberes.net\/tesis\/wp-json\/wp\/v2\/posts\/79046","targetHints":{"allow":["GET"]}}],"collection":[{"href":"https:\/\/www.deberes.net\/tesis\/wp-json\/wp\/v2\/posts"}],"about":[{"href":"https:\/\/www.deberes.net\/tesis\/wp-json\/wp\/v2\/types\/post"}],"author":[{"embeddable":true,"href":"https:\/\/www.deberes.net\/tesis\/wp-json\/wp\/v2\/users\/1"}],"replies":[{"embeddable":true,"href":"https:\/\/www.deberes.net\/tesis\/wp-json\/wp\/v2\/comments?post=79046"}],"version-history":[{"count":0,"href":"https:\/\/www.deberes.net\/tesis\/wp-json\/wp\/v2\/posts\/79046\/revisions"}],"wp:attachment":[{"href":"https:\/\/www.deberes.net\/tesis\/wp-json\/wp\/v2\/media?parent=79046"}],"wp:term":[{"taxonomy":"category","embeddable":true,"href":"https:\/\/www.deberes.net\/tesis\/wp-json\/wp\/v2\/categories?post=79046"},{"taxonomy":"post_tag","embeddable":true,"href":"https:\/\/www.deberes.net\/tesis\/wp-json\/wp\/v2\/tags?post=79046"}],"curies":[{"name":"wp","href":"https:\/\/api.w.org\/{rel}","templated":true}]}}