{"id":79098,"date":"2018-03-09T23:24:54","date_gmt":"2018-03-09T23:24:54","guid":{"rendered":"https:\/\/www.deberes.net\/tesis\/sin-categoria\/carbones-activos-a-partir-de-residuos-de-politereftalato-de-etileno-pet\/"},"modified":"2018-03-09T23:24:54","modified_gmt":"2018-03-09T23:24:54","slug":"carbones-activos-a-partir-de-residuos-de-politereftalato-de-etileno-pet","status":"publish","type":"post","link":"https:\/\/www.deberes.net\/tesis\/carbono\/carbones-activos-a-partir-de-residuos-de-politereftalato-de-etileno-pet\/","title":{"rendered":"Carbones activos a partir de residuos de politereftalato de etileno (pet)"},"content":{"rendered":"<h2>Tesis doctoral de <strong>  Almaz\u00e1n Almaz\u00e1n Mar\u00eda Del Carmen <\/strong><\/h2>\n<p>Una gran parte de los residuos urbanos est\u00e1 constituida por materiales pl\u00e1sticos, de los cuales, el m\u00e1s utilizado es el politereflato de etileno, pet. en la actualidad s\u00f3lo una peque\u00f1a proporci\u00f3n se destina a una segunda utilizaci\u00f3n; el resto o bien se elimina mediante combusti\u00f3n indiscriminada o bien es abandonado en vertederos. La obtenci\u00f3n de carbones activados con buenas caracter\u00edsticas texturales a partir de estos materiales de desecho presenta un doble inter\u00e9s. por una parte, se obtendr\u00edan materiales de alto valor a\u00f1adido a partir de materiales cuyo coste es nulo y en segundo lugar, supondr\u00eda una muy interesante v\u00eda de reciclaje.  en esta tesis doctoral se ha preparado y caracterizado numerosos carbones activados a partir de pet, de forma directa y tras ser sometido a diversos tratamientos previos al proceso de carbonizaci\u00f3n y activaci\u00f3n. Asimismo, se ha estudiado su aplicaci\u00f3n como absorbentes de contaminantes atmosf\u00e9ricos cuya eliminaci\u00f3n es prioritaria, como son benceno, tricloroetileno y 1,2-dicloroetano.<\/p>\n<p>&nbsp;<\/p>\n<h3>Datos acad\u00e9micos de la tesis doctoral \u00ab<strong>Carbones activos a partir de residuos de politereftalato de etileno (pet)<\/strong>\u00ab<\/h3>\n<ul>\n<li><strong>T\u00edtulo de la tesis:<\/strong>\u00a0 Carbones activos a partir de residuos de politereftalato de etileno (pet) <\/li>\n<li><strong>Autor:<\/strong>\u00a0  Almaz\u00e1n Almaz\u00e1n Mar\u00eda Del Carmen <\/li>\n<li><strong>Universidad:<\/strong>\u00a0 Granada<\/li>\n<li><strong>Fecha de lectura de la tesis:<\/strong>\u00a0 17\/03\/2006<\/li>\n<\/ul>\n<p>&nbsp;<\/p>\n<h3>Direcci\u00f3n y tribunal<\/h3>\n<ul>\n<li><strong>Director de la tesis<\/strong>\n<ul>\n<li> L\u00f3pez Garz\u00f3n Francisco Javier<\/li>\n<\/ul>\n<\/li>\n<li><strong>Tribunal<\/strong>\n<ul>\n<li>Presidente del tribunal: Antonio Garc\u00eda rodr\u00edguez <\/li>\n<li>amelia Mart\u00ednez alonso (vocal)<\/li>\n<li>Miguel Molina sabio (vocal)<\/li>\n<li>inmaculada Rodr\u00edguez ramos (vocal)<\/li>\n<\/ul>\n<\/li>\n<\/ul>\n<p>&nbsp;<\/p>\n","protected":false},"excerpt":{"rendered":"<p>Tesis doctoral de Almaz\u00e1n Almaz\u00e1n Mar\u00eda Del Carmen Una gran parte de los residuos urbanos est\u00e1 constituida por materiales pl\u00e1sticos, [&hellip;]<\/p>\n","protected":false},"author":1,"featured_media":0,"comment_status":"open","ping_status":"open","sticky":false,"template":"","format":"standard","meta":{"site-sidebar-layout":"default","site-content-layout":"","ast-site-content-layout":"","site-content-style":"default","site-sidebar-style":"default","ast-global-header-display":"","ast-banner-title-visibility":"","ast-main-header-display":"","ast-hfb-above-header-display":"","ast-hfb-below-header-display":"","ast-hfb-mobile-header-display":"","site-post-title":"","ast-breadcrumbs-content":"","ast-featured-img":"","footer-sml-layout":"","theme-transparent-header-meta":"","adv-header-id-meta":"","stick-header-meta":"","header-above-stick-meta":"","header-main-stick-meta":"","header-below-stick-meta":"","astra-migrate-meta-layouts":"default","ast-page-background-enabled":"default","ast-page-background-meta":{"desktop":{"background-color":"var(--ast-global-color-4)","background-image":"","background-repeat":"repeat","background-position":"center center","background-size":"auto","background-attachment":"scroll","background-type":"","background-media":"","overlay-type":"","overlay-color":"","overlay-gradient":""},"tablet":{"background-color":"","background-image":"","background-repeat":"repeat","background-position":"center center","background-size":"auto","background-attachment":"scroll","background-type":"","background-media":"","overlay-type":"","overlay-color":"","overlay-gradient":""},"mobile":{"background-color":"","background-image":"","background-repeat":"repeat","background-position":"center center","background-size":"auto","background-attachment":"scroll","background-type":"","background-media":"","overlay-type":"","overlay-color":"","overlay-gradient":""}},"ast-content-background-meta":{"desktop":{"background-color":"var(--ast-global-color-5)","background-image":"","background-repeat":"repeat","background-position":"center center","background-size":"auto","background-attachment":"scroll","background-type":"","background-media":"","overlay-type":"","overlay-color":"","overlay-gradient":""},"tablet":{"background-color":"var(--ast-global-color-5)","background-image":"","background-repeat":"repeat","background-position":"center center","background-size":"auto","background-attachment":"scroll","background-type":"","background-media":"","overlay-type":"","overlay-color":"","overlay-gradient":""},"mobile":{"background-color":"var(--ast-global-color-5)","background-image":"","background-repeat":"repeat","background-position":"center center","background-size":"auto","background-attachment":"scroll","background-type":"","background-media":"","overlay-type":"","overlay-color":"","overlay-gradient":""}},"footnotes":""},"categories":[4280],"tags":[169854,52240,3636,31537,22103,113542],"class_list":["post-79098","post","type-post","status-publish","format-standard","hentry","category-carbono","tag-almazan-almazan-maria-del-carmen","tag-amelia-Martinez-alonso","tag-antonio-garcia-rodriguez","tag-inmaculada-rodriguez-ramos","tag-lopez-garzon-francisco-javier","tag-miguel-molina-sabio"],"_links":{"self":[{"href":"https:\/\/www.deberes.net\/tesis\/wp-json\/wp\/v2\/posts\/79098","targetHints":{"allow":["GET"]}}],"collection":[{"href":"https:\/\/www.deberes.net\/tesis\/wp-json\/wp\/v2\/posts"}],"about":[{"href":"https:\/\/www.deberes.net\/tesis\/wp-json\/wp\/v2\/types\/post"}],"author":[{"embeddable":true,"href":"https:\/\/www.deberes.net\/tesis\/wp-json\/wp\/v2\/users\/1"}],"replies":[{"embeddable":true,"href":"https:\/\/www.deberes.net\/tesis\/wp-json\/wp\/v2\/comments?post=79098"}],"version-history":[{"count":0,"href":"https:\/\/www.deberes.net\/tesis\/wp-json\/wp\/v2\/posts\/79098\/revisions"}],"wp:attachment":[{"href":"https:\/\/www.deberes.net\/tesis\/wp-json\/wp\/v2\/media?parent=79098"}],"wp:term":[{"taxonomy":"category","embeddable":true,"href":"https:\/\/www.deberes.net\/tesis\/wp-json\/wp\/v2\/categories?post=79098"},{"taxonomy":"post_tag","embeddable":true,"href":"https:\/\/www.deberes.net\/tesis\/wp-json\/wp\/v2\/tags?post=79098"}],"curies":[{"name":"wp","href":"https:\/\/api.w.org\/{rel}","templated":true}]}}