{"id":79173,"date":"2018-03-09T23:24:58","date_gmt":"2018-03-09T23:24:58","guid":{"rendered":"https:\/\/www.deberes.net\/tesis\/sin-categoria\/el-nacimiento-de-la-ingenieria-de-montes-en-la-epoca-de-goethe\/"},"modified":"2018-03-09T23:24:58","modified_gmt":"2018-03-09T23:24:58","slug":"el-nacimiento-de-la-ingenieria-de-montes-en-la-epoca-de-goethe","status":"publish","type":"post","link":"https:\/\/www.deberes.net\/tesis\/historia\/el-nacimiento-de-la-ingenieria-de-montes-en-la-epoca-de-goethe\/","title":{"rendered":"\u00abel nacimiento de la ingenier\u00eda de montes en la \u00e9poca de goethe\u00bb"},"content":{"rendered":"<h2>Tesis doctoral de <strong> Catalina Claudia Soto De Prado Y Otero <\/strong><\/h2>\n<p>A lo largo de los nueve cap\u00edtulos de esta investigaci\u00f3n hemos querido detallar y documentar c\u00f3mo nace la ciencia forestal en alemania en el siglo xviii destacando la importancia y las condiciones tan favorables que se dieron para el nacimiento de los estudios de ingenier\u00eda de montes en estos a\u00f1os en el ducado de sajonia-weimar-eisenach as\u00ed como en otros principados y ducados de los territorios de turingia, sajonia y prusia. Tambi\u00e9n hemos establecido el nexo existente entre el mundo de las ciencias humanas y el de la ciencia forestal a trav\u00e9s de la figura del c\u00e9lebre poeta, cient\u00edfico y escritor johann wolfgang von goethe al presentar el papel que \u00e9ste desempe\u00f1\u00f3 en el nacimiento de esta ciencia pues aunque se conoce su faceta como cient\u00edfico -fundamentalmente en el campo de la bot\u00e1nica, zoolog\u00eda, mineralog\u00eda y \u00f3ptica- es pr\u00e1cticamente desconocido el impulso que dio al r\u00e9gimen forestal. De esta forma, hemos analizado las relaciones de goethe con importantes personajes de su entorno que se dedicaron profesionalmente al cuidado de los bosques y a la caza as\u00ed como las actividades oficiales de goethe de car\u00e1cter forestal. finalmente, hemos mostrado la conexi\u00f3n que hubo entre la primera escuela de ingenier\u00eda de montes en tharandt y la fundaci\u00f3n de estos estudios en espa\u00f1a, concretamente en villaviciosa de od\u00f3n (Madrid).<\/p>\n<p>&nbsp;<\/p>\n<h3>Datos acad\u00e9micos de la tesis doctoral \u00ab<strong>\u00abel nacimiento de la ingenier\u00eda de montes en la \u00e9poca de goethe\u00bb<\/strong>\u00ab<\/h3>\n<ul>\n<li><strong>T\u00edtulo de la tesis:<\/strong>\u00a0 \u00abel nacimiento de la ingenier\u00eda de montes en la \u00e9poca de goethe\u00bb <\/li>\n<li><strong>Autor:<\/strong>\u00a0 Catalina Claudia Soto De Prado Y Otero <\/li>\n<li><strong>Universidad:<\/strong>\u00a0 Polit\u00e9cnica de Madrid<\/li>\n<li><strong>Fecha de lectura de la tesis:<\/strong>\u00a0 22\/03\/2006<\/li>\n<\/ul>\n<p>&nbsp;<\/p>\n<h3>Direcci\u00f3n y tribunal<\/h3>\n<ul>\n<li><strong>Director de la tesis<\/strong>\n<ul>\n<li>Erich Bauer Manderscheid<\/li>\n<\/ul>\n<\/li>\n<li><strong>Tribunal<\/strong>\n<ul>\n<li>Presidente del tribunal:  Garc\u00eda-rodrigo mart\u00edn \u00e1ngel Mar\u00eda <\/li>\n<li>cristina Montiel molina (vocal)<\/li>\n<li> Ru\u00edz de la torre Juan (vocal)<\/li>\n<li>paula Quiroga mungu\u00eda (vocal)<\/li>\n<\/ul>\n<\/li>\n<\/ul>\n<p>&nbsp;<\/p>\n","protected":false},"excerpt":{"rendered":"<p>Tesis doctoral de Catalina Claudia Soto De Prado Y Otero A lo largo de los nueve cap\u00edtulos de esta investigaci\u00f3n [&hellip;]<\/p>\n","protected":false},"author":1,"featured_media":0,"comment_status":"open","ping_status":"open","sticky":false,"template":"","format":"standard","meta":{"site-sidebar-layout":"default","site-content-layout":"","ast-site-content-layout":"","site-content-style":"default","site-sidebar-style":"default","ast-global-header-display":"","ast-banner-title-visibility":"","ast-main-header-display":"","ast-hfb-above-header-display":"","ast-hfb-below-header-display":"","ast-hfb-mobile-header-display":"","site-post-title":"","ast-breadcrumbs-content":"","ast-featured-img":"","footer-sml-layout":"","theme-transparent-header-meta":"","adv-header-id-meta":"","stick-header-meta":"","header-above-stick-meta":"","header-main-stick-meta":"","header-below-stick-meta":"","astra-migrate-meta-layouts":"default","ast-page-background-enabled":"default","ast-page-background-meta":{"desktop":{"background-color":"var(--ast-global-color-4)","background-image":"","background-repeat":"repeat","background-position":"center center","background-size":"auto","background-attachment":"scroll","background-type":"","background-media":"","overlay-type":"","overlay-color":"","overlay-gradient":""},"tablet":{"background-color":"","background-image":"","background-repeat":"repeat","background-position":"center center","background-size":"auto","background-attachment":"scroll","background-type":"","background-media":"","overlay-type":"","overlay-color":"","overlay-gradient":""},"mobile":{"background-color":"","background-image":"","background-repeat":"repeat","background-position":"center center","background-size":"auto","background-attachment":"scroll","background-type":"","background-media":"","overlay-type":"","overlay-color":"","overlay-gradient":""}},"ast-content-background-meta":{"desktop":{"background-color":"var(--ast-global-color-5)","background-image":"","background-repeat":"repeat","background-position":"center center","background-size":"auto","background-attachment":"scroll","background-type":"","background-media":"","overlay-type":"","overlay-color":"","overlay-gradient":""},"tablet":{"background-color":"var(--ast-global-color-5)","background-image":"","background-repeat":"repeat","background-position":"center center","background-size":"auto","background-attachment":"scroll","background-type":"","background-media":"","overlay-type":"","overlay-color":"","overlay-gradient":""},"mobile":{"background-color":"var(--ast-global-color-5)","background-image":"","background-repeat":"repeat","background-position":"center center","background-size":"auto","background-attachment":"scroll","background-type":"","background-media":"","overlay-type":"","overlay-color":"","overlay-gradient":""}},"footnotes":""},"categories":[147,104,222,16008,628],"tags":[170007,67973,170008,159041,152674,14736],"class_list":["post-79173","post","type-post","status-publish","format-standard","hentry","category-ciencias-de-las-artes-y-las-letras","category-historia","category-historias-especializadas","category-politecnica-de-madrid","category-teoria-analisis-y-critica-literarios","tag-catalina-claudia-soto-de-prado-y-otero","tag-cristina-montiel-molina","tag-erich-bauer-manderscheid","tag-garcia-rodrigo-martin-angel-maria","tag-paula-quiroga-munguia","tag-ruiz-de-la-torre-juan"],"_links":{"self":[{"href":"https:\/\/www.deberes.net\/tesis\/wp-json\/wp\/v2\/posts\/79173","targetHints":{"allow":["GET"]}}],"collection":[{"href":"https:\/\/www.deberes.net\/tesis\/wp-json\/wp\/v2\/posts"}],"about":[{"href":"https:\/\/www.deberes.net\/tesis\/wp-json\/wp\/v2\/types\/post"}],"author":[{"embeddable":true,"href":"https:\/\/www.deberes.net\/tesis\/wp-json\/wp\/v2\/users\/1"}],"replies":[{"embeddable":true,"href":"https:\/\/www.deberes.net\/tesis\/wp-json\/wp\/v2\/comments?post=79173"}],"version-history":[{"count":0,"href":"https:\/\/www.deberes.net\/tesis\/wp-json\/wp\/v2\/posts\/79173\/revisions"}],"wp:attachment":[{"href":"https:\/\/www.deberes.net\/tesis\/wp-json\/wp\/v2\/media?parent=79173"}],"wp:term":[{"taxonomy":"category","embeddable":true,"href":"https:\/\/www.deberes.net\/tesis\/wp-json\/wp\/v2\/categories?post=79173"},{"taxonomy":"post_tag","embeddable":true,"href":"https:\/\/www.deberes.net\/tesis\/wp-json\/wp\/v2\/tags?post=79173"}],"curies":[{"name":"wp","href":"https:\/\/api.w.org\/{rel}","templated":true}]}}