{"id":79189,"date":"2018-03-09T23:24:58","date_gmt":"2018-03-09T23:24:58","guid":{"rendered":"https:\/\/www.deberes.net\/tesis\/sin-categoria\/rehabilitacion-psicosocial-en-esquizofrenia-variables-predictoras-de-exito-en-el-proceso-de-insercion-comunitaria\/"},"modified":"2018-03-09T23:24:58","modified_gmt":"2018-03-09T23:24:58","slug":"rehabilitacion-psicosocial-en-esquizofrenia-variables-predictoras-de-exito-en-el-proceso-de-insercion-comunitaria","status":"publish","type":"post","link":"https:\/\/www.deberes.net\/tesis\/psicopatologia\/rehabilitacion-psicosocial-en-esquizofrenia-variables-predictoras-de-exito-en-el-proceso-de-insercion-comunitaria\/","title":{"rendered":"Rehabilitaci\u00f3n psicosocial en esquizofrenia: variables predictoras de \u00e9xito en el proceso de inserci\u00f3n comunitaria"},"content":{"rendered":"<h2>Tesis doctoral de <strong> Marta Arrieta Rodr\u00edguez <\/strong><\/h2>\n<p>Esta tesis doctoral pretende evaluar el perfil cl\u00ednico, de deterioro cognitivo y de las habilidades psicosociales en una muestra de personas con diagn\u00f3stico de esquizofrenia y su relaci\u00f3n con distintas variables sociodemogr\u00e1ficas y cl\u00ednicas. As\u00ed mismo tiene por objeto valorar la influencia de las variables previas en el proceso de rehabilitaci\u00f3n psicosocial y su \u00e9xito. La muestra de pacientes estudiados estuvo compuesta por todos aquellos derivados a un centro de rehabilitaci\u00f3n psicosocial perteneciente a la red de salud mental financiado por el gobierno de cantabria. Se recogieron durante dos a\u00f1os todos los casos que cumplieron criterios de inclusi\u00f3n (n=69) y que fueron derivados al mencionado programa tanto desde la red de servicios de salud mental de cantabria como de los dos hospitales psiqui\u00e1tricos de la regi\u00f3n. las variables de estudio fueron obtenidas mediante el informe de derivaci\u00f3n, una entrevista semiestructurada, y diferentes instrumentos estandarizados y escalas de observaci\u00f3n y registro. Las variables sociodemogr\u00e1ficas y algunas de las variables cl\u00ednicas se concretaron en la entrevista inicial y mediante el informe de derivaci\u00f3n del psiquiatra de referencia. Estas medidas permitieron valorar la situaci\u00f3n basal y planificar la intervenci\u00f3n. En la evaluaci\u00f3n al alta se aplicaron estos mismos instrumentos a excepci\u00f3n de la escala del s\u00edndrome positivo y negativo  de la esquizofrenia. El total de la muestra fue sometido a un proceso estandarizado y simult\u00e1neo de rehabilitaci\u00f3n cognitiva y entrenamiento en habilidades sociales. la metodolog\u00eda de trabajo se bas\u00f3 fundamentalmente en la determinaci\u00f3n de objetivos, su priorizaci\u00f3n, graduaci\u00f3n y evaluaci\u00f3n peri\u00f3dica aplic\u00e1ndose t\u00e9cnicas derivadas de la teor\u00eda del aprendizaje social, la modificaci\u00f3n de conducta y la intervenci\u00f3n social (modelado, role-playing, retroalimentaci\u00f3n, reforzamiento positivo, interacci\u00f3n terap\u00e9utica, reforzamiento social, ejercicios de consolida<\/p>\n<p>&nbsp;<\/p>\n<h3>Datos acad\u00e9micos de la tesis doctoral \u00ab<strong>Rehabilitaci\u00f3n psicosocial en esquizofrenia: variables predictoras de \u00e9xito en el proceso de inserci\u00f3n comunitaria<\/strong>\u00ab<\/h3>\n<ul>\n<li><strong>T\u00edtulo de la tesis:<\/strong>\u00a0 Rehabilitaci\u00f3n psicosocial en esquizofrenia: variables predictoras de \u00e9xito en el proceso de inserci\u00f3n comunitaria <\/li>\n<li><strong>Autor:<\/strong>\u00a0 Marta Arrieta Rodr\u00edguez <\/li>\n<li><strong>Universidad:<\/strong>\u00a0 Deusto<\/li>\n<li><strong>Fecha de lectura de la tesis:<\/strong>\u00a0 23\/03\/2006<\/li>\n<\/ul>\n<p>&nbsp;<\/p>\n<h3>Direcci\u00f3n y tribunal<\/h3>\n<ul>\n<li><strong>Director de la tesis<\/strong>\n<ul>\n<li>Luis De Nicolas Martinez<\/li>\n<\/ul>\n<\/li>\n<li><strong>Tribunal<\/strong>\n<ul>\n<li>Presidente del tribunal: Jos\u00e9 Luis Vazquez barquero <\/li>\n<li>serafin Lemos giraldez (vocal)<\/li>\n<li>Jos\u00e9 Luis Ayuso mateos (vocal)<\/li>\n<li>Francisco Javier Acha ipi\u00f1azar (vocal)<\/li>\n<\/ul>\n<\/li>\n<\/ul>\n<p>&nbsp;<\/p>\n","protected":false},"excerpt":{"rendered":"<p>Tesis doctoral de Marta Arrieta Rodr\u00edguez Esta tesis doctoral pretende evaluar el perfil cl\u00ednico, de deterioro cognitivo y de las [&hellip;]<\/p>\n","protected":false},"author":1,"featured_media":0,"comment_status":"open","ping_status":"open","sticky":false,"template":"","format":"standard","meta":{"site-sidebar-layout":"default","site-content-layout":"","ast-site-content-layout":"","site-content-style":"default","site-sidebar-style":"default","ast-global-header-display":"","ast-banner-title-visibility":"","ast-main-header-display":"","ast-hfb-above-header-display":"","ast-hfb-below-header-display":"","ast-hfb-mobile-header-display":"","site-post-title":"","ast-breadcrumbs-content":"","ast-featured-img":"","footer-sml-layout":"","theme-transparent-header-meta":"","adv-header-id-meta":"","stick-header-meta":"","header-above-stick-meta":"","header-main-stick-meta":"","header-below-stick-meta":"","astra-migrate-meta-layouts":"default","ast-page-background-enabled":"default","ast-page-background-meta":{"desktop":{"background-color":"var(--ast-global-color-4)","background-image":"","background-repeat":"repeat","background-position":"center center","background-size":"auto","background-attachment":"scroll","background-type":"","background-media":"","overlay-type":"","overlay-color":"","overlay-gradient":""},"tablet":{"background-color":"","background-image":"","background-repeat":"repeat","background-position":"center center","background-size":"auto","background-attachment":"scroll","background-type":"","background-media":"","overlay-type":"","overlay-color":"","overlay-gradient":""},"mobile":{"background-color":"","background-image":"","background-repeat":"repeat","background-position":"center center","background-size":"auto","background-attachment":"scroll","background-type":"","background-media":"","overlay-type":"","overlay-color":"","overlay-gradient":""}},"ast-content-background-meta":{"desktop":{"background-color":"var(--ast-global-color-5)","background-image":"","background-repeat":"repeat","background-position":"center center","background-size":"auto","background-attachment":"scroll","background-type":"","background-media":"","overlay-type":"","overlay-color":"","overlay-gradient":""},"tablet":{"background-color":"var(--ast-global-color-5)","background-image":"","background-repeat":"repeat","background-position":"center center","background-size":"auto","background-attachment":"scroll","background-type":"","background-media":"","overlay-type":"","overlay-color":"","overlay-gradient":""},"mobile":{"background-color":"var(--ast-global-color-5)","background-image":"","background-repeat":"repeat","background-position":"center center","background-size":"auto","background-attachment":"scroll","background-type":"","background-media":"","overlay-type":"","overlay-color":"","overlay-gradient":""}},"footnotes":""},"categories":[31910,5329,325],"tags":[31926,51686,10709,28091,170037,9045],"class_list":["post-79189","post","type-post","status-publish","format-standard","hentry","category-deusto","category-psicologia-de-comunidades","category-psicopatologia","tag-francisco-javier-acha-ipinazar","tag-jose-luis-ayuso-mateos","tag-jose-luis-vazquez-barquero","tag-luis-de-nicolas-Martinez","tag-marta-arrieta-rodriguez","tag-serafin-lemos-giraldez"],"_links":{"self":[{"href":"https:\/\/www.deberes.net\/tesis\/wp-json\/wp\/v2\/posts\/79189","targetHints":{"allow":["GET"]}}],"collection":[{"href":"https:\/\/www.deberes.net\/tesis\/wp-json\/wp\/v2\/posts"}],"about":[{"href":"https:\/\/www.deberes.net\/tesis\/wp-json\/wp\/v2\/types\/post"}],"author":[{"embeddable":true,"href":"https:\/\/www.deberes.net\/tesis\/wp-json\/wp\/v2\/users\/1"}],"replies":[{"embeddable":true,"href":"https:\/\/www.deberes.net\/tesis\/wp-json\/wp\/v2\/comments?post=79189"}],"version-history":[{"count":0,"href":"https:\/\/www.deberes.net\/tesis\/wp-json\/wp\/v2\/posts\/79189\/revisions"}],"wp:attachment":[{"href":"https:\/\/www.deberes.net\/tesis\/wp-json\/wp\/v2\/media?parent=79189"}],"wp:term":[{"taxonomy":"category","embeddable":true,"href":"https:\/\/www.deberes.net\/tesis\/wp-json\/wp\/v2\/categories?post=79189"},{"taxonomy":"post_tag","embeddable":true,"href":"https:\/\/www.deberes.net\/tesis\/wp-json\/wp\/v2\/tags?post=79189"}],"curies":[{"name":"wp","href":"https:\/\/api.w.org\/{rel}","templated":true}]}}