{"id":79195,"date":"2018-03-09T23:25:02","date_gmt":"2018-03-09T23:25:02","guid":{"rendered":"https:\/\/www.deberes.net\/tesis\/sin-categoria\/el-genere-literari-com-a-eix-vertebrador-del-desenvolupament-de-la-formacio-litera-ria-dels-alumnes-de-secunda-ria\/"},"modified":"2018-03-09T23:25:02","modified_gmt":"2018-03-09T23:25:02","slug":"el-genere-literari-com-a-eix-vertebrador-del-desenvolupament-de-la-formacio-litera-ria-dels-alumnes-de-secunda-ria","status":"publish","type":"post","link":"https:\/\/www.deberes.net\/tesis\/lengua-y-literatura\/el-genere-literari-com-a-eix-vertebrador-del-desenvolupament-de-la-formacio-litera-ria-dels-alumnes-de-secunda-ria\/","title":{"rendered":"El g\u00e9nere literari com a eix vertebrador del desenvolupament de la formaci\u00f3 liter\u00c1\u00a0ria dels alumnes de secund\u00c1\u00a0ria"},"content":{"rendered":"<h2>Tesis doctoral de <strong>  Ramos Sabat\u00e9 Joan Marc <\/strong><\/h2>\n<p>A partir de la revisi\u00f3n de las tendencias actuales en did\u00e1cticas de la literatura y del estudio sobre las concepciones de los profesores de literatura, se propone una alternativa integradora centrada en el g\u00e9nero literario como eje. Las implicaciones did\u00e1cticas donde el desarrollo del intertexto, el formato de estrategias de lectura y la observaci\u00f3n del proceso lector ocupan un lugar central. En la tesis se crean, se experimenta y se analizan dos ejemplos de secuencia did\u00e1ctica (una basada en la lectura de textos dram\u00e1ticos y otra en la comparaci\u00f3n de diferentes versiones del mito de dr\u00e1cula) en un contexto real de la eso a partir de la metodolog\u00eda de la investigaci\u00f3n-acci\u00f3n.     los resultados de todo el trabajo contribuyen a la fundamentaci\u00f3n de la transposici\u00f3n did\u00e1ctica de un nuevo modelo de formaci\u00f3n literaria en el cual el historicismo y todas las l\u00edneas de intervenci\u00f3n cl\u00e1sicas quedan al servicio de una formaci\u00f3n integral centrada en el desarrollo del intertexto de los lectores y su gusto por los textos literarios.<\/p>\n<p>&nbsp;<\/p>\n<h3>Datos acad\u00e9micos de la tesis doctoral \u00ab<strong>El g\u00e9nere literari com a eix vertebrador del desenvolupament de la formaci\u00f3 liter\u00c1\u00a0ria dels alumnes de secund\u00c1\u00a0ria<\/strong>\u00ab<\/h3>\n<ul>\n<li><strong>T\u00edtulo de la tesis:<\/strong>\u00a0 El g\u00e9nere literari com a eix vertebrador del desenvolupament de la formaci\u00f3 liter\u00c1\u00a0ria dels alumnes de secund\u00c1\u00a0ria <\/li>\n<li><strong>Autor:<\/strong>\u00a0  Ramos Sabat\u00e9 Joan Marc <\/li>\n<li><strong>Universidad:<\/strong>\u00a0 Barcelona<\/li>\n<li><strong>Fecha de lectura de la tesis:<\/strong>\u00a0 24\/03\/2006<\/li>\n<\/ul>\n<p>&nbsp;<\/p>\n<h3>Direcci\u00f3n y tribunal<\/h3>\n<ul>\n<li><strong>Director de la tesis<\/strong>\n<ul>\n<li>Gl\u00f3ria Bordons De Porrata Doria<\/li>\n<\/ul>\n<\/li>\n<li><strong>Tribunal<\/strong>\n<ul>\n<li>Presidente del tribunal: Antonio Mendoza fillola <\/li>\n<li>gemma Lluch crespo (vocal)<\/li>\n<li>Mar\u00eda carmen Gonz\u00e1lez landa (vocal)<\/li>\n<li>m. consol Aguilar rodenas (vocal)<\/li>\n<\/ul>\n<\/li>\n<\/ul>\n<p>&nbsp;<\/p>\n","protected":false},"excerpt":{"rendered":"<p>Tesis doctoral de Ramos Sabat\u00e9 Joan Marc A partir de la revisi\u00f3n de las tendencias actuales en did\u00e1cticas de la [&hellip;]<\/p>\n","protected":false},"author":1,"featured_media":0,"comment_status":"open","ping_status":"open","sticky":false,"template":"","format":"standard","meta":{"site-sidebar-layout":"default","site-content-layout":"","ast-site-content-layout":"","site-content-style":"default","site-sidebar-style":"default","ast-global-header-display":"","ast-banner-title-visibility":"","ast-main-header-display":"","ast-hfb-above-header-display":"","ast-hfb-below-header-display":"","ast-hfb-mobile-header-display":"","site-post-title":"","ast-breadcrumbs-content":"","ast-featured-img":"","footer-sml-layout":"","theme-transparent-header-meta":"","adv-header-id-meta":"","stick-header-meta":"","header-above-stick-meta":"","header-main-stick-meta":"","header-below-stick-meta":"","astra-migrate-meta-layouts":"default","ast-page-background-enabled":"default","ast-page-background-meta":{"desktop":{"background-color":"var(--ast-global-color-4)","background-image":"","background-repeat":"repeat","background-position":"center center","background-size":"auto","background-attachment":"scroll","background-type":"","background-media":"","overlay-type":"","overlay-color":"","overlay-gradient":""},"tablet":{"background-color":"","background-image":"","background-repeat":"repeat","background-position":"center center","background-size":"auto","background-attachment":"scroll","background-type":"","background-media":"","overlay-type":"","overlay-color":"","overlay-gradient":""},"mobile":{"background-color":"","background-image":"","background-repeat":"repeat","background-position":"center center","background-size":"auto","background-attachment":"scroll","background-type":"","background-media":"","overlay-type":"","overlay-color":"","overlay-gradient":""}},"ast-content-background-meta":{"desktop":{"background-color":"var(--ast-global-color-5)","background-image":"","background-repeat":"repeat","background-position":"center center","background-size":"auto","background-attachment":"scroll","background-type":"","background-media":"","overlay-type":"","overlay-color":"","overlay-gradient":""},"tablet":{"background-color":"var(--ast-global-color-5)","background-image":"","background-repeat":"repeat","background-position":"center center","background-size":"auto","background-attachment":"scroll","background-type":"","background-media":"","overlay-type":"","overlay-color":"","overlay-gradient":""},"mobile":{"background-color":"var(--ast-global-color-5)","background-image":"","background-repeat":"repeat","background-position":"center center","background-size":"auto","background-attachment":"scroll","background-type":"","background-media":"","overlay-type":"","overlay-color":"","overlay-gradient":""}},"footnotes":""},"categories":[951,636],"tags":[19750,32925,170053,32879,59415,170052],"class_list":["post-79195","post","type-post","status-publish","format-standard","hentry","category-barcelona","category-lengua-y-literatura","tag-antonio-mendoza-fillola","tag-gemma-lluch-crespo","tag-glaria-bordons-de-porrata-doria","tag-m-consol-aguilar-rodenas","tag-maria-carmen-gonzalez-landa","tag-ramos-sabate-joan-marc"],"_links":{"self":[{"href":"https:\/\/www.deberes.net\/tesis\/wp-json\/wp\/v2\/posts\/79195","targetHints":{"allow":["GET"]}}],"collection":[{"href":"https:\/\/www.deberes.net\/tesis\/wp-json\/wp\/v2\/posts"}],"about":[{"href":"https:\/\/www.deberes.net\/tesis\/wp-json\/wp\/v2\/types\/post"}],"author":[{"embeddable":true,"href":"https:\/\/www.deberes.net\/tesis\/wp-json\/wp\/v2\/users\/1"}],"replies":[{"embeddable":true,"href":"https:\/\/www.deberes.net\/tesis\/wp-json\/wp\/v2\/comments?post=79195"}],"version-history":[{"count":0,"href":"https:\/\/www.deberes.net\/tesis\/wp-json\/wp\/v2\/posts\/79195\/revisions"}],"wp:attachment":[{"href":"https:\/\/www.deberes.net\/tesis\/wp-json\/wp\/v2\/media?parent=79195"}],"wp:term":[{"taxonomy":"category","embeddable":true,"href":"https:\/\/www.deberes.net\/tesis\/wp-json\/wp\/v2\/categories?post=79195"},{"taxonomy":"post_tag","embeddable":true,"href":"https:\/\/www.deberes.net\/tesis\/wp-json\/wp\/v2\/tags?post=79195"}],"curies":[{"name":"wp","href":"https:\/\/api.w.org\/{rel}","templated":true}]}}