{"id":79254,"date":"2018-03-09T23:25:02","date_gmt":"2018-03-09T23:25:02","guid":{"rendered":"https:\/\/www.deberes.net\/tesis\/sin-categoria\/evolucion-biosedimentaria-y-secuencial-del-jurasico-medio-inferior-en-la-cuenca-iberica-sector-no\/"},"modified":"2018-03-09T23:25:02","modified_gmt":"2018-03-09T23:25:02","slug":"evolucion-biosedimentaria-y-secuencial-del-jurasico-medio-inferior-en-la-cuenca-iberica-sector-no","status":"publish","type":"post","link":"https:\/\/www.deberes.net\/tesis\/sin-categoria\/evolucion-biosedimentaria-y-secuencial-del-jurasico-medio-inferior-en-la-cuenca-iberica-sector-no\/","title":{"rendered":"Evoluci\u00f3n biosedimentaria y secuencial del jur\u00e1sico medio inferior en la cuenca ib\u00e9rica (sector no)"},"content":{"rendered":"<h2>Tesis doctoral de <strong> Alejandra Garc\u00eda-frank <\/strong><\/h2>\n<p>El objetivo fundamental de este trabajo consiste en determinar un modelo sedimentol\u00f3gico que explique el desarrollo de las facies depositadas durante el aaleniense en el sector noroccidental de la cordillera ib\u00e9rica. Por una parte se han aplicado las bases de la estratigraf\u00eda secuencial en estos materiales, a fin de caracterizar las distintas discontinuidades estratigr\u00e1ficas que se reconocen a escala regional. Estas discontinuidades han sido datadas con gran precisi\u00f3n teniendo en cuenta el contenido f\u00f3sil, concretamente mediante el estudio bioestratigr\u00e1fico de ammonoideos. Por otro lado se describen las variaciones en el contenido faun\u00edstico, explicando los factores de los que estas dependen, ya que las evidencias producidas pro los organismos est\u00e1n en relaci\u00f3n directa con los procesos sedimentarios implicados. Tambi\u00e9n se realiza un estudio paleoicnol\u00f3gico y geoqu\u00edmico de los materiales enmarcando el contenido f\u00f3sil en un modelo paleoecol\u00f3gico que refleja las caracter\u00edsticas f\u00edsico-qu\u00edmicas del medio de deposici\u00f3n. Por \u00faltimo, los factores tafon\u00f3micos y diagen\u00e9ticos con tenidos en cuenta en la interpretaci\u00f3n.     para la realizaci\u00f3n de este trabajo se ha llevado a cabo una serie de an\u00e1lisis, entre los cuales destaca la campa\u00f1a de trabajo de campo, con un muestreo paleontol\u00f3gico y litol\u00f3gico detallado. La preparaci\u00f3n de las muestras para su estudio y posterior anal\u00edtica, han incluido la realizaci\u00f3n de l\u00e1minas delgadas y levigados para su estudio petrol\u00f3gico mediante microscop\u00eda \u00f3ptica y electr\u00f3nica, la preparaci\u00f3n de muestras geoqu\u00edmicas para realizar los an\u00e1lisis de difracci\u00f3n de rayos x, icp-ms y tierras raras, as\u00ed como el tratamiento de los f\u00f3siles y secci\u00f3n pulidas para su estudio paleont\u00f3logico.     la correlaci\u00f3n de las diferentes secciones ha permitido establecer un marco secuencial limitado por discontinuidades regionales. Dentro de cada secuencia se han determinado las microfacies que aparecen, y en los casos<\/p>\n<p>&nbsp;<\/p>\n<h3>Datos acad\u00e9micos de la tesis doctoral \u00ab<strong>Evoluci\u00f3n biosedimentaria y secuencial del jur\u00e1sico medio inferior en la cuenca ib\u00e9rica (sector no)<\/strong>\u00ab<\/h3>\n<ul>\n<li><strong>T\u00edtulo de la tesis:<\/strong>\u00a0 Evoluci\u00f3n biosedimentaria y secuencial del jur\u00e1sico medio inferior en la cuenca ib\u00e9rica (sector no) <\/li>\n<li><strong>Autor:<\/strong>\u00a0 Alejandra Garc\u00eda-frank <\/li>\n<li><strong>Universidad:<\/strong>\u00a0 Complutense de Madrid<\/li>\n<li><strong>Fecha de lectura de la tesis:<\/strong>\u00a0 27\/03\/2006<\/li>\n<\/ul>\n<p>&nbsp;<\/p>\n<h3>Direcci\u00f3n y tribunal<\/h3>\n<ul>\n<li><strong>Director de la tesis<\/strong>\n<ul>\n<li>Jos\u00e9 Ram\u00f3n Mas Mayoral<\/li>\n<\/ul>\n<\/li>\n<li><strong>Tribunal<\/strong>\n<ul>\n<li>Presidente del tribunal: Antonio Goy goy <\/li>\n<li>Jos\u00e9 Sandoval gabarr\u00f3n (vocal)<\/li>\n<li>michael Murray kimberley (vocal)<\/li>\n<li> Mart\u00ednez Garc\u00eda-ramos Jos\u00e9 Carlos (vocal)<\/li>\n<\/ul>\n<\/li>\n<\/ul>\n<p>&nbsp;<\/p>\n","protected":false},"excerpt":{"rendered":"<p>Tesis doctoral de Alejandra Garc\u00eda-frank El objetivo fundamental de este trabajo consiste en determinar un modelo sedimentol\u00f3gico que explique el [&hellip;]<\/p>\n","protected":false},"author":1,"featured_media":0,"comment_status":"open","ping_status":"open","sticky":false,"template":"","format":"standard","meta":{"site-sidebar-layout":"default","site-content-layout":"","ast-site-content-layout":"","site-content-style":"default","site-sidebar-style":"default","ast-global-header-display":"","ast-banner-title-visibility":"","ast-main-header-display":"","ast-hfb-above-header-display":"","ast-hfb-below-header-display":"","ast-hfb-mobile-header-display":"","site-post-title":"","ast-breadcrumbs-content":"","ast-featured-img":"","footer-sml-layout":"","theme-transparent-header-meta":"","adv-header-id-meta":"","stick-header-meta":"","header-above-stick-meta":"","header-main-stick-meta":"","header-below-stick-meta":"","astra-migrate-meta-layouts":"default","ast-page-background-enabled":"default","ast-page-background-meta":{"desktop":{"background-color":"var(--ast-global-color-4)","background-image":"","background-repeat":"repeat","background-position":"center center","background-size":"auto","background-attachment":"scroll","background-type":"","background-media":"","overlay-type":"","overlay-color":"","overlay-gradient":""},"tablet":{"background-color":"","background-image":"","background-repeat":"repeat","background-position":"center center","background-size":"auto","background-attachment":"scroll","background-type":"","background-media":"","overlay-type":"","overlay-color":"","overlay-gradient":""},"mobile":{"background-color":"","background-image":"","background-repeat":"repeat","background-position":"center center","background-size":"auto","background-attachment":"scroll","background-type":"","background-media":"","overlay-type":"","overlay-color":"","overlay-gradient":""}},"ast-content-background-meta":{"desktop":{"background-color":"var(--ast-global-color-5)","background-image":"","background-repeat":"repeat","background-position":"center center","background-size":"auto","background-attachment":"scroll","background-type":"","background-media":"","overlay-type":"","overlay-color":"","overlay-gradient":""},"tablet":{"background-color":"var(--ast-global-color-5)","background-image":"","background-repeat":"repeat","background-position":"center center","background-size":"auto","background-attachment":"scroll","background-type":"","background-media":"","overlay-type":"","overlay-color":"","overlay-gradient":""},"mobile":{"background-color":"var(--ast-global-color-5)","background-image":"","background-repeat":"repeat","background-position":"center center","background-size":"auto","background-attachment":"scroll","background-type":"","background-media":"","overlay-type":"","overlay-color":"","overlay-gradient":""}},"footnotes":""},"categories":[953,1],"tags":[170159,7422,22058,113562,136938,170160],"class_list":["post-79254","post","type-post","status-publish","format-standard","hentry","category-geologia","category-sin-categoria","tag-alejandra-garcia-frank","tag-antonio-goy-goy","tag-jose-ramon-mas-mayoral","tag-jose-sandoval-gabarron","tag-Martinez-garcia-ramos-jose-carlos","tag-michael-murray-kimberley"],"_links":{"self":[{"href":"https:\/\/www.deberes.net\/tesis\/wp-json\/wp\/v2\/posts\/79254","targetHints":{"allow":["GET"]}}],"collection":[{"href":"https:\/\/www.deberes.net\/tesis\/wp-json\/wp\/v2\/posts"}],"about":[{"href":"https:\/\/www.deberes.net\/tesis\/wp-json\/wp\/v2\/types\/post"}],"author":[{"embeddable":true,"href":"https:\/\/www.deberes.net\/tesis\/wp-json\/wp\/v2\/users\/1"}],"replies":[{"embeddable":true,"href":"https:\/\/www.deberes.net\/tesis\/wp-json\/wp\/v2\/comments?post=79254"}],"version-history":[{"count":0,"href":"https:\/\/www.deberes.net\/tesis\/wp-json\/wp\/v2\/posts\/79254\/revisions"}],"wp:attachment":[{"href":"https:\/\/www.deberes.net\/tesis\/wp-json\/wp\/v2\/media?parent=79254"}],"wp:term":[{"taxonomy":"category","embeddable":true,"href":"https:\/\/www.deberes.net\/tesis\/wp-json\/wp\/v2\/categories?post=79254"},{"taxonomy":"post_tag","embeddable":true,"href":"https:\/\/www.deberes.net\/tesis\/wp-json\/wp\/v2\/tags?post=79254"}],"curies":[{"name":"wp","href":"https:\/\/api.w.org\/{rel}","templated":true}]}}