{"id":79309,"date":"2018-03-09T23:25:06","date_gmt":"2018-03-09T23:25:06","guid":{"rendered":"https:\/\/www.deberes.net\/tesis\/sin-categoria\/analisis-del-proceso-de-privatizacion-en-la-economia-marroqui\/"},"modified":"2018-03-09T23:25:06","modified_gmt":"2018-03-09T23:25:06","slug":"analisis-del-proceso-de-privatizacion-en-la-economia-marroqui","status":"publish","type":"post","link":"https:\/\/www.deberes.net\/tesis\/ciencias-economicas\/analisis-del-proceso-de-privatizacion-en-la-economia-marroqui\/","title":{"rendered":"Analisis del proceso de privatizacion en la economia marroqui"},"content":{"rendered":"<h2>Tesis doctoral de <strong> Angel Garcia Ortiz <\/strong><\/h2>\n<p>En las \u00faltimas d\u00e9cadas se ha producido un extendido cambio de opini\u00f3n sobre el papel del estado y el sector privado en la promoci\u00f3n del crecimiento econ\u00f3mico. El consenso emergente ha propuesto alcanzar un mayor dinamismo en el crecimiento econ\u00f3mico a trav\u00e9s de un protagonismo cada vez mayor de la iniciativa privada.  tecn\u00f3cratas, economistas y organizaciones internacionales han recomendado en repetidas ocasiones la privatizaci\u00f3n como una condici\u00f3n necesaria para promover el crecimiento econ\u00f3mico, la eficiencia productiva y la creaci\u00f3n de empleo. En la pr\u00e1ctica, sin embargo, se observa la renuencia de la clase pol\u00edtica a tales reformas institucionales, ya que \u00e9sta considera generalmente la propiedad p\u00fablica como un elemento de manipulaci\u00f3n pol\u00edtica y un medio de cultivar el clientelismo entre los grupos de legitimaci\u00f3n.  este trabajo se centra en el an\u00e1lisis del programa de privatizaci\u00f3n desarrollado por marruecos desde sus inicios en 1993 hasta diciembre de 2003.  este trabajo se desarrolla a lo largo de seis cap\u00edtulos. Los dos primeros, abordan el concepto y fen\u00f3meno de la privatizaci\u00f3n en su vertiente te\u00f3rica y geogr\u00e1fica, circunscritas en las \u00e1reas mena (middle east and north africa) y del magreb. Los dos siguientes cap\u00edtulos, presentan a la econom\u00eda marroqu\u00ed en el contexto de estabilizaci\u00f3n macroecon\u00f3mica y ajuste estructural, un marco en el que se va a configurar la aparici\u00f3n de la l\u00f3gica privatizadora particular marroqu\u00ed. En el cap\u00edtulo que les sigue, se realiza el an\u00e1lisis del ejercicio privatizador desarrollado en la pr\u00e1ctica por marruecos. Por \u00faltimo, hemos considerado oportuno, para completar y dar mayor coherencia el estudio de este trabajo, presentar el marco institucional en el que se desarrolla la privatizaci\u00f3n y cu\u00e1les han podido ser las influencias rec\u00edprocas desarrolladas.<\/p>\n<p>&nbsp;<\/p>\n<h3>Datos acad\u00e9micos de la tesis doctoral \u00ab<strong>Analisis del proceso de privatizacion en la economia marroqui<\/strong>\u00ab<\/h3>\n<ul>\n<li><strong>T\u00edtulo de la tesis:<\/strong>\u00a0 Analisis del proceso de privatizacion en la economia marroqui <\/li>\n<li><strong>Autor:<\/strong>\u00a0 Angel Garcia Ortiz <\/li>\n<li><strong>Universidad:<\/strong>\u00a0 Universitat de val\u00e9ncia (estudi general)<\/li>\n<li><strong>Fecha de lectura de la tesis:<\/strong>\u00a0 30\/03\/2006<\/li>\n<\/ul>\n<p>&nbsp;<\/p>\n<h3>Direcci\u00f3n y tribunal<\/h3>\n<ul>\n<li><strong>Director de la tesis<\/strong>\n<ul>\n<li>Jos\u00e9 Mar\u00eda Jord\u00e1n Galduf<\/li>\n<\/ul>\n<\/li>\n<li><strong>Tribunal<\/strong>\n<ul>\n<li>Presidente del tribunal: alejandro Lorca corrons <\/li>\n<li>vicenta Fuster estruch (vocal)<\/li>\n<li>gonzalo Escribano frances (vocal)<\/li>\n<li>pascual Moreno torregrosa (vocal)<\/li>\n<\/ul>\n<\/li>\n<\/ul>\n<p>&nbsp;<\/p>\n","protected":false},"excerpt":{"rendered":"<p>Tesis doctoral de Angel Garcia Ortiz En las \u00faltimas d\u00e9cadas se ha producido un extendido cambio de opini\u00f3n sobre el [&hellip;]<\/p>\n","protected":false},"author":1,"featured_media":0,"comment_status":"open","ping_status":"open","sticky":false,"template":"","format":"standard","meta":{"site-sidebar-layout":"default","site-content-layout":"","ast-site-content-layout":"","site-content-style":"default","site-sidebar-style":"default","ast-global-header-display":"","ast-banner-title-visibility":"","ast-main-header-display":"","ast-hfb-above-header-display":"","ast-hfb-below-header-display":"","ast-hfb-mobile-header-display":"","site-post-title":"","ast-breadcrumbs-content":"","ast-featured-img":"","footer-sml-layout":"","theme-transparent-header-meta":"","adv-header-id-meta":"","stick-header-meta":"","header-above-stick-meta":"","header-main-stick-meta":"","header-below-stick-meta":"","astra-migrate-meta-layouts":"default","ast-page-background-enabled":"default","ast-page-background-meta":{"desktop":{"background-color":"var(--ast-global-color-4)","background-image":"","background-repeat":"repeat","background-position":"center center","background-size":"auto","background-attachment":"scroll","background-type":"","background-media":"","overlay-type":"","overlay-color":"","overlay-gradient":""},"tablet":{"background-color":"","background-image":"","background-repeat":"repeat","background-position":"center center","background-size":"auto","background-attachment":"scroll","background-type":"","background-media":"","overlay-type":"","overlay-color":"","overlay-gradient":""},"mobile":{"background-color":"","background-image":"","background-repeat":"repeat","background-position":"center center","background-size":"auto","background-attachment":"scroll","background-type":"","background-media":"","overlay-type":"","overlay-color":"","overlay-gradient":""}},"ast-content-background-meta":{"desktop":{"background-color":"var(--ast-global-color-5)","background-image":"","background-repeat":"repeat","background-position":"center center","background-size":"auto","background-attachment":"scroll","background-type":"","background-media":"","overlay-type":"","overlay-color":"","overlay-gradient":""},"tablet":{"background-color":"var(--ast-global-color-5)","background-image":"","background-repeat":"repeat","background-position":"center center","background-size":"auto","background-attachment":"scroll","background-type":"","background-media":"","overlay-type":"","overlay-color":"","overlay-gradient":""},"mobile":{"background-color":"var(--ast-global-color-5)","background-image":"","background-repeat":"repeat","background-position":"center center","background-size":"auto","background-attachment":"scroll","background-type":"","background-media":"","overlay-type":"","overlay-color":"","overlay-gradient":""}},"footnotes":""},"categories":[82,18345,891,2825,9215,737],"tags":[15272,170250,66250,11698,97555,170251],"class_list":["post-79309","post","type-post","status-publish","format-standard","hentry","category-ciencias-economicas","category-empresas-publicas","category-estudios-de-desarrollo-economico","category-organizacion-industrial-y-sector-publico","category-regulacion-gubernamental-del-sector-privado","category-teoria-economica","tag-alejandro-lorca-corrons","tag-angel-garcia-ortiz","tag-gonzalo-escribano-frances","tag-jose-maria-jordan-galduf","tag-pascual-moreno-torregrosa","tag-vicenta-fuster-estruch"],"_links":{"self":[{"href":"https:\/\/www.deberes.net\/tesis\/wp-json\/wp\/v2\/posts\/79309","targetHints":{"allow":["GET"]}}],"collection":[{"href":"https:\/\/www.deberes.net\/tesis\/wp-json\/wp\/v2\/posts"}],"about":[{"href":"https:\/\/www.deberes.net\/tesis\/wp-json\/wp\/v2\/types\/post"}],"author":[{"embeddable":true,"href":"https:\/\/www.deberes.net\/tesis\/wp-json\/wp\/v2\/users\/1"}],"replies":[{"embeddable":true,"href":"https:\/\/www.deberes.net\/tesis\/wp-json\/wp\/v2\/comments?post=79309"}],"version-history":[{"count":0,"href":"https:\/\/www.deberes.net\/tesis\/wp-json\/wp\/v2\/posts\/79309\/revisions"}],"wp:attachment":[{"href":"https:\/\/www.deberes.net\/tesis\/wp-json\/wp\/v2\/media?parent=79309"}],"wp:term":[{"taxonomy":"category","embeddable":true,"href":"https:\/\/www.deberes.net\/tesis\/wp-json\/wp\/v2\/categories?post=79309"},{"taxonomy":"post_tag","embeddable":true,"href":"https:\/\/www.deberes.net\/tesis\/wp-json\/wp\/v2\/tags?post=79309"}],"curies":[{"name":"wp","href":"https:\/\/api.w.org\/{rel}","templated":true}]}}