{"id":79311,"date":"2018-03-09T23:25:06","date_gmt":"2018-03-09T23:25:06","guid":{"rendered":"https:\/\/www.deberes.net\/tesis\/sin-categoria\/alergias-en-anestesia-prevalencia-de-pacientes-con-prick-test-positivo-a-farmacos-perioperatorios\/"},"modified":"2018-03-09T23:25:06","modified_gmt":"2018-03-09T23:25:06","slug":"alergias-en-anestesia-prevalencia-de-pacientes-con-prick-test-positivo-a-farmacos-perioperatorios","status":"publish","type":"post","link":"https:\/\/www.deberes.net\/tesis\/ciencias-medicas\/alergias-en-anestesia-prevalencia-de-pacientes-con-prick-test-positivo-a-farmacos-perioperatorios\/","title":{"rendered":"Alergias en anestesia: preValencia de pacientes con prick-test positivo a farmacos perioperatorios"},"content":{"rendered":"<h2>Tesis doctoral de <strong> Gema Rodriguez Ceron <\/strong><\/h2>\n<p>Las reacciones al\u00e9rgicas durante la anestesia constituyen una preocupaci\u00f3n para los anestesi\u00f3logos, ya que somos los profesionales con mayor riesgo de provocar una reacci\u00f3n adversa debido a la administraci\u00f3n intravenosa y en un corto per\u00edodo de tiempo de un gran n\u00famero de f\u00e1rmacos. La frecuencia real de reacciones al\u00e9rgicas graves durante la anestesia es desconocida y se situa entre 1\/4.000 y 1\/23.000 anestesias, con una mortalidad del 3 al 10%.  las sustancias m\u00e1s frecuentemente implicadas son los relajantes neuromusculares (succinilcolina, rocuronio y atracurio) seguidos por l\u00e1tex y antibi\u00f3ticos, siendo muy infrecuentes las reacciones al\u00e9rgicas ocasionadas por los anest\u00e9sicos locales.  el diagn\u00f3stico de una reacci\u00f3n al\u00e9rgica ha de realizarse con criterios cl\u00ednicos y de laboratorio (triptasa s\u00e9rica y metilhistamina en orina) y posteriormente debe realizarse un estudio retardado mediante pruebas cut\u00e1neas (prick-test) a las 4-6 semanas posteriores a la reacci\u00f3n al\u00e9rgica, dirigido a determinar el f\u00e1rmaco causante.  nosotros planteamos un estudio observacional prospectivo realizado durante los a\u00f1os 2002 y 2003 en 897 pacientes para analizar mediante prick-test la preValencia de pacientes sensibilizados a los f\u00e1rmacos  utilizados durante las intervenciones quir\u00fargicas.  los objetivos del estudio fueron conocer la preValencia del prick-test positivo a f\u00e1rmacos, detectar que grupos farmacol\u00f3gicos presentan mayor preValencia, analizar la influencia de los factores de riesgo en la presentaci\u00f3n de prick-test positivos y establecer el nivel de concordancia entre los antecedentes de historia previa de reacci\u00f3n adversa a un f\u00e1rmaco y el resultado del prick-test espec\u00edfico a ese f\u00e1rmaco.  resultados: el 51% de los pacientes presentaron un prick-test positivo. el mayor porcentaje de pruebas cut\u00e1neas positivas lo representaron los antibi\u00f3ticos, seguido de los aines y analizando los f\u00e1rmacos de uso fundamentalmen<\/p>\n<p>&nbsp;<\/p>\n<h3>Datos acad\u00e9micos de la tesis doctoral \u00ab<strong>Alergias en anestesia: preValencia de pacientes con prick-test positivo a farmacos perioperatorios<\/strong>\u00ab<\/h3>\n<ul>\n<li><strong>T\u00edtulo de la tesis:<\/strong>\u00a0 Alergias en anestesia: preValencia de pacientes con prick-test positivo a farmacos perioperatorios <\/li>\n<li><strong>Autor:<\/strong>\u00a0 Gema Rodriguez Ceron <\/li>\n<li><strong>Universidad:<\/strong>\u00a0 Valladolid<\/li>\n<li><strong>Fecha de lectura de la tesis:<\/strong>\u00a0 30\/03\/2006<\/li>\n<\/ul>\n<p>&nbsp;<\/p>\n<h3>Direcci\u00f3n y tribunal<\/h3>\n<ul>\n<li><strong>Director de la tesis<\/strong>\n<ul>\n<li> \u00e1lvarez Gonz\u00e1lez Francisco Javier<\/li>\n<\/ul>\n<\/li>\n<li><strong>Tribunal<\/strong>\n<ul>\n<li>Presidente del tribunal: clemente Muriel viloria <\/li>\n<li>pablo Monedero rodr\u00edguez (vocal)<\/li>\n<li> Gonzalez gonzalez Juan  Antonio (vocal)<\/li>\n<li>Jos\u00e9 Mar\u00eda Palanca san Francisco (vocal)<\/li>\n<\/ul>\n<\/li>\n<\/ul>\n<p>&nbsp;<\/p>\n","protected":false},"excerpt":{"rendered":"<p>Tesis doctoral de Gema Rodriguez Ceron Las reacciones al\u00e9rgicas durante la anestesia constituyen una preocupaci\u00f3n para los anestesi\u00f3logos, ya que [&hellip;]<\/p>\n","protected":false},"author":1,"featured_media":0,"comment_status":"open","ping_status":"open","sticky":false,"template":"","format":"standard","meta":{"site-sidebar-layout":"default","site-content-layout":"","ast-site-content-layout":"","site-content-style":"default","site-sidebar-style":"default","ast-global-header-display":"","ast-banner-title-visibility":"","ast-main-header-display":"","ast-hfb-above-header-display":"","ast-hfb-below-header-display":"","ast-hfb-mobile-header-display":"","site-post-title":"","ast-breadcrumbs-content":"","ast-featured-img":"","footer-sml-layout":"","theme-transparent-header-meta":"","adv-header-id-meta":"","stick-header-meta":"","header-above-stick-meta":"","header-main-stick-meta":"","header-below-stick-meta":"","astra-migrate-meta-layouts":"default","ast-page-background-enabled":"default","ast-page-background-meta":{"desktop":{"background-color":"var(--ast-global-color-4)","background-image":"","background-repeat":"repeat","background-position":"center center","background-size":"auto","background-attachment":"scroll","background-type":"","background-media":"","overlay-type":"","overlay-color":"","overlay-gradient":""},"tablet":{"background-color":"","background-image":"","background-repeat":"repeat","background-position":"center center","background-size":"auto","background-attachment":"scroll","background-type":"","background-media":"","overlay-type":"","overlay-color":"","overlay-gradient":""},"mobile":{"background-color":"","background-image":"","background-repeat":"repeat","background-position":"center center","background-size":"auto","background-attachment":"scroll","background-type":"","background-media":"","overlay-type":"","overlay-color":"","overlay-gradient":""}},"ast-content-background-meta":{"desktop":{"background-color":"var(--ast-global-color-5)","background-image":"","background-repeat":"repeat","background-position":"center center","background-size":"auto","background-attachment":"scroll","background-type":"","background-media":"","overlay-type":"","overlay-color":"","overlay-gradient":""},"tablet":{"background-color":"var(--ast-global-color-5)","background-image":"","background-repeat":"repeat","background-position":"center center","background-size":"auto","background-attachment":"scroll","background-type":"","background-media":"","overlay-type":"","overlay-color":"","overlay-gradient":""},"mobile":{"background-color":"var(--ast-global-color-5)","background-image":"","background-repeat":"repeat","background-position":"center center","background-size":"auto","background-attachment":"scroll","background-type":"","background-media":"","overlay-type":"","overlay-color":"","overlay-gradient":""}},"footnotes":""},"categories":[9,2445,957,12451],"tags":[12800,53189,170253,9612,8550,71033],"class_list":["post-79311","post","type-post","status-publish","format-standard","hentry","category-ciencias-medicas","category-evaluacion-de-farmacos","category-farmacologia","category-valladolid","tag-alvarez-gonzalez-francisco-javier","tag-clemente-muriel-viloria","tag-gema-rodriguez-ceron","tag-gonzalez-gonzalez-juan-antonio","tag-jose-maria-palanca-san-francisco","tag-pablo-monedero-rodriguez"],"_links":{"self":[{"href":"https:\/\/www.deberes.net\/tesis\/wp-json\/wp\/v2\/posts\/79311","targetHints":{"allow":["GET"]}}],"collection":[{"href":"https:\/\/www.deberes.net\/tesis\/wp-json\/wp\/v2\/posts"}],"about":[{"href":"https:\/\/www.deberes.net\/tesis\/wp-json\/wp\/v2\/types\/post"}],"author":[{"embeddable":true,"href":"https:\/\/www.deberes.net\/tesis\/wp-json\/wp\/v2\/users\/1"}],"replies":[{"embeddable":true,"href":"https:\/\/www.deberes.net\/tesis\/wp-json\/wp\/v2\/comments?post=79311"}],"version-history":[{"count":0,"href":"https:\/\/www.deberes.net\/tesis\/wp-json\/wp\/v2\/posts\/79311\/revisions"}],"wp:attachment":[{"href":"https:\/\/www.deberes.net\/tesis\/wp-json\/wp\/v2\/media?parent=79311"}],"wp:term":[{"taxonomy":"category","embeddable":true,"href":"https:\/\/www.deberes.net\/tesis\/wp-json\/wp\/v2\/categories?post=79311"},{"taxonomy":"post_tag","embeddable":true,"href":"https:\/\/www.deberes.net\/tesis\/wp-json\/wp\/v2\/tags?post=79311"}],"curies":[{"name":"wp","href":"https:\/\/api.w.org\/{rel}","templated":true}]}}