{"id":79317,"date":"2018-03-09T23:25:10","date_gmt":"2018-03-09T23:25:10","guid":{"rendered":"https:\/\/www.deberes.net\/tesis\/sin-categoria\/las-sociedades-agrarias-de-transformacion-y-su-utilidad-para-la-actividad-forestal\/"},"modified":"2018-03-09T23:25:10","modified_gmt":"2018-03-09T23:25:10","slug":"las-sociedades-agrarias-de-transformacion-y-su-utilidad-para-la-actividad-forestal","status":"publish","type":"post","link":"https:\/\/www.deberes.net\/tesis\/ciencias-agrarias\/las-sociedades-agrarias-de-transformacion-y-su-utilidad-para-la-actividad-forestal\/","title":{"rendered":"Las sociedades agrarias de transformacion y su utilidad para la actividad forestal"},"content":{"rendered":"<h2>Tesis doctoral de <strong>  M\u00fazquiz Vicente-arche Jos\u00e9 Ignacio <\/strong><\/h2>\n<p>Tras la guerra civil espa\u00f1ola aparecen, como consecuencia de determinadas obras o mejoras agrarias, unas figuras similares a los consorcios que se fueron transformando en los que se denominaron grupos sindicales de colonizaci\u00f3n y que a partir de 1981 fueron transformados en las actuales sociedades agrarias de transformaci\u00f3n.  es evidente que entre aquellos consorcios primitivos y las actuales sociedades agrarias de transformaci\u00f3n hay profundas e importantes diferencias.  como se ha indicado, la evoluci\u00f3n de la normativa en materia societaria ha sido muy importante en los \u00faltimos a\u00f1os. El c\u00f3digo de comercio planteaba someramente la legislaci\u00f3n en materia de sociedades an\u00f3nimas, colectivas y comunitarias a finales del siglo xix, la sociedad an\u00f3nima tuvo su legislaci\u00f3n espec\u00edfica en 1951 y la de sociedades de responsabilidad limitada data de 1953. Estas legislaciones han sido modificadas en 1989 y 1995 respectivamente.  por lo que respecta a la legislaci\u00f3n sobre cooperativas, iniciada poco despu\u00e9s de la guerra civil ha ido modific\u00e1ndose a lo largo de los a\u00f1os hasta la actual legislaci\u00f3n estatal vigente de 1999.  estas anteriores formas jur\u00eddicas, instrumentos como las sat de la econom\u00eda y entes que ayudan al desarrollo de la misma, tienen una relevancia creciente en los momentos actuales.  las sat, como a lo largo de esta tesis se demostrar\u00e1, han sufrido un proceso de crecimiento verdaderamente importante, aunque no comparable con las cooperativas y sociedades mercantiles, bien es cierto que como consecuencia de su concreto objeto social. A\u00fan as\u00ed, el crecimiento tanto del n\u00famero de sat como de su volumen econ\u00f3mico es patente.  por otro lado, y en relaci\u00f3n con lo anterior es evidente que esta f\u00f3rmula jur\u00eddica ha tenido y tiene inter\u00e9s para un sector de la actividad, el sector agrario en el sentido amplio y una relevancia econ\u00f3mica importante. Sin embargo, su tratamiento doctrinal no ha sido lo suficientemen<\/p>\n<p>&nbsp;<\/p>\n<h3>Datos acad\u00e9micos de la tesis doctoral \u00ab<strong>Las sociedades agrarias de transformacion y su utilidad para la actividad forestal<\/strong>\u00ab<\/h3>\n<ul>\n<li><strong>T\u00edtulo de la tesis:<\/strong>\u00a0 Las sociedades agrarias de transformacion y su utilidad para la actividad forestal <\/li>\n<li><strong>Autor:<\/strong>\u00a0  M\u00fazquiz Vicente-arche Jos\u00e9 Ignacio <\/li>\n<li><strong>Universidad:<\/strong>\u00a0 Polit\u00e9cnica de Madrid<\/li>\n<li><strong>Fecha de lectura de la tesis:<\/strong>\u00a0 30\/03\/2006<\/li>\n<\/ul>\n<p>&nbsp;<\/p>\n<h3>Direcci\u00f3n y tribunal<\/h3>\n<ul>\n<li><strong>Director de la tesis<\/strong>\n<ul>\n<li>espinar L\u00f3pez Jos\u00e9 Luis Fern\u00e1ndez<\/li>\n<\/ul>\n<\/li>\n<li><strong>Tribunal<\/strong>\n<ul>\n<li>Presidente del tribunal:  Fern\u00e1ndez cavada-labat Jos\u00e9 Luis <\/li>\n<li>Jaime Rodriguez-ara\u00f1a mu\u00f1oz (vocal)<\/li>\n<li>enedina Calatayud pi\u00f1ero (vocal)<\/li>\n<li> Sequeira de fuentes Fernando (vocal)<\/li>\n<\/ul>\n<\/li>\n<\/ul>\n<p>&nbsp;<\/p>\n","protected":false},"excerpt":{"rendered":"<p>Tesis doctoral de M\u00fazquiz Vicente-arche Jos\u00e9 Ignacio Tras la guerra civil espa\u00f1ola aparecen, como consecuencia de determinadas obras o mejoras [&hellip;]<\/p>\n","protected":false},"author":1,"featured_media":0,"comment_status":"open","ping_status":"open","sticky":false,"template":"","format":"standard","meta":{"site-sidebar-layout":"default","site-content-layout":"","ast-site-content-layout":"","site-content-style":"default","site-sidebar-style":"default","ast-global-header-display":"","ast-banner-title-visibility":"","ast-main-header-display":"","ast-hfb-above-header-display":"","ast-hfb-below-header-display":"","ast-hfb-mobile-header-display":"","site-post-title":"","ast-breadcrumbs-content":"","ast-featured-img":"","footer-sml-layout":"","theme-transparent-header-meta":"","adv-header-id-meta":"","stick-header-meta":"","header-above-stick-meta":"","header-main-stick-meta":"","header-below-stick-meta":"","astra-migrate-meta-layouts":"default","ast-page-background-enabled":"default","ast-page-background-meta":{"desktop":{"background-color":"var(--ast-global-color-4)","background-image":"","background-repeat":"repeat","background-position":"center center","background-size":"auto","background-attachment":"scroll","background-type":"","background-media":"","overlay-type":"","overlay-color":"","overlay-gradient":""},"tablet":{"background-color":"","background-image":"","background-repeat":"repeat","background-position":"center center","background-size":"auto","background-attachment":"scroll","background-type":"","background-media":"","overlay-type":"","overlay-color":"","overlay-gradient":""},"mobile":{"background-color":"","background-image":"","background-repeat":"repeat","background-position":"center center","background-size":"auto","background-attachment":"scroll","background-type":"","background-media":"","overlay-type":"","overlay-color":"","overlay-gradient":""}},"ast-content-background-meta":{"desktop":{"background-color":"var(--ast-global-color-5)","background-image":"","background-repeat":"repeat","background-position":"center center","background-size":"auto","background-attachment":"scroll","background-type":"","background-media":"","overlay-type":"","overlay-color":"","overlay-gradient":""},"tablet":{"background-color":"var(--ast-global-color-5)","background-image":"","background-repeat":"repeat","background-position":"center center","background-size":"auto","background-attachment":"scroll","background-type":"","background-media":"","overlay-type":"","overlay-color":"","overlay-gradient":""},"mobile":{"background-color":"var(--ast-global-color-5)","background-image":"","background-repeat":"repeat","background-position":"center center","background-size":"auto","background-attachment":"scroll","background-type":"","background-media":"","overlay-type":"","overlay-color":"","overlay-gradient":""}},"footnotes":""},"categories":[494,2002,2429,16008],"tags":[105920,170268,16457,3456,170267,36685],"class_list":["post-79317","post","type-post","status-publish","format-standard","hentry","category-ciencias-agrarias","category-florestas","category-ordenacion-de-montes","category-politecnica-de-madrid","tag-enedina-calatayud-pinero","tag-espinar-lopez-jose-luis-fernandez","tag-fernandez-cavada-labat-jose-luis","tag-jaime-rodriguez-arana-munoz","tag-muzquiz-vicente-arche-jose-ignacio","tag-sequeira-de-fuentes-fernando"],"_links":{"self":[{"href":"https:\/\/www.deberes.net\/tesis\/wp-json\/wp\/v2\/posts\/79317","targetHints":{"allow":["GET"]}}],"collection":[{"href":"https:\/\/www.deberes.net\/tesis\/wp-json\/wp\/v2\/posts"}],"about":[{"href":"https:\/\/www.deberes.net\/tesis\/wp-json\/wp\/v2\/types\/post"}],"author":[{"embeddable":true,"href":"https:\/\/www.deberes.net\/tesis\/wp-json\/wp\/v2\/users\/1"}],"replies":[{"embeddable":true,"href":"https:\/\/www.deberes.net\/tesis\/wp-json\/wp\/v2\/comments?post=79317"}],"version-history":[{"count":0,"href":"https:\/\/www.deberes.net\/tesis\/wp-json\/wp\/v2\/posts\/79317\/revisions"}],"wp:attachment":[{"href":"https:\/\/www.deberes.net\/tesis\/wp-json\/wp\/v2\/media?parent=79317"}],"wp:term":[{"taxonomy":"category","embeddable":true,"href":"https:\/\/www.deberes.net\/tesis\/wp-json\/wp\/v2\/categories?post=79317"},{"taxonomy":"post_tag","embeddable":true,"href":"https:\/\/www.deberes.net\/tesis\/wp-json\/wp\/v2\/tags?post=79317"}],"curies":[{"name":"wp","href":"https:\/\/api.w.org\/{rel}","templated":true}]}}