{"id":79373,"date":"2018-03-09T23:25:10","date_gmt":"2018-03-09T23:25:10","guid":{"rendered":"https:\/\/www.deberes.net\/tesis\/sin-categoria\/diferentes-aspectos-de-la-dinamica-de-la-ria-de-ferrol\/"},"modified":"2018-03-09T23:25:10","modified_gmt":"2018-03-09T23:25:10","slug":"diferentes-aspectos-de-la-dinamica-de-la-ria-de-ferrol","status":"publish","type":"post","link":"https:\/\/www.deberes.net\/tesis\/cadiz\/diferentes-aspectos-de-la-dinamica-de-la-ria-de-ferrol\/","title":{"rendered":"Diferentes aspectos de la dinamica de la ria de ferrol"},"content":{"rendered":"<h2>Tesis doctoral de <strong> Luis Arevalo Diaz Del Rio <\/strong><\/h2>\n<p>En este trabajo se presenta un estudio sobre la din\u00e1mica de la r\u00eda de ferrol, principalmente en el \u00e1rea del umbral del canal, utilizando una base de datos obtenida dentro de las actividades de mar de un proyecto feder, llevado a cabo por un grupo de personas del centro oceanogr\u00e1fico de a coru\u00f1a. Los objetivos concretos del trabajo son el estudio de: la din\u00e1mica de la onda de marea superficial y su campo de corrientes asociado; la din\u00e1mica de efectos internos del fluido y la din\u00e1mica de la circulaci\u00f3n residual de baja frecuencia. Entre otros, los resultados m\u00e1s destacados son los siguientes:   1)din\u00e1mica de la onda de marea y campo de corrientes asociado. la marea en la r\u00eda es eminentemente semidiurna con modulaciones: quincenal y mesual. La onda de marea tiene una componente progresiva, con las corrientes adelantando al nivel del mar. La p\u00e9rdida de energ\u00eda de la onda, en su tr\u00e1nsito a lo largo del umbral de canal, supone el 74% del total de la energ\u00eda que penetra en la r\u00eda. Existe asimetr\u00eda entre las intensidades y la duraci\u00f3n de los semiciclos de corrientes entrante y vaciante.  2)din\u00e1mica de procesos internos del fluido. en el \u00e1rea del umbral, se produce un salto hidr\u00e1ulico interno durante cada semiciclo de corrientes barotr\u00f3picas de salida de agua de la r\u00eda, acompa\u00f1ado de un tremendo proceso de mezcla vertical. La formaci\u00f3n del salto hidr\u00e1ulico y su posterior liberaci\u00f3n como un bore interno, dejan huella impresa sobre el campo de corrientes barotr\u00f3pico. existe una marea interna superficial de 12.42 horas de periodo general, en el umbral, por la onda de marea barotr\u00f3pica, siendo su car\u00e1cter de tipo progresivo y cuasi-estacionario. Asociado a la onda interma se da un campo de corrientes baroclino que minoriza la corriente barotr\u00f3pica en superficial y la refuerza en fondo.  3)din\u00e1mica residual. la circulaci\u00f3n de las masas de agua responde a un triple forzamiento: a)el estr\u00e9s del viento establece una respuesta longitudinal baroclina de las corrientes. B)un gradiente transversal de densidad (asociado al salto hidr\u00e1ulico) genera una estructura gravitacional de corrientes transversales. C)la componente progresiva de la onda de marea introudce masas de agua en el canal que son devueltas por transporte euler; este transporte establece un sistema circulatorio longitudinal: la parte fluctuante est\u00e1 asociada a efectos no lineales de largo periodo de la marea, generados por la fricci\u00f3n de fondo; la componente cuasi-estacionaria se organiza, recirculando por la parte sur del canal, alimentado el sistema transversal de corrientes gravitacionales.<\/p>\n<p>&nbsp;<\/p>\n<h3>Datos acad\u00e9micos de la tesis doctoral \u00ab<strong>Diferentes aspectos de la dinamica de la ria de ferrol<\/strong>\u00ab<\/h3>\n<ul>\n<li><strong>T\u00edtulo de la tesis:<\/strong>\u00a0 Diferentes aspectos de la dinamica de la ria de ferrol <\/li>\n<li><strong>Autor:<\/strong>\u00a0 Luis Arevalo Diaz Del Rio <\/li>\n<li><strong>Universidad:<\/strong>\u00a0 C\u00e1diz<\/li>\n<li><strong>Fecha de lectura de la tesis:<\/strong>\u00a0 31\/03\/2006<\/li>\n<\/ul>\n<p>&nbsp;<\/p>\n<h3>Direcci\u00f3n y tribunal<\/h3>\n<ul>\n<li><strong>Director de la tesis<\/strong>\n<ul>\n<li>Miguel Bruno Mej\u00edas<\/li>\n<\/ul>\n<\/li>\n<li><strong>Tribunal<\/strong>\n<ul>\n<li>Presidente del tribunal: bego\u00f1a Tejedor alvarez <\/li>\n<li>Jos\u00e9 ramon Pascual dominguez-gil (vocal)<\/li>\n<li>josep llu\u00eds Pelegr\u00ed llopart (vocal)<\/li>\n<li>gabriel Roson porto (vocal)<\/li>\n<\/ul>\n<\/li>\n<\/ul>\n<p>&nbsp;<\/p>\n","protected":false},"excerpt":{"rendered":"<p>Tesis doctoral de Luis Arevalo Diaz Del Rio En este trabajo se presenta un estudio sobre la din\u00e1mica de la [&hellip;]<\/p>\n","protected":false},"author":1,"featured_media":0,"comment_status":"open","ping_status":"open","sticky":false,"template":"","format":"standard","meta":{"site-sidebar-layout":"default","site-content-layout":"","ast-site-content-layout":"","site-content-style":"default","site-sidebar-style":"default","ast-global-header-display":"","ast-banner-title-visibility":"","ast-main-header-display":"","ast-hfb-above-header-display":"","ast-hfb-below-header-display":"","ast-hfb-mobile-header-display":"","site-post-title":"","ast-breadcrumbs-content":"","ast-featured-img":"","footer-sml-layout":"","theme-transparent-header-meta":"","adv-header-id-meta":"","stick-header-meta":"","header-above-stick-meta":"","header-main-stick-meta":"","header-below-stick-meta":"","astra-migrate-meta-layouts":"default","ast-page-background-enabled":"default","ast-page-background-meta":{"desktop":{"background-color":"var(--ast-global-color-4)","background-image":"","background-repeat":"repeat","background-position":"center center","background-size":"auto","background-attachment":"scroll","background-type":"","background-media":"","overlay-type":"","overlay-color":"","overlay-gradient":""},"tablet":{"background-color":"","background-image":"","background-repeat":"repeat","background-position":"center center","background-size":"auto","background-attachment":"scroll","background-type":"","background-media":"","overlay-type":"","overlay-color":"","overlay-gradient":""},"mobile":{"background-color":"","background-image":"","background-repeat":"repeat","background-position":"center center","background-size":"auto","background-attachment":"scroll","background-type":"","background-media":"","overlay-type":"","overlay-color":"","overlay-gradient":""}},"ast-content-background-meta":{"desktop":{"background-color":"var(--ast-global-color-5)","background-image":"","background-repeat":"repeat","background-position":"center center","background-size":"auto","background-attachment":"scroll","background-type":"","background-media":"","overlay-type":"","overlay-color":"","overlay-gradient":""},"tablet":{"background-color":"var(--ast-global-color-5)","background-image":"","background-repeat":"repeat","background-position":"center center","background-size":"auto","background-attachment":"scroll","background-type":"","background-media":"","overlay-type":"","overlay-color":"","overlay-gradient":""},"mobile":{"background-color":"var(--ast-global-color-5)","background-image":"","background-repeat":"repeat","background-position":"center center","background-size":"auto","background-attachment":"scroll","background-type":"","background-media":"","overlay-type":"","overlay-color":"","overlay-gradient":""}},"footnotes":""},"categories":[1506,19634,1876],"tags":[26274,34969,170382,57674,170381,34420],"class_list":["post-79373","post","type-post","status-publish","format-standard","hentry","category-cadiz","category-oceanografia-descriptiva","category-oceanografia-fisica","tag-begona-tejedor-alvarez","tag-gabriel-roson-porto","tag-jose-ramon-pascual-dominguez-gil","tag-josep-lluis-pelegri-llopart","tag-luis-arevalo-diaz-del-rio","tag-miguel-bruno-mejias"],"_links":{"self":[{"href":"https:\/\/www.deberes.net\/tesis\/wp-json\/wp\/v2\/posts\/79373","targetHints":{"allow":["GET"]}}],"collection":[{"href":"https:\/\/www.deberes.net\/tesis\/wp-json\/wp\/v2\/posts"}],"about":[{"href":"https:\/\/www.deberes.net\/tesis\/wp-json\/wp\/v2\/types\/post"}],"author":[{"embeddable":true,"href":"https:\/\/www.deberes.net\/tesis\/wp-json\/wp\/v2\/users\/1"}],"replies":[{"embeddable":true,"href":"https:\/\/www.deberes.net\/tesis\/wp-json\/wp\/v2\/comments?post=79373"}],"version-history":[{"count":0,"href":"https:\/\/www.deberes.net\/tesis\/wp-json\/wp\/v2\/posts\/79373\/revisions"}],"wp:attachment":[{"href":"https:\/\/www.deberes.net\/tesis\/wp-json\/wp\/v2\/media?parent=79373"}],"wp:term":[{"taxonomy":"category","embeddable":true,"href":"https:\/\/www.deberes.net\/tesis\/wp-json\/wp\/v2\/categories?post=79373"},{"taxonomy":"post_tag","embeddable":true,"href":"https:\/\/www.deberes.net\/tesis\/wp-json\/wp\/v2\/tags?post=79373"}],"curies":[{"name":"wp","href":"https:\/\/api.w.org\/{rel}","templated":true}]}}