{"id":79378,"date":"2006-03-04T00:00:00","date_gmt":"2006-03-04T00:00:00","guid":{"rendered":""},"modified":"2006-03-04T00:00:00","modified_gmt":"2006-03-04T00:00:00","slug":"alucinaciones-auditivas-en-la-esquizofrenia-estudio-del-metabolismo-cerebral-mediante-pet-con-f18-fdg-durante-el-primer-episodio-psicotico-tras-remision-cla%c2%adnica-y-tras-estimulacion-auditivo-l","status":"publish","type":"post","link":"https:\/\/www.deberes.net\/tesis\/psicologia\/alucinaciones-auditivas-en-la-esquizofrenia-estudio-del-metabolismo-cerebral-mediante-pet-con-f18-fdg-durante-el-primer-episodio-psicotico-tras-remision-cla%c2%adnica-y-tras-estimulacion-auditivo-l\/","title":{"rendered":"Alucinaciones auditivas en la esquizofrenia: estudio del metabolismo cerebral mediante pet con f18 -fdg durante el primer episodio psic\u00f3tico, tras remisi\u00f3n cl\u00ednica y tras estimulaci\u00f3n auditivo-lingu\u00edstica"},"content":{"rendered":"<h2>Tesis doctoral de <strong> Mireia Font Planells <\/strong><\/h2>\n<p>Hip\u00f3tesis de trabajo     las alucinaciones auditivas verbales (aav) end\u00f3genas de los pacientes con esquizofren\u00eda se asocian a la activaci\u00f3n de \u00e1reas cerebrales especializadas en la percepci\u00f3n del lenguaje externo tales como el c\u00f3rtex auditivo primario y secundario, las \u00e1reas de broca y wernicke, el complejo am\u00edgdalo-hipocampal, y el c\u00f3rtex cingular anterior.  objetivo general     evaluar el metabolismo cerebral regional mediante pet f18 -fdg en un grupo homog\u00e9neo de pacientes con esquizofrenia en su primer episodio psic\u00f3tico y con aav prominentes, basalmente durante la enfermedad aguda (ea), tras la remisi\u00f3n de la sintomatolog\u00eda alucinatoria (rc) y tras la estimulaci\u00f3n auditivo-ling\u00ed\u00bc\u00edstica (eal).  objetivos concretos     1,- identificar las \u00e1reas cerebrales que est\u00e1n especialmente activadas en pacientes esquizofr\u00e9nicos con alucinaciones auditivas prominentes.     2,- examinar el funcionalismo cerebral de los pacientes esquizofr\u00e9nicos en respuesta a la eal comparando las regiones cerebrales activadas durante la eal con las activadas durante las alucinaciones auditivas generadas end\u00f3genamente.  m\u00e9todo     estudio longitudinal prospectivo, abierto, unic\u00e9ntrico, comparativo, de medidas repetidas cl\u00ednicas y con pet -f18- fdg.     se realizaron evaluaciones cl\u00ednicas y psicopatol\u00f3gicas con especial \u00e9nfasis en la actividad alucinatoria auditiva y exploraciones de neuroimagen funcional mediante pet-f18 -fdg en tres situaciones: basal (ea), durante la remisi\u00f3n cl\u00ednica (rc) despu\u00e9s del tratamiento antispic\u00f3tico y durante la estimulaci\u00f3n auditivo-ling\u00ed\u00bc\u00edstica (eal) mediante casos bilaterales que mimetizaban los contenidos de las alucinaciones auditivas que experimentaron durante el primer pet. Se utiliz\u00f3 una tomoc\u00e1mara modelo advance nxi de gems. Se realiz\u00f3 un realinamiento intrasujeto, normalizaci\u00f3n espacial y an\u00e1lisis estad\u00edstico de im\u00e1genes pet mediante spm2. Las diferencias entre ea-rc y eal-rc fueron evaluadas esta<\/p>\n<p>&nbsp;<\/p>\n<h3>Datos acad\u00e9micos de la tesis doctoral \u00ab<strong>Alucinaciones auditivas en la esquizofrenia: estudio del metabolismo cerebral mediante pet con f18 -fdg durante el primer episodio psic\u00f3tico, tras remisi\u00f3n cl\u00ednica y tras estimulaci\u00f3n auditivo-lingu\u00edstica<\/strong>\u00ab<\/h3>\n<ul>\n<li><strong>T\u00edtulo de la tesis:<\/strong>\u00a0 Alucinaciones auditivas en la esquizofrenia: estudio del metabolismo cerebral mediante pet con f18 -fdg durante el primer episodio psic\u00f3tico, tras remisi\u00f3n cl\u00ednica y tras estimulaci\u00f3n auditivo-lingu\u00edstica <\/li>\n<li><strong>Autor:<\/strong>\u00a0 Mireia Font Planells <\/li>\n<li><strong>Universidad:<\/strong>\u00a0 Barcelona<\/li>\n<li><strong>Fecha de lectura de la tesis:<\/strong>\u00a0 03\/04\/2006<\/li>\n<\/ul>\n<p>&nbsp;<\/p>\n<h3>Direcci\u00f3n y tribunal<\/h3>\n<ul>\n<li><strong>Director de la tesis<\/strong>\n<ul>\n<li>Eduard Parellada Rodon<\/li>\n<\/ul>\n<\/li>\n<li><strong>Tribunal<\/strong>\n<ul>\n<li>Presidente del tribunal: camilo jose Cela conde <\/li>\n<li> L\u00f3pez-ibor a llocer m. ines (vocal)<\/li>\n<li>Miguel Gutierrez fraile (vocal)<\/li>\n<li>Manuel Valdes miyar (vocal)<\/li>\n<\/ul>\n<\/li>\n<\/ul>\n<p>&nbsp;<\/p>\n","protected":false},"excerpt":{"rendered":"<p>Tesis doctoral de Mireia Font Planells Hip\u00f3tesis de trabajo las alucinaciones auditivas verbales (aav) end\u00f3genas de los pacientes con esquizofren\u00eda [&hellip;]<\/p>\n","protected":false},"author":1,"featured_media":0,"comment_status":"open","ping_status":"open","sticky":false,"template":"","format":"standard","meta":{"site-sidebar-layout":"default","site-content-layout":"","ast-site-content-layout":"","site-content-style":"default","site-sidebar-style":"default","ast-global-header-display":"","ast-banner-title-visibility":"","ast-main-header-display":"","ast-hfb-above-header-display":"","ast-hfb-below-header-display":"","ast-hfb-mobile-header-display":"","site-post-title":"","ast-breadcrumbs-content":"","ast-featured-img":"","footer-sml-layout":"","theme-transparent-header-meta":"","adv-header-id-meta":"","stick-header-meta":"","header-above-stick-meta":"","header-main-stick-meta":"","header-below-stick-meta":"","astra-migrate-meta-layouts":"default","ast-page-background-enabled":"default","ast-page-background-meta":{"desktop":{"background-color":"var(--ast-global-color-4)","background-image":"","background-repeat":"repeat","background-position":"center center","background-size":"auto","background-attachment":"scroll","background-type":"","background-media":"","overlay-type":"","overlay-color":"","overlay-gradient":""},"tablet":{"background-color":"","background-image":"","background-repeat":"repeat","background-position":"center center","background-size":"auto","background-attachment":"scroll","background-type":"","background-media":"","overlay-type":"","overlay-color":"","overlay-gradient":""},"mobile":{"background-color":"","background-image":"","background-repeat":"repeat","background-position":"center center","background-size":"auto","background-attachment":"scroll","background-type":"","background-media":"","overlay-type":"","overlay-color":"","overlay-gradient":""}},"ast-content-background-meta":{"desktop":{"background-color":"var(--ast-global-color-5)","background-image":"","background-repeat":"repeat","background-position":"center center","background-size":"auto","background-attachment":"scroll","background-type":"","background-media":"","overlay-type":"","overlay-color":"","overlay-gradient":""},"tablet":{"background-color":"var(--ast-global-color-5)","background-image":"","background-repeat":"repeat","background-position":"center center","background-size":"auto","background-attachment":"scroll","background-type":"","background-media":"","overlay-type":"","overlay-color":"","overlay-gradient":""},"mobile":{"background-color":"var(--ast-global-color-5)","background-image":"","background-repeat":"repeat","background-position":"center center","background-size":"auto","background-attachment":"scroll","background-type":"","background-media":"","overlay-type":"","overlay-color":"","overlay-gradient":""}},"footnotes":""},"categories":[951,324,1408],"tags":[27126,20240,170392,13671,1829,170391],"class_list":["post-79378","post","type-post","status-publish","format-standard","hentry","category-barcelona","category-psicologia","category-psiquiatria","tag-camilo-jose-cela-conde","tag-eduard-parellada-rodon","tag-lopez-ibor-a-llocer-m-ines","tag-manuel-valdes-miyar","tag-miguel-gutierrez-fraile","tag-mireia-font-planells"],"_links":{"self":[{"href":"https:\/\/www.deberes.net\/tesis\/wp-json\/wp\/v2\/posts\/79378","targetHints":{"allow":["GET"]}}],"collection":[{"href":"https:\/\/www.deberes.net\/tesis\/wp-json\/wp\/v2\/posts"}],"about":[{"href":"https:\/\/www.deberes.net\/tesis\/wp-json\/wp\/v2\/types\/post"}],"author":[{"embeddable":true,"href":"https:\/\/www.deberes.net\/tesis\/wp-json\/wp\/v2\/users\/1"}],"replies":[{"embeddable":true,"href":"https:\/\/www.deberes.net\/tesis\/wp-json\/wp\/v2\/comments?post=79378"}],"version-history":[{"count":0,"href":"https:\/\/www.deberes.net\/tesis\/wp-json\/wp\/v2\/posts\/79378\/revisions"}],"wp:attachment":[{"href":"https:\/\/www.deberes.net\/tesis\/wp-json\/wp\/v2\/media?parent=79378"}],"wp:term":[{"taxonomy":"category","embeddable":true,"href":"https:\/\/www.deberes.net\/tesis\/wp-json\/wp\/v2\/categories?post=79378"},{"taxonomy":"post_tag","embeddable":true,"href":"https:\/\/www.deberes.net\/tesis\/wp-json\/wp\/v2\/tags?post=79378"}],"curies":[{"name":"wp","href":"https:\/\/api.w.org\/{rel}","templated":true}]}}