{"id":79415,"date":"2006-05-04T00:00:00","date_gmt":"2006-05-04T00:00:00","guid":{"rendered":"https:\/\/www.deberes.net\/tesis\/sin-categoria\/consideraciones-geograficas-en-torno-al-binomio-clima-turismo-aplicacion-al-litoral-alicantino\/"},"modified":"2006-05-04T00:00:00","modified_gmt":"2006-05-04T00:00:00","slug":"consideraciones-geograficas-en-torno-al-binomio-clima-turismo-aplicacion-al-litoral-alicantino","status":"publish","type":"post","link":"https:\/\/www.deberes.net\/tesis\/ciencias-de-la-tierra-y-del-espacio\/consideraciones-geograficas-en-torno-al-binomio-clima-turismo-aplicacion-al-litoral-alicantino\/","title":{"rendered":"Consideraciones geogr\u00e1ficas en torno al binomio clima-turismo: aplicaci\u00f3n al litoral alicantino"},"content":{"rendered":"<h2>Tesis doctoral de <strong> Emilio Mart\u00ednez Ibarra <\/strong><\/h2>\n<p>En apretado balance, entre los resultados m\u00e1s significativos cabe se\u00f1alar los que a continuaci\u00f3n se enumeran:-contribuci\u00f3n al desarrollo del cuerpo te\u00f3rico-metodol\u00f3gico de las relaciones del binomio clima-turismo, particularmente en lo relativo a la significaci\u00f3n del tiempo y el clima en las actividades tur\u00edsticas, como recurso, atractivo y factor de localizaci\u00f3n de la actividad tur\u00edstica, as\u00ed como en lo concerniente a la influencia de la irregularidad meteorol\u00f3gica y clim\u00e1tica en la actividad tur\u00edstica, aspecto este \u00faltimo entre los que se ha incluido los posibles efectos de la modificaci\u00f3n del balance energ\u00e9tico planetario por causas antr\u00f3picas en el fen\u00f3meno tur\u00edstico. -reflexi\u00f3n cr\u00edtica a cerca de las nuevas metodolog\u00edas que tratan de evaluar el potencial clim\u00e1tico-tur\u00edstico. Al respecto, como aspecto m\u00e1s novedoso resulta conveniente subrayar el an\u00e1lisis realizado sobre las recientes propuestas relativas al confort t\u00e9rmico, en definitiva, concernientes al an\u00e1lisis del balance energ\u00e9tico cuerpo-medio, as\u00ed como el estudio llevado a cabo en torno a los nuevos planteamientos metodol\u00f3gicos aportados desde el \u00e1mbito anglosaj\u00f3n. -Evaluaci\u00f3n de la aptitud clim\u00e1tica del litoral alicantino para el turismo de sol y playa a partir de una nueva propuesta formulada por el doctorando, en la que adem\u00e1s se ha analizado la diversidad espacio-temporal del mismo para el conjunto de la costa alicantina. -Aproximaci\u00f3n a aquellos riesgos clim\u00e1ticos que pueden comportar en mayor medida situaciones de incertidumbre en la actividad tur\u00edstica en el litoral alicantino, tales como el riesgo de inundaciones, temporales mar\u00edtimos, sequ\u00edas e incendios forestales. -An\u00e1lisis de las relaciones clima-turismo a partir de las referencias reflejadas en la prensa local de benidorm (1969-2003), tanto de aqu\u00e9llas que reflejan la condici\u00f3n del clima como recurso tur\u00edstico como las que muestran que el clima es, asimismo, un factor l<\/p>\n<p>&nbsp;<\/p>\n<h3>Datos acad\u00e9micos de la tesis doctoral \u00ab<strong>Consideraciones geogr\u00e1ficas en torno al binomio clima-turismo: aplicaci\u00f3n al litoral alicantino<\/strong>\u00ab<\/h3>\n<ul>\n<li><strong>T\u00edtulo de la tesis:<\/strong>\u00a0 Consideraciones geogr\u00e1ficas en torno al binomio clima-turismo: aplicaci\u00f3n al litoral alicantino <\/li>\n<li><strong>Autor:<\/strong>\u00a0 Emilio Mart\u00ednez Ibarra <\/li>\n<li><strong>Universidad:<\/strong>\u00a0 Alicante<\/li>\n<li><strong>Fecha de lectura de la tesis:<\/strong>\u00a0 05\/04\/2006<\/li>\n<\/ul>\n<p>&nbsp;<\/p>\n<h3>Direcci\u00f3n y tribunal<\/h3>\n<ul>\n<li><strong>Director de la tesis<\/strong>\n<ul>\n<li>Jorge Olcina Cantos<\/li>\n<\/ul>\n<\/li>\n<li><strong>Tribunal<\/strong>\n<ul>\n<li>Presidente del tribunal: alfredo Morales gil <\/li>\n<li>Jos\u00e9 Quereda sala (vocal)<\/li>\n<li>felipe Fernandez garcia (vocal)<\/li>\n<li>m. belen Gomez martin (vocal)<\/li>\n<\/ul>\n<\/li>\n<\/ul>\n<p>&nbsp;<\/p>\n","protected":false},"excerpt":{"rendered":"<p>Tesis doctoral de Emilio Mart\u00ednez Ibarra En apretado balance, entre los resultados m\u00e1s significativos cabe se\u00f1alar los que a continuaci\u00f3n [&hellip;]<\/p>\n","protected":false},"author":1,"featured_media":0,"comment_status":"open","ping_status":"open","sticky":false,"template":"","format":"standard","meta":{"site-sidebar-layout":"default","site-content-layout":"","ast-site-content-layout":"","site-content-style":"default","site-sidebar-style":"default","ast-global-header-display":"","ast-banner-title-visibility":"","ast-main-header-display":"","ast-hfb-above-header-display":"","ast-hfb-below-header-display":"","ast-hfb-mobile-header-display":"","site-post-title":"","ast-breadcrumbs-content":"","ast-featured-img":"","footer-sml-layout":"","theme-transparent-header-meta":"","adv-header-id-meta":"","stick-header-meta":"","header-above-stick-meta":"","header-main-stick-meta":"","header-below-stick-meta":"","astra-migrate-meta-layouts":"default","ast-page-background-enabled":"default","ast-page-background-meta":{"desktop":{"background-color":"var(--ast-global-color-4)","background-image":"","background-repeat":"repeat","background-position":"center center","background-size":"auto","background-attachment":"scroll","background-type":"","background-media":"","overlay-type":"","overlay-color":"","overlay-gradient":""},"tablet":{"background-color":"","background-image":"","background-repeat":"repeat","background-position":"center center","background-size":"auto","background-attachment":"scroll","background-type":"","background-media":"","overlay-type":"","overlay-color":"","overlay-gradient":""},"mobile":{"background-color":"","background-image":"","background-repeat":"repeat","background-position":"center center","background-size":"auto","background-attachment":"scroll","background-type":"","background-media":"","overlay-type":"","overlay-color":"","overlay-gradient":""}},"ast-content-background-meta":{"desktop":{"background-color":"var(--ast-global-color-5)","background-image":"","background-repeat":"repeat","background-position":"center center","background-size":"auto","background-attachment":"scroll","background-type":"","background-media":"","overlay-type":"","overlay-color":"","overlay-gradient":""},"tablet":{"background-color":"var(--ast-global-color-5)","background-image":"","background-repeat":"repeat","background-position":"center center","background-size":"auto","background-attachment":"scroll","background-type":"","background-media":"","overlay-type":"","overlay-color":"","overlay-gradient":""},"mobile":{"background-color":"var(--ast-global-color-5)","background-image":"","background-repeat":"repeat","background-position":"center center","background-size":"auto","background-attachment":"scroll","background-type":"","background-media":"","overlay-type":"","overlay-color":"","overlay-gradient":""}},"footnotes":""},"categories":[19166,5997,27,4329,7201,12364,1399,3090],"tags":[41229,170458,29598,67710,19355,61558],"class_list":["post-79415","post","type-post","status-publish","format-standard","hentry","category-alicante","category-bioclimatologia","category-ciencias-de-la-tierra-y-del-espacio","category-climatologia","category-climatologia-analitica","category-climatologia-aplicada","category-geografia","category-geografia-regional","tag-alfredo-morales-gil","tag-emilio-Martinez-ibarra","tag-felipe-fernandez-garcia","tag-jorge-olcina-cantos","tag-jose-quereda-sala","tag-m-belen-gomez-martin"],"_links":{"self":[{"href":"https:\/\/www.deberes.net\/tesis\/wp-json\/wp\/v2\/posts\/79415","targetHints":{"allow":["GET"]}}],"collection":[{"href":"https:\/\/www.deberes.net\/tesis\/wp-json\/wp\/v2\/posts"}],"about":[{"href":"https:\/\/www.deberes.net\/tesis\/wp-json\/wp\/v2\/types\/post"}],"author":[{"embeddable":true,"href":"https:\/\/www.deberes.net\/tesis\/wp-json\/wp\/v2\/users\/1"}],"replies":[{"embeddable":true,"href":"https:\/\/www.deberes.net\/tesis\/wp-json\/wp\/v2\/comments?post=79415"}],"version-history":[{"count":0,"href":"https:\/\/www.deberes.net\/tesis\/wp-json\/wp\/v2\/posts\/79415\/revisions"}],"wp:attachment":[{"href":"https:\/\/www.deberes.net\/tesis\/wp-json\/wp\/v2\/media?parent=79415"}],"wp:term":[{"taxonomy":"category","embeddable":true,"href":"https:\/\/www.deberes.net\/tesis\/wp-json\/wp\/v2\/categories?post=79415"},{"taxonomy":"post_tag","embeddable":true,"href":"https:\/\/www.deberes.net\/tesis\/wp-json\/wp\/v2\/tags?post=79415"}],"curies":[{"name":"wp","href":"https:\/\/api.w.org\/{rel}","templated":true}]}}