{"id":79417,"date":"2006-05-04T00:00:00","date_gmt":"2006-05-04T00:00:00","guid":{"rendered":"https:\/\/www.deberes.net\/tesis\/sin-categoria\/procesos-migratorios-e-integracion-socio-laboral-de-los-inmigrantes-rumanos-en-cataluna\/"},"modified":"2006-05-04T00:00:00","modified_gmt":"2006-05-04T00:00:00","slug":"procesos-migratorios-e-integracion-socio-laboral-de-los-inmigrantes-rumanos-en-cataluna","status":"publish","type":"post","link":"https:\/\/www.deberes.net\/tesis\/barcelona\/procesos-migratorios-e-integracion-socio-laboral-de-los-inmigrantes-rumanos-en-cataluna\/","title":{"rendered":"Procesos migratorios e integraci\u00f3n socio-laboral de los inmigrantes rumanos en catalu\u00f1a"},"content":{"rendered":"<h2>Tesis doctoral de <strong> Jos\u00e9 Miguel Pajares Alonso <\/strong><\/h2>\n<p>An\u00e1lisis de los procesos migratorios protagonizados por ciudadanos de la europa del este y m\u00e1s espec\u00edficamente por los rumanos. Para \u00e9stos \u00faltimos alemania hab\u00eda sido el principal destino (junto con norteam\u00e9rica y otros pa\u00edses europeos como austria) hasta 1989, y lo sigui\u00f3 siendo a principios delos a\u00f1os noventa, cuando se produjeron los mayores flujos de emigraci\u00f3n. Estas migraciones remitieron, pero a finales de los noventa y principios de los dos mil se produjo un cambio de tendencias: el principal emisor pas\u00f3 a ser rumania y los principales destinos italia y espa\u00f1a, y entre otros puntos se produjo un cambio de tendencias: el principal emisor pas\u00f3 a ser rumania y los principales destinos italia y espa\u00f1a, y entre estos puntos se produjo un incremento notable delos flujos migratorios. Se analizan esos proceso migratorios y se estudian sus causas. Las razones que los rumanos han tenido para incrementar su opci\u00f3n migratoria tienen que ver con los salarios que all\u00ed se cobran, con la corrupci\u00f3n que padecen, y con su escasa confianza en que las cosas mejoren. El porqu\u00e9 vienen a espa\u00f1a tiene que ver con las dificultades crecientes para emigrar a alemania y otros pa\u00edses, y con la demanda de mano de obra del mercado laboral espa\u00f1ol, as\u00ed como con la importancia que aqu\u00ed tiene la econom\u00eda sumergida. Hay otros aspectos que tambi\u00e9n intervienen como es nuestro idioma, latino como el rumano.     la red social facilita el proceso migratorio, y su estudio ha sido uno de los principales objetivos de esta tesis. La red social transmite, en rumania, una imagen positiva de espa\u00f1a, y sobre todo transmite la idea de que aqu\u00ed se puede encontrar trabajo. adem\u00e1s, facilita la informaci\u00f3n para el trayecto migratorio, y facilita el alojamiento inicial y el primer trabajo. No obstante, hay una parte del os rumanos llegados a catalu\u00f1a que vinieron sin ning\u00fan tipo de red social, lo que se debe al papel que juegan las agencias de viaje en rumania y, sobre todo, l<\/p>\n<p>&nbsp;<\/p>\n<h3>Datos acad\u00e9micos de la tesis doctoral \u00ab<strong>Procesos migratorios e integraci\u00f3n socio-laboral de los inmigrantes rumanos en catalu\u00f1a<\/strong>\u00ab<\/h3>\n<ul>\n<li><strong>T\u00edtulo de la tesis:<\/strong>\u00a0 Procesos migratorios e integraci\u00f3n socio-laboral de los inmigrantes rumanos en catalu\u00f1a <\/li>\n<li><strong>Autor:<\/strong>\u00a0 Jos\u00e9 Miguel Pajares Alonso <\/li>\n<li><strong>Universidad:<\/strong>\u00a0 Barcelona<\/li>\n<li><strong>Fecha de lectura de la tesis:<\/strong>\u00a0 05\/04\/2006<\/li>\n<\/ul>\n<p>&nbsp;<\/p>\n<h3>Direcci\u00f3n y tribunal<\/h3>\n<ul>\n<li><strong>Director de la tesis<\/strong>\n<ul>\n<li>Manuel Delgado Ruiz<\/li>\n<\/ul>\n<\/li>\n<li><strong>Tribunal<\/strong>\n<ul>\n<li>Presidente del tribunal: danielle Provansal felix <\/li>\n<li>carlota Sole puig (vocal)<\/li>\n<li>joaquin Arango vila belda (vocal)<\/li>\n<li>Carlos Gimenez romero (vocal)<\/li>\n<\/ul>\n<\/li>\n<\/ul>\n<p>&nbsp;<\/p>\n","protected":false},"excerpt":{"rendered":"<p>Tesis doctoral de Jos\u00e9 Miguel Pajares Alonso An\u00e1lisis de los procesos migratorios protagonizados por ciudadanos de la europa del este [&hellip;]<\/p>\n","protected":false},"author":1,"featured_media":0,"comment_status":"open","ping_status":"open","sticky":false,"template":"","format":"standard","meta":{"site-sidebar-layout":"default","site-content-layout":"","ast-site-content-layout":"","site-content-style":"default","site-sidebar-style":"default","ast-global-header-display":"","ast-banner-title-visibility":"","ast-main-header-display":"","ast-hfb-above-header-display":"","ast-hfb-below-header-display":"","ast-hfb-mobile-header-display":"","site-post-title":"","ast-breadcrumbs-content":"","ast-featured-img":"","footer-sml-layout":"","theme-transparent-header-meta":"","adv-header-id-meta":"","stick-header-meta":"","header-above-stick-meta":"","header-main-stick-meta":"","header-below-stick-meta":"","astra-migrate-meta-layouts":"default","ast-page-background-enabled":"default","ast-page-background-meta":{"desktop":{"background-color":"var(--ast-global-color-4)","background-image":"","background-repeat":"repeat","background-position":"center center","background-size":"auto","background-attachment":"scroll","background-type":"","background-media":"","overlay-type":"","overlay-color":"","overlay-gradient":""},"tablet":{"background-color":"","background-image":"","background-repeat":"repeat","background-position":"center center","background-size":"auto","background-attachment":"scroll","background-type":"","background-media":"","overlay-type":"","overlay-color":"","overlay-gradient":""},"mobile":{"background-color":"","background-image":"","background-repeat":"repeat","background-position":"center center","background-size":"auto","background-attachment":"scroll","background-type":"","background-media":"","overlay-type":"","overlay-color":"","overlay-gradient":""}},"ast-content-background-meta":{"desktop":{"background-color":"var(--ast-global-color-5)","background-image":"","background-repeat":"repeat","background-position":"center center","background-size":"auto","background-attachment":"scroll","background-type":"","background-media":"","overlay-type":"","overlay-color":"","overlay-gradient":""},"tablet":{"background-color":"var(--ast-global-color-5)","background-image":"","background-repeat":"repeat","background-position":"center center","background-size":"auto","background-attachment":"scroll","background-type":"","background-media":"","overlay-type":"","overlay-color":"","overlay-gradient":""},"mobile":{"background-color":"var(--ast-global-color-5)","background-image":"","background-repeat":"repeat","background-position":"center center","background-size":"auto","background-attachment":"scroll","background-type":"","background-media":"","overlay-type":"","overlay-color":"","overlay-gradient":""}},"footnotes":""},"categories":[2720,951,3537,31934],"tags":[14766,22300,1246,64405,170462,19674],"class_list":["post-79417","post","type-post","status-publish","format-standard","hentry","category-antropologia-social","category-barcelona","category-conflicto-social-y-adaptacion","category-minorias","tag-carlos-gimenez-romero","tag-carlota-sole-puig","tag-danielle-provansal-felix","tag-joaquin-arango-vila-belda","tag-jose-miguel-pajares-alonso","tag-manuel-delgado-ruiz"],"_links":{"self":[{"href":"https:\/\/www.deberes.net\/tesis\/wp-json\/wp\/v2\/posts\/79417","targetHints":{"allow":["GET"]}}],"collection":[{"href":"https:\/\/www.deberes.net\/tesis\/wp-json\/wp\/v2\/posts"}],"about":[{"href":"https:\/\/www.deberes.net\/tesis\/wp-json\/wp\/v2\/types\/post"}],"author":[{"embeddable":true,"href":"https:\/\/www.deberes.net\/tesis\/wp-json\/wp\/v2\/users\/1"}],"replies":[{"embeddable":true,"href":"https:\/\/www.deberes.net\/tesis\/wp-json\/wp\/v2\/comments?post=79417"}],"version-history":[{"count":0,"href":"https:\/\/www.deberes.net\/tesis\/wp-json\/wp\/v2\/posts\/79417\/revisions"}],"wp:attachment":[{"href":"https:\/\/www.deberes.net\/tesis\/wp-json\/wp\/v2\/media?parent=79417"}],"wp:term":[{"taxonomy":"category","embeddable":true,"href":"https:\/\/www.deberes.net\/tesis\/wp-json\/wp\/v2\/categories?post=79417"},{"taxonomy":"post_tag","embeddable":true,"href":"https:\/\/www.deberes.net\/tesis\/wp-json\/wp\/v2\/tags?post=79417"}],"curies":[{"name":"wp","href":"https:\/\/api.w.org\/{rel}","templated":true}]}}