{"id":79424,"date":"2006-05-04T00:00:00","date_gmt":"2006-05-04T00:00:00","guid":{"rendered":"https:\/\/www.deberes.net\/tesis\/sin-categoria\/la-eficacia-de-lso-programas-de-atencion-temprana-en-ninos-de-riesgo-biologico-estudio-sobre-lso-efectos-de-un-programa-de-atencion-temprana-en-ninos-prematuros-en-su-primer-ano-de-vida\/"},"modified":"2006-05-04T00:00:00","modified_gmt":"2006-05-04T00:00:00","slug":"la-eficacia-de-lso-programas-de-atencion-temprana-en-ninos-de-riesgo-biologico-estudio-sobre-lso-efectos-de-un-programa-de-atencion-temprana-en-ninos-prematuros-en-su-primer-ano-de-vida","status":"publish","type":"post","link":"https:\/\/www.deberes.net\/tesis\/psicologia\/la-eficacia-de-lso-programas-de-atencion-temprana-en-ninos-de-riesgo-biologico-estudio-sobre-lso-efectos-de-un-programa-de-atencion-temprana-en-ninos-prematuros-en-su-primer-ano-de-vida\/","title":{"rendered":"La eficacia de lso programas de atenci\u00f3n temprana en ni\u00f1os de riesgo biol\u00f3gico. estudio sobre lso efectos de un programa de atenci\u00f3n temprana en ni\u00f1os prematuros en su primer a\u00f1o de vida."},"content":{"rendered":"<h2>Tesis doctoral de <strong> Juan S\u00e1nchez Caravaca <\/strong><\/h2>\n<p>Objetivo: la prematuridad es un factor de riesgo poco espec\u00edfico, cuya constante es el nacimiento con menos de 36 semanas de gestaci\u00f3n, que tiene una gran variabilidad de efectos y manifestaciones sobre el desarrollo posterior del ni\u00f1o, f\u00edsicas, mentales o conductuales y, sobre todo, es una condici\u00f3n que cada vez m\u00e1s afecta a un mayor n\u00famero de ni\u00f1os. Este trabajo tiene como objetivo analizar c\u00f3mo este biol\u00f3gico de la prematuridad puede afectar al desarrollo mental y motor de los ni\u00f1os prematuros, c\u00f3mo y cu\u00e1nto la intervenci\u00f3n temprana que se lleve a cabo con ellos puede mejorar o atenuar los efectos negativos que dicho riesgo biol\u00f3gico tiene sobre estos ni\u00f1os, y c\u00f3mo la implicaci\u00f3n de las familias en dichos programas puede ayudar a dicha mejora.  m\u00e9todo: para llevar a cabo el estudio se ha dispuesto de un grupo de control, de 70 ni\u00f1os nacidos a t\u00e9rmino, y de un grupo experimental, de 46 ni\u00f1os nacidos prematuros entre noviembre de 2000 y octubre de 2002. Ambos grupos ten\u00edan unas caracter\u00edsticas socio-demogr\u00e1ficas similares. Los instrumentos utilizados para obtener los datos fueron: la escala de desarrollo infantil de bayley (1993); la versi\u00f3n corta del \u00edndice de estr\u00e9s parental (abidin, 1995; versi\u00f3n espa\u00f1ola de 2001); y el perinatal risk inventory (scheiner y sexton, 1991). Una vez evaluados los ni\u00f1os, con la presencia en todo momento de los padres, se asignaba una de tres condiciones de intervenci\u00f3n: nivel 1, denominado informativo y de apoyo; nivel 2, de orientaciones escritas; y nivel 3, de derivaci\u00f3n a centro de tratamiento especializado. Para conocer el potencial efecto de mejora que ten\u00edan los programas de atenci\u00f3n temprana de forma individual en los diferentes momentos temporales, se utiliz\u00f3 una f\u00f3rmula denominada \u00abvariable progreso\u00bb.  resultados: a partir de tres hip\u00f3tesis generales se han desarrollado y analizado un total de ocho hip\u00f3tesis operativas. En la primera hip\u00f3tesis general obtuv<\/p>\n<p>&nbsp;<\/p>\n<h3>Datos acad\u00e9micos de la tesis doctoral \u00ab<strong>La eficacia de lso programas de atenci\u00f3n temprana en ni\u00f1os de riesgo biol\u00f3gico. estudio sobre lso efectos de un programa de atenci\u00f3n temprana en ni\u00f1os prematuros en su primer a\u00f1o de vida.<\/strong>\u00ab<\/h3>\n<ul>\n<li><strong>T\u00edtulo de la tesis:<\/strong>\u00a0 La eficacia de lso programas de atenci\u00f3n temprana en ni\u00f1os de riesgo biol\u00f3gico. estudio sobre lso efectos de un programa de atenci\u00f3n temprana en ni\u00f1os prematuros en su primer a\u00f1o de vida. <\/li>\n<li><strong>Autor:<\/strong>\u00a0 Juan S\u00e1nchez Caravaca <\/li>\n<li><strong>Universidad:<\/strong>\u00a0 Murcia<\/li>\n<li><strong>Fecha de lectura de la tesis:<\/strong>\u00a0 05\/04\/2006<\/li>\n<\/ul>\n<p>&nbsp;<\/p>\n<h3>Direcci\u00f3n y tribunal<\/h3>\n<ul>\n<li><strong>Director de la tesis<\/strong>\n<ul>\n<li>Julio Perez Lopez<\/li>\n<\/ul>\n<\/li>\n<li><strong>Tribunal<\/strong>\n<ul>\n<li>Presidente del tribunal: julio S\u00e1nchez meca <\/li>\n<li> De linares on schmiterl\u00ed\u00b6w carmen (vocal)<\/li>\n<li>Mar\u00eda Jos\u00e9 Buceta cancela (vocal)<\/li>\n<li> Pall\u00e1s alonso carmen rosa (vocal)<\/li>\n<\/ul>\n<\/li>\n<\/ul>\n<p>&nbsp;<\/p>\n","protected":false},"excerpt":{"rendered":"<p>Tesis doctoral de Juan S\u00e1nchez Caravaca Objetivo: la prematuridad es un factor de riesgo poco espec\u00edfico, cuya constante es el [&hellip;]<\/p>\n","protected":false},"author":1,"featured_media":0,"comment_status":"open","ping_status":"open","sticky":false,"template":"","format":"standard","meta":{"site-sidebar-layout":"default","site-content-layout":"","ast-site-content-layout":"","site-content-style":"default","site-sidebar-style":"default","ast-global-header-display":"","ast-banner-title-visibility":"","ast-main-header-display":"","ast-hfb-above-header-display":"","ast-hfb-below-header-display":"","ast-hfb-mobile-header-display":"","site-post-title":"","ast-breadcrumbs-content":"","ast-featured-img":"","footer-sml-layout":"","theme-transparent-header-meta":"","adv-header-id-meta":"","stick-header-meta":"","header-above-stick-meta":"","header-main-stick-meta":"","header-below-stick-meta":"","astra-migrate-meta-layouts":"default","ast-page-background-enabled":"default","ast-page-background-meta":{"desktop":{"background-color":"var(--ast-global-color-4)","background-image":"","background-repeat":"repeat","background-position":"center center","background-size":"auto","background-attachment":"scroll","background-type":"","background-media":"","overlay-type":"","overlay-color":"","overlay-gradient":""},"tablet":{"background-color":"","background-image":"","background-repeat":"repeat","background-position":"center center","background-size":"auto","background-attachment":"scroll","background-type":"","background-media":"","overlay-type":"","overlay-color":"","overlay-gradient":""},"mobile":{"background-color":"","background-image":"","background-repeat":"repeat","background-position":"center center","background-size":"auto","background-attachment":"scroll","background-type":"","background-media":"","overlay-type":"","overlay-color":"","overlay-gradient":""}},"ast-content-background-meta":{"desktop":{"background-color":"var(--ast-global-color-5)","background-image":"","background-repeat":"repeat","background-position":"center center","background-size":"auto","background-attachment":"scroll","background-type":"","background-media":"","overlay-type":"","overlay-color":"","overlay-gradient":""},"tablet":{"background-color":"var(--ast-global-color-5)","background-image":"","background-repeat":"repeat","background-position":"center center","background-size":"auto","background-attachment":"scroll","background-type":"","background-media":"","overlay-type":"","overlay-color":"","overlay-gradient":""},"mobile":{"background-color":"var(--ast-global-color-5)","background-image":"","background-repeat":"repeat","background-position":"center center","background-size":"auto","background-attachment":"scroll","background-type":"","background-media":"","overlay-type":"","overlay-color":"","overlay-gradient":""}},"footnotes":""},"categories":[3289,8235,6920,324,970,2758],"tags":[170473,170472,152980,46689,50929,31822],"class_list":["post-79424","post","type-post","status-publish","format-standard","hentry","category-deficiencia-mental-del-nino-y-del-adolescente","category-murcia","category-problemas-de-aprendizaje","category-psicologia","category-psicologia-del-nino-y-del-adolescente","category-psicologia-evolutiva","tag-de-linares-on-schmiterliw-carmen","tag-juan-sanchez-caravaca","tag-julio-perez-lopez","tag-julio-sanchez-meca","tag-maria-jose-buceta-cancela","tag-pallas-alonso-carmen-rosa"],"_links":{"self":[{"href":"https:\/\/www.deberes.net\/tesis\/wp-json\/wp\/v2\/posts\/79424","targetHints":{"allow":["GET"]}}],"collection":[{"href":"https:\/\/www.deberes.net\/tesis\/wp-json\/wp\/v2\/posts"}],"about":[{"href":"https:\/\/www.deberes.net\/tesis\/wp-json\/wp\/v2\/types\/post"}],"author":[{"embeddable":true,"href":"https:\/\/www.deberes.net\/tesis\/wp-json\/wp\/v2\/users\/1"}],"replies":[{"embeddable":true,"href":"https:\/\/www.deberes.net\/tesis\/wp-json\/wp\/v2\/comments?post=79424"}],"version-history":[{"count":0,"href":"https:\/\/www.deberes.net\/tesis\/wp-json\/wp\/v2\/posts\/79424\/revisions"}],"wp:attachment":[{"href":"https:\/\/www.deberes.net\/tesis\/wp-json\/wp\/v2\/media?parent=79424"}],"wp:term":[{"taxonomy":"category","embeddable":true,"href":"https:\/\/www.deberes.net\/tesis\/wp-json\/wp\/v2\/categories?post=79424"},{"taxonomy":"post_tag","embeddable":true,"href":"https:\/\/www.deberes.net\/tesis\/wp-json\/wp\/v2\/tags?post=79424"}],"curies":[{"name":"wp","href":"https:\/\/api.w.org\/{rel}","templated":true}]}}