{"id":79431,"date":"2006-05-04T00:00:00","date_gmt":"2006-05-04T00:00:00","guid":{"rendered":"https:\/\/www.deberes.net\/tesis\/sin-categoria\/sistema-de-adaptacion-de-la-velocidad-de-los-vehiculos-automoviles-a-la-geometria-de-la-carretera\/"},"modified":"2006-05-04T00:00:00","modified_gmt":"2006-05-04T00:00:00","slug":"sistema-de-adaptacion-de-la-velocidad-de-los-vehiculos-automoviles-a-la-geometria-de-la-carretera","status":"publish","type":"post","link":"https:\/\/www.deberes.net\/tesis\/matematicas\/sistema-de-adaptacion-de-la-velocidad-de-los-vehiculos-automoviles-a-la-geometria-de-la-carretera\/","title":{"rendered":"Sistema de adaptacion de la velocidad de los vehiculos automoviles a la geometria de la carretera"},"content":{"rendered":"<h2>Tesis doctoral de <strong> Felipe Jimenez Alonso <\/strong><\/h2>\n<p>La velocidad de los veh\u00edculos es un factor fundamental en el tr\u00e1fico para conseguir fluidez, pero tambi\u00e9n puede ocasionar riesgos de accidente. Adecuar la velocidad a las circunstancias del tr\u00e1fico, la carretera y el medio es la premisa fundamental del conductor. Existen numerosas medidas de control de la velocidad. Entre ellas, los sistemas de supervisi\u00f3n y control inteligente en veh\u00edculos est\u00e1n mostrando un gran potencial para la reducci\u00f3n de los accidentes y de su severidad. Sistemas isa (intelligent speed adaptation) es el nombre gen\u00e9rico que reciben aquellos sistemas en los que el veh\u00edculo \u00abconoce\u00bb la velocidad l\u00edmite y es capaz de usar esta informaci\u00f3n para avisar al conductor.  en la presente tesis doctoral se ha desarrollado un sistema que permite evaluar si la velocidad de circulaci\u00f3n de un veh\u00edculo es adecuada a las caracter\u00edsticas geom\u00e9tricas de la carretera y alertar al conductor de situaciones de riesgo derivadas de las posibles inadecuaciones de la misma, fundament\u00e1ndose en criterios objetivos establecidos por medio de la simulaci\u00f3n de la din\u00e1mica del veh\u00edculo con un modelo validado experimentalmente.  la arquitectura del sistema embarcado en el veh\u00edculo integra los siguientes elementos:  &#8211; receptor de gps para el posicionamiento del veh\u00edculo tras la conversi\u00f3n de las coordenadas geod\u00e9sicas en coordenadas utm  &#8211; mapa electr\u00f3nico de la carretera, en cuya construcci\u00f3n se involucran ensayos con veh\u00edculo instrumentado y c\u00e1lculos con un modelo matem\u00e1tico de din\u00e1mica vehicular experimentalmente validado para mejorar la precisi\u00f3n de los resultados finales.  &#8211; mapa de velocidades seguras atendiendo a la geometr\u00eda de la carretera, seg\u00fan criterios objetivos de seguridad (adherencia utilizada, aceleraci\u00f3n lateral no compensada y visibilidad) y empleando el modelo matem\u00e1tico anterior.  &#8211; sistema de medida de la velocidad del veh\u00edculo  &#8211; interfaz de usuario basado en indicadores luminosos que in<\/p>\n<p>&nbsp;<\/p>\n<h3>Datos acad\u00e9micos de la tesis doctoral \u00ab<strong>Sistema de adaptacion de la velocidad de los vehiculos automoviles a la geometria de la carretera<\/strong>\u00ab<\/h3>\n<ul>\n<li><strong>T\u00edtulo de la tesis:<\/strong>\u00a0 Sistema de adaptacion de la velocidad de los vehiculos automoviles a la geometria de la carretera <\/li>\n<li><strong>Autor:<\/strong>\u00a0 Felipe Jimenez Alonso <\/li>\n<li><strong>Universidad:<\/strong>\u00a0 Polit\u00e9cnica de Madrid<\/li>\n<li><strong>Fecha de lectura de la tesis:<\/strong>\u00a0 05\/04\/2006<\/li>\n<\/ul>\n<p>&nbsp;<\/p>\n<h3>Direcci\u00f3n y tribunal<\/h3>\n<ul>\n<li><strong>Director de la tesis<\/strong>\n<ul>\n<li>Francisco Aparicio Izquierdo<\/li>\n<\/ul>\n<\/li>\n<li><strong>Tribunal<\/strong>\n<ul>\n<li>Presidente del tribunal: emilio Bautista paz <\/li>\n<li>Alberto Lopez rosado (vocal)<\/li>\n<li>Francisco Javier Garcia de jalon de la fuente (vocal)<\/li>\n<li>Antonio Simon mata (vocal)<\/li>\n<\/ul>\n<\/li>\n<\/ul>\n<p>&nbsp;<\/p>\n","protected":false},"excerpt":{"rendered":"<p>Tesis doctoral de Felipe Jimenez Alonso La velocidad de los veh\u00edculos es un factor fundamental en el tr\u00e1fico para conseguir [&hellip;]<\/p>\n","protected":false},"author":1,"featured_media":0,"comment_status":"open","ping_status":"open","sticky":false,"template":"","format":"standard","meta":{"site-sidebar-layout":"default","site-content-layout":"","ast-site-content-layout":"","site-content-style":"default","site-sidebar-style":"default","ast-global-header-display":"","ast-banner-title-visibility":"","ast-main-header-display":"","ast-hfb-above-header-display":"","ast-hfb-below-header-display":"","ast-hfb-mobile-header-display":"","site-post-title":"","ast-breadcrumbs-content":"","ast-featured-img":"","footer-sml-layout":"","theme-transparent-header-meta":"","adv-header-id-meta":"","stick-header-meta":"","header-above-stick-meta":"","header-main-stick-meta":"","header-below-stick-meta":"","astra-migrate-meta-layouts":"default","ast-page-background-enabled":"default","ast-page-background-meta":{"desktop":{"background-color":"var(--ast-global-color-4)","background-image":"","background-repeat":"repeat","background-position":"center center","background-size":"auto","background-attachment":"scroll","background-type":"","background-media":"","overlay-type":"","overlay-color":"","overlay-gradient":""},"tablet":{"background-color":"","background-image":"","background-repeat":"repeat","background-position":"center center","background-size":"auto","background-attachment":"scroll","background-type":"","background-media":"","overlay-type":"","overlay-color":"","overlay-gradient":""},"mobile":{"background-color":"","background-image":"","background-repeat":"repeat","background-position":"center center","background-size":"auto","background-attachment":"scroll","background-type":"","background-media":"","overlay-type":"","overlay-color":"","overlay-gradient":""}},"ast-content-background-meta":{"desktop":{"background-color":"var(--ast-global-color-5)","background-image":"","background-repeat":"repeat","background-position":"center center","background-size":"auto","background-attachment":"scroll","background-type":"","background-media":"","overlay-type":"","overlay-color":"","overlay-gradient":""},"tablet":{"background-color":"var(--ast-global-color-5)","background-image":"","background-repeat":"repeat","background-position":"center center","background-size":"auto","background-attachment":"scroll","background-type":"","background-media":"","overlay-type":"","overlay-color":"","overlay-gradient":""},"mobile":{"background-color":"var(--ast-global-color-5)","background-image":"","background-repeat":"repeat","background-position":"center center","background-size":"auto","background-attachment":"scroll","background-type":"","background-media":"","overlay-type":"","overlay-color":"","overlay-gradient":""}},"footnotes":""},"categories":[16374,1890,332,30887,126,16008,13227,10480],"tags":[16375,24801,9468,170482,5109,11118],"class_list":["post-79431","post","type-post","status-publish","format-standard","hentry","category-automoviles","category-ciencia-de-los-ordenadores","category-ciencias-tecnologicas","category-ingenieria-del-trafico","category-matematicas","category-politecnica-de-madrid","category-simulacion","category-tecnologia-de-vehiculos-de-motor","tag-alberto-lopez-rosado","tag-antonio-simon-mata","tag-emilio-bautista-paz","tag-felipe-jimenez-alonso","tag-francisco-aparicio-izquierdo","tag-francisco-javier-garcia-de-jalon-de-la-fuente"],"_links":{"self":[{"href":"https:\/\/www.deberes.net\/tesis\/wp-json\/wp\/v2\/posts\/79431","targetHints":{"allow":["GET"]}}],"collection":[{"href":"https:\/\/www.deberes.net\/tesis\/wp-json\/wp\/v2\/posts"}],"about":[{"href":"https:\/\/www.deberes.net\/tesis\/wp-json\/wp\/v2\/types\/post"}],"author":[{"embeddable":true,"href":"https:\/\/www.deberes.net\/tesis\/wp-json\/wp\/v2\/users\/1"}],"replies":[{"embeddable":true,"href":"https:\/\/www.deberes.net\/tesis\/wp-json\/wp\/v2\/comments?post=79431"}],"version-history":[{"count":0,"href":"https:\/\/www.deberes.net\/tesis\/wp-json\/wp\/v2\/posts\/79431\/revisions"}],"wp:attachment":[{"href":"https:\/\/www.deberes.net\/tesis\/wp-json\/wp\/v2\/media?parent=79431"}],"wp:term":[{"taxonomy":"category","embeddable":true,"href":"https:\/\/www.deberes.net\/tesis\/wp-json\/wp\/v2\/categories?post=79431"},{"taxonomy":"post_tag","embeddable":true,"href":"https:\/\/www.deberes.net\/tesis\/wp-json\/wp\/v2\/tags?post=79431"}],"curies":[{"name":"wp","href":"https:\/\/api.w.org\/{rel}","templated":true}]}}