{"id":79477,"date":"2006-07-04T00:00:00","date_gmt":"2006-07-04T00:00:00","guid":{"rendered":"https:\/\/www.deberes.net\/tesis\/sin-categoria\/la-sonoridad-en-los-grupos-congonanticos-del-polaco\/"},"modified":"2006-07-04T00:00:00","modified_gmt":"2006-07-04T00:00:00","slug":"la-sonoridad-en-los-grupos-congonanticos-del-polaco","status":"publish","type":"post","link":"https:\/\/www.deberes.net\/tesis\/barcelona\/la-sonoridad-en-los-grupos-congonanticos-del-polaco\/","title":{"rendered":"La sonoridad en los grupos congon\u00e1nticos del polaco."},"content":{"rendered":"<h2>Tesis doctoral de <strong> Dorota Teresa Szmidt Sierykow <\/strong><\/h2>\n<p>Los objetivos de la tesis son contribuir a la descripci\u00f3n fon\u00e9tica exhaustiva de la lengua polaca, hacer una aportaci\u00f3n a la investigaci\u00f3n general en materia de la teor\u00eda fon\u00e9tica y servir de base fon\u00e9tica de una investigaci\u00f3n detallada en el campo de la fonolog\u00eda en cuanto a las asimilaciones de sonoridad en grupos conson\u00e1nticos complejos. se ha realizado un an\u00e1lisis ac\u00fastico, seguido de un tratamiento estad\u00edstico de los datos, de la coordinaci\u00f3n entre las articulaciones glotal i supraglotal de las consonantes fricativas polacas delante de una vocal y en grupos conson\u00e1nticos simples donde la fricativa va seguida de una sonante o de una obstruyente. los an\u00e1lisis han mostrado diferencias significativas entre las fricativas de distintos puntos de articulaci\u00f3n en cuanto al comportamiento glotal y en cuanto a sus duraciones. se han observado tambi\u00e9n una diferencia en duraciones entre diferentes patrones de sonoridad en las fricativas intervoc\u00e1licas. Esta diferencia puede indicar la importancia de la duraci\u00f3n como pista fon\u00e9tica de la percepcion de la sonoridad, en las fricativas que han perdido las vibraciones glotales en una gran proporci\u00f3n. En los grupos conson\u00e1nticos se ha observado la aparici\u00f3n de fen\u00f3menos intermedios a la frontera entra las dos consonantes. la naturaleza y las caracter\u00edsticas de estos fen\u00f3menos dependen del tipo del contexto conson\u00e1ntico derecho de la fricativa. La existencia de los fen\u00f3menos, intermedios crea la necesidad de plantearse un estudio del papel que juegan en la reparaci\u00f3n del principio de sonicidad cuando este re rompe en los grupos consonanticos complejos. Los resultados del trabajo han permitido conseguir los objetivos planteados.<\/p>\n<p>&nbsp;<\/p>\n<h3>Datos acad\u00e9micos de la tesis doctoral \u00ab<strong>La sonoridad en los grupos congon\u00e1nticos del polaco.<\/strong>\u00ab<\/h3>\n<ul>\n<li><strong>T\u00edtulo de la tesis:<\/strong>\u00a0 La sonoridad en los grupos congon\u00e1nticos del polaco. <\/li>\n<li><strong>Autor:<\/strong>\u00a0 Dorota Teresa Szmidt Sierykow <\/li>\n<li><strong>Universidad:<\/strong>\u00a0 Barcelona<\/li>\n<li><strong>Fecha de lectura de la tesis:<\/strong>\u00a0 07\/04\/2006<\/li>\n<\/ul>\n<p>&nbsp;<\/p>\n<h3>Direcci\u00f3n y tribunal<\/h3>\n<ul>\n<li><strong>Director de la tesis<\/strong>\n<ul>\n<li>Juan Castellvi Vives<\/li>\n<\/ul>\n<\/li>\n<li><strong>Tribunal<\/strong>\n<ul>\n<li>Presidente del tribunal: eugenio Martinez celdran <\/li>\n<li>lourdes Jovilar cuevas (vocal)<\/li>\n<li>Ana Mar\u00eda Fern\u00e1ndez planas (vocal)<\/li>\n<li>Rafael Mart\u00edn g\u00e1lvez (vocal)<\/li>\n<\/ul>\n<\/li>\n<\/ul>\n<p>&nbsp;<\/p>\n","protected":false},"excerpt":{"rendered":"<p>Tesis doctoral de Dorota Teresa Szmidt Sierykow Los objetivos de la tesis son contribuir a la descripci\u00f3n fon\u00e9tica exhaustiva de [&hellip;]<\/p>\n","protected":false},"author":1,"featured_media":0,"comment_status":"open","ping_status":"open","sticky":false,"template":"","format":"standard","meta":{"site-sidebar-layout":"default","site-content-layout":"","ast-site-content-layout":"","site-content-style":"default","site-sidebar-style":"default","ast-global-header-display":"","ast-banner-title-visibility":"","ast-main-header-display":"","ast-hfb-above-header-display":"","ast-hfb-below-header-display":"","ast-hfb-mobile-header-display":"","site-post-title":"","ast-breadcrumbs-content":"","ast-featured-img":"","footer-sml-layout":"","theme-transparent-header-meta":"","adv-header-id-meta":"","stick-header-meta":"","header-above-stick-meta":"","header-main-stick-meta":"","header-below-stick-meta":"","astra-migrate-meta-layouts":"default","ast-page-background-enabled":"default","ast-page-background-meta":{"desktop":{"background-color":"var(--ast-global-color-4)","background-image":"","background-repeat":"repeat","background-position":"center center","background-size":"auto","background-attachment":"scroll","background-type":"","background-media":"","overlay-type":"","overlay-color":"","overlay-gradient":""},"tablet":{"background-color":"","background-image":"","background-repeat":"repeat","background-position":"center center","background-size":"auto","background-attachment":"scroll","background-type":"","background-media":"","overlay-type":"","overlay-color":"","overlay-gradient":""},"mobile":{"background-color":"","background-image":"","background-repeat":"repeat","background-position":"center center","background-size":"auto","background-attachment":"scroll","background-type":"","background-media":"","overlay-type":"","overlay-color":"","overlay-gradient":""}},"ast-content-background-meta":{"desktop":{"background-color":"var(--ast-global-color-5)","background-image":"","background-repeat":"repeat","background-position":"center center","background-size":"auto","background-attachment":"scroll","background-type":"","background-media":"","overlay-type":"","overlay-color":"","overlay-gradient":""},"tablet":{"background-color":"var(--ast-global-color-5)","background-image":"","background-repeat":"repeat","background-position":"center center","background-size":"auto","background-attachment":"scroll","background-type":"","background-media":"","overlay-type":"","overlay-color":"","overlay-gradient":""},"mobile":{"background-color":"var(--ast-global-color-5)","background-image":"","background-repeat":"repeat","background-position":"center center","background-size":"auto","background-attachment":"scroll","background-type":"","background-media":"","overlay-type":"","overlay-color":"","overlay-gradient":""}},"footnotes":""},"categories":[951,10487,3016],"tags":[170557,170555,14082,101145,170556,170558],"class_list":["post-79477","post","type-post","status-publish","format-standard","hentry","category-barcelona","category-fonetica","category-teoria-linguistica","tag-ana-maria-fernandez-planas","tag-dorota-teresa-szmidt-sierykow","tag-eugenio-Martinez-celdran","tag-juan-castellvi-vives","tag-lourdes-jovilar-cuevas","tag-rafael-martin-galvez"],"_links":{"self":[{"href":"https:\/\/www.deberes.net\/tesis\/wp-json\/wp\/v2\/posts\/79477","targetHints":{"allow":["GET"]}}],"collection":[{"href":"https:\/\/www.deberes.net\/tesis\/wp-json\/wp\/v2\/posts"}],"about":[{"href":"https:\/\/www.deberes.net\/tesis\/wp-json\/wp\/v2\/types\/post"}],"author":[{"embeddable":true,"href":"https:\/\/www.deberes.net\/tesis\/wp-json\/wp\/v2\/users\/1"}],"replies":[{"embeddable":true,"href":"https:\/\/www.deberes.net\/tesis\/wp-json\/wp\/v2\/comments?post=79477"}],"version-history":[{"count":0,"href":"https:\/\/www.deberes.net\/tesis\/wp-json\/wp\/v2\/posts\/79477\/revisions"}],"wp:attachment":[{"href":"https:\/\/www.deberes.net\/tesis\/wp-json\/wp\/v2\/media?parent=79477"}],"wp:term":[{"taxonomy":"category","embeddable":true,"href":"https:\/\/www.deberes.net\/tesis\/wp-json\/wp\/v2\/categories?post=79477"},{"taxonomy":"post_tag","embeddable":true,"href":"https:\/\/www.deberes.net\/tesis\/wp-json\/wp\/v2\/tags?post=79477"}],"curies":[{"name":"wp","href":"https:\/\/api.w.org\/{rel}","templated":true}]}}