{"id":79497,"date":"2006-07-04T00:00:00","date_gmt":"2006-07-04T00:00:00","guid":{"rendered":"https:\/\/www.deberes.net\/tesis\/sin-categoria\/derechos-de-propiedad-del-seguro-obligatorio-y-de-los-beneficios-y-usos-de-servicios-del-cuidado-de-la-salud-en-el-sistema-general-de-seguridad-social-en-salud-de-colombia-1993-2003\/"},"modified":"2006-07-04T00:00:00","modified_gmt":"2006-07-04T00:00:00","slug":"derechos-de-propiedad-del-seguro-obligatorio-y-de-los-beneficios-y-usos-de-servicios-del-cuidado-de-la-salud-en-el-sistema-general-de-seguridad-social-en-salud-de-colombia-1993-2003","status":"publish","type":"post","link":"https:\/\/www.deberes.net\/tesis\/ciencias-economicas\/derechos-de-propiedad-del-seguro-obligatorio-y-de-los-beneficios-y-usos-de-servicios-del-cuidado-de-la-salud-en-el-sistema-general-de-seguridad-social-en-salud-de-colombia-1993-2003\/","title":{"rendered":"Derechos de propiedad del seguro obligatorio y de los beneficios y usos de servicios del cuidado de la salud en el sistema general de seguridad social en salud de colombia (1993-2003)"},"content":{"rendered":"<h2>Tesis doctoral de <strong> Jaime Ram\u00edrez Moreno <\/strong><\/h2>\n<p>La reforma sectorial de salud de colombia, fue el producto de un amplio proceso de consensos y conflictos; se inicia con la definici\u00f3n de la seguridad social como un servicio p\u00fablico bajo la coordinaci\u00f3n y direcci\u00f3n del estado, incorporado en la constituci\u00f3n pol\u00edtica de 1991 y se estructura legalmente, con la configuraci\u00f3n del sistema general de seguridad social en salud mediante la aprobaci\u00f3n de la ley 100 de 1993,  la presente tesis presenta diversos niveles de an\u00e1lisis de econom\u00eda neoinstitucional. en un primer nivel se internalizan los derechos de propiedad p\u00fablica, comunal y privada como reglas econ\u00f3micas, sociales y pol\u00edticas en la estructura interna de las instituciones de la seguridad social colombiana.  en un segundo nivel se describen y analizan los intercambios de derechos de propiedad y sus principales consecuencias en la transformaci\u00f3n de las relaciones entre principales-agentes en el contexto de las instituciones y los mercados de los servicios de salud.  en el tercer nivel de estima, a trav\u00e9s de modelos log\u00edsticos, las formas de asignaci\u00f3n y apropiaci\u00f3n de los conjuntos de derechos de propiedad del seguro obligatorio y de los beneficios de uso de servicios del cuidado de la salud en el sistema y se realiza un an\u00e1lisis comparativo de desigualdades de derechos para la poblaci\u00f3n, de acuerdo con distintas categor\u00edas econ\u00f3micas, sociales, demogr\u00e1ficas y laborales; probando que las reglas de derechos de propiedad no aplican el principio de igualdad y que por el contrario tienden a reproducir, y en algunos casos a disminuir, las desigualdades econ\u00f3micas y sociales existentes, configurando un sistema de pluralismo segmentado no convergente.<\/p>\n<p>&nbsp;<\/p>\n<h3>Datos acad\u00e9micos de la tesis doctoral \u00ab<strong>Derechos de propiedad del seguro obligatorio y de los beneficios y usos de servicios del cuidado de la salud en el sistema general de seguridad social en salud de colombia (1993-2003)<\/strong>\u00ab<\/h3>\n<ul>\n<li><strong>T\u00edtulo de la tesis:<\/strong>\u00a0 Derechos de propiedad del seguro obligatorio y de los beneficios y usos de servicios del cuidado de la salud en el sistema general de seguridad social en salud de colombia (1993-2003) <\/li>\n<li><strong>Autor:<\/strong>\u00a0 Jaime Ram\u00edrez Moreno <\/li>\n<li><strong>Universidad:<\/strong>\u00a0 Polit\u00e9cnica de Valencia<\/li>\n<li><strong>Fecha de lectura de la tesis:<\/strong>\u00a0 07\/04\/2006<\/li>\n<\/ul>\n<p>&nbsp;<\/p>\n<h3>Direcci\u00f3n y tribunal<\/h3>\n<ul>\n<li><strong>Director de la tesis<\/strong>\n<ul>\n<li>Vicente Caballer Mellado<\/li>\n<\/ul>\n<\/li>\n<li><strong>Tribunal<\/strong>\n<ul>\n<li>Presidente del tribunal: isamel Moya clemente <\/li>\n<li>agust\u00edn Rivero cuadrado (vocal)<\/li>\n<li>Francisco Reyes santias (vocal)<\/li>\n<li>david Cabedo semper (vocal)<\/li>\n<\/ul>\n<\/li>\n<\/ul>\n<p>&nbsp;<\/p>\n","protected":false},"excerpt":{"rendered":"<p>Tesis doctoral de Jaime Ram\u00edrez Moreno La reforma sectorial de salud de colombia, fue el producto de un amplio proceso [&hellip;]<\/p>\n","protected":false},"author":1,"featured_media":0,"comment_status":"open","ping_status":"open","sticky":false,"template":"","format":"standard","meta":{"site-sidebar-layout":"default","site-content-layout":"","ast-site-content-layout":"","site-content-style":"default","site-sidebar-style":"default","ast-global-header-display":"","ast-banner-title-visibility":"","ast-main-header-display":"","ast-hfb-above-header-display":"","ast-hfb-below-header-display":"","ast-hfb-mobile-header-display":"","site-post-title":"","ast-breadcrumbs-content":"","ast-featured-img":"","footer-sml-layout":"","theme-transparent-header-meta":"","adv-header-id-meta":"","stick-header-meta":"","header-above-stick-meta":"","header-main-stick-meta":"","header-below-stick-meta":"","astra-migrate-meta-layouts":"default","ast-page-background-enabled":"default","ast-page-background-meta":{"desktop":{"background-color":"var(--ast-global-color-4)","background-image":"","background-repeat":"repeat","background-position":"center center","background-size":"auto","background-attachment":"scroll","background-type":"","background-media":"","overlay-type":"","overlay-color":"","overlay-gradient":""},"tablet":{"background-color":"","background-image":"","background-repeat":"repeat","background-position":"center center","background-size":"auto","background-attachment":"scroll","background-type":"","background-media":"","overlay-type":"","overlay-color":"","overlay-gradient":""},"mobile":{"background-color":"","background-image":"","background-repeat":"repeat","background-position":"center center","background-size":"auto","background-attachment":"scroll","background-type":"","background-media":"","overlay-type":"","overlay-color":"","overlay-gradient":""}},"ast-content-background-meta":{"desktop":{"background-color":"var(--ast-global-color-5)","background-image":"","background-repeat":"repeat","background-position":"center center","background-size":"auto","background-attachment":"scroll","background-type":"","background-media":"","overlay-type":"","overlay-color":"","overlay-gradient":""},"tablet":{"background-color":"var(--ast-global-color-5)","background-image":"","background-repeat":"repeat","background-position":"center center","background-size":"auto","background-attachment":"scroll","background-type":"","background-media":"","overlay-type":"","overlay-color":"","overlay-gradient":""},"mobile":{"background-color":"var(--ast-global-color-5)","background-image":"","background-repeat":"repeat","background-position":"center center","background-size":"auto","background-attachment":"scroll","background-type":"","background-media":"","overlay-type":"","overlay-color":"","overlay-gradient":""}},"footnotes":""},"categories":[82,963,2825,16820,935,737],"tags":[17694,62432,165465,170601,170600,16972],"class_list":["post-79497","post","type-post","status-publish","format-standard","hentry","category-ciencias-economicas","category-economia-sectorial","category-organizacion-industrial-y-sector-publico","category-politecnica-de-valencia","category-sector-de-agricultura-silvicultura-ganaderia-y-pesca","category-teoria-economica","tag-agustin-rivero-cuadrado","tag-david-cabedo-semper","tag-francisco-reyes-santias","tag-isamel-moya-clemente","tag-jaime-ramirez-moreno","tag-vicente-caballer-mellado"],"_links":{"self":[{"href":"https:\/\/www.deberes.net\/tesis\/wp-json\/wp\/v2\/posts\/79497","targetHints":{"allow":["GET"]}}],"collection":[{"href":"https:\/\/www.deberes.net\/tesis\/wp-json\/wp\/v2\/posts"}],"about":[{"href":"https:\/\/www.deberes.net\/tesis\/wp-json\/wp\/v2\/types\/post"}],"author":[{"embeddable":true,"href":"https:\/\/www.deberes.net\/tesis\/wp-json\/wp\/v2\/users\/1"}],"replies":[{"embeddable":true,"href":"https:\/\/www.deberes.net\/tesis\/wp-json\/wp\/v2\/comments?post=79497"}],"version-history":[{"count":0,"href":"https:\/\/www.deberes.net\/tesis\/wp-json\/wp\/v2\/posts\/79497\/revisions"}],"wp:attachment":[{"href":"https:\/\/www.deberes.net\/tesis\/wp-json\/wp\/v2\/media?parent=79497"}],"wp:term":[{"taxonomy":"category","embeddable":true,"href":"https:\/\/www.deberes.net\/tesis\/wp-json\/wp\/v2\/categories?post=79497"},{"taxonomy":"post_tag","embeddable":true,"href":"https:\/\/www.deberes.net\/tesis\/wp-json\/wp\/v2\/tags?post=79497"}],"curies":[{"name":"wp","href":"https:\/\/api.w.org\/{rel}","templated":true}]}}