{"id":79504,"date":"2006-07-04T00:00:00","date_gmt":"2006-07-04T00:00:00","guid":{"rendered":"https:\/\/www.deberes.net\/tesis\/sin-categoria\/infecciones-por-virus-respiratorios-en-pacientes-portadores-de-un-trasplante-de-organo-solido\/"},"modified":"2006-07-04T00:00:00","modified_gmt":"2006-07-04T00:00:00","slug":"infecciones-por-virus-respiratorios-en-pacientes-portadores-de-un-trasplante-de-organo-solido","status":"publish","type":"post","link":"https:\/\/www.deberes.net\/tesis\/ciencias-medicas\/infecciones-por-virus-respiratorios-en-pacientes-portadores-de-un-trasplante-de-organo-solido\/","title":{"rendered":"Infecciones por virus respiratorios en pacientes portadores de un trasplante de \u00f3rgano s\u00f3lido"},"content":{"rendered":"<h2>Tesis doctoral de <strong> Francisco L\u00f3pez Medrano <\/strong><\/h2>\n<p>E trata del primer estudio prospectivo sobre infecci\u00f3n por virus respiratorios en portadores de un trasplante de \u00f3rgano s\u00f3lido. Se seleccion\u00f3 una cohorte de 152 trasplantados (cardiacos, renales y hep\u00e1ticos) en los que se registraron los episodios de infecci\u00f3n por virus respiratorios entre octubre de 2002 y abril de 2003. Se realiz\u00f3 estudio microbiol\u00f3gico en cada episodio mediante toma de exudado nasofar\u00edngeo que se proces\u00f3 para cultivo en medio celular, t\u00e9cnica de \u00abshell vial\u00bb y t\u00e9cnica de reacci\u00f3n en cadena de la polimerasa. Se detectaron 81 episodios en 67 pacientes de la cohorte. En un 18% de los casos se detect\u00f3 alguna complicaci\u00f3n (2,4% sinusitis bacteriana, 12% infecci\u00f3n de v\u00edas respiratorias bajas sin neumon\u00eda, 3,7% neumon\u00eda). El 5% de los episodios precis\u00f3 de ingreso hospitalario. Se alcanz\u00f3 un diagn\u00f3stico microbiol\u00f3gico en el 25% de las muestras procesadas (4 infecciones por picornavirus, 6 por virus respiratorio sincitial, 1 por adenovirus y 6 por virus de la gripe). La mayor\u00eda de las infecciones por virus de la gripe se produjeron durante el periodo epid\u00e9mico en la comunidad. La presencia de fiebre en una infecci\u00f3n de v\u00edas respiratorioas altas, en un contexto epidemiol\u00f3gico congruente, present\u00f3 un valor predictivo positivo del 76% para el diagn\u00f3stico de infecci\u00f3n por virus de la gripe, frente a otros virus respiratorios. S\u00f3lo el 53% de la cohorte hab\u00eda recibido la vacunaci\u00f3n frente al virus de la gripe. No se encontr\u00f3 relaci\u00f3n entre la infecci\u00f3n por virus respiratorios y el rechazo del \u00f3rgano trasplantado. En conclusi\u00f3n: los portadores de un trasplante de \u00f3rgano s\u00f3lido presentan una incidencia de infecci\u00f3n por virus respiratorios similar a la de la poblaci\u00f3n general, pero una tasa de complicaciones mayor. Los trasplantados cardiacos son los que presentan una tasa mayor de complicaciones. Se deber\u00eda valorar el empleo emp\u00edrico de tratamiento con inhibidores de la neuraminidasa cuando los portadores de un trasp<\/p>\n<p>&nbsp;<\/p>\n<h3>Datos acad\u00e9micos de la tesis doctoral \u00ab<strong>Infecciones por virus respiratorios en pacientes portadores de un trasplante de \u00f3rgano s\u00f3lido<\/strong>\u00ab<\/h3>\n<ul>\n<li><strong>T\u00edtulo de la tesis:<\/strong>\u00a0 Infecciones por virus respiratorios en pacientes portadores de un trasplante de \u00f3rgano s\u00f3lido <\/li>\n<li><strong>Autor:<\/strong>\u00a0 Francisco L\u00f3pez Medrano <\/li>\n<li><strong>Universidad:<\/strong>\u00a0 Aut\u00f3noma de Madrid<\/li>\n<li><strong>Fecha de lectura de la tesis:<\/strong>\u00a0 07\/04\/2006<\/li>\n<\/ul>\n<p>&nbsp;<\/p>\n<h3>Direcci\u00f3n y tribunal<\/h3>\n<ul>\n<li><strong>Director de la tesis<\/strong>\n<ul>\n<li>Jos\u00e9 Mar\u00eda Aguado Garc\u00eda<\/li>\n<\/ul>\n<\/li>\n<li><strong>Tribunal<\/strong>\n<ul>\n<li>Presidente del tribunal: Francisco Arnalich fern\u00e1ndez <\/li>\n<li>Jes\u00fas Ruiz contreras (vocal)<\/li>\n<li>Juan Del rey calero (vocal)<\/li>\n<li>Jos\u00e9 Mar\u00eda Morales  cerdan (vocal)<\/li>\n<\/ul>\n<\/li>\n<\/ul>\n<p>&nbsp;<\/p>\n","protected":false},"excerpt":{"rendered":"<p>Tesis doctoral de Francisco L\u00f3pez Medrano E trata del primer estudio prospectivo sobre infecci\u00f3n por virus respiratorios en portadores de [&hellip;]<\/p>\n","protected":false},"author":1,"featured_media":0,"comment_status":"open","ping_status":"open","sticky":false,"template":"","format":"standard","meta":{"site-sidebar-layout":"default","site-content-layout":"","ast-site-content-layout":"","site-content-style":"default","site-sidebar-style":"default","ast-global-header-display":"","ast-banner-title-visibility":"","ast-main-header-display":"","ast-hfb-above-header-display":"","ast-hfb-below-header-display":"","ast-hfb-mobile-header-display":"","site-post-title":"","ast-breadcrumbs-content":"","ast-featured-img":"","footer-sml-layout":"","theme-transparent-header-meta":"","adv-header-id-meta":"","stick-header-meta":"","header-above-stick-meta":"","header-main-stick-meta":"","header-below-stick-meta":"","astra-migrate-meta-layouts":"default","ast-page-background-enabled":"default","ast-page-background-meta":{"desktop":{"background-color":"var(--ast-global-color-4)","background-image":"","background-repeat":"repeat","background-position":"center center","background-size":"auto","background-attachment":"scroll","background-type":"","background-media":"","overlay-type":"","overlay-color":"","overlay-gradient":""},"tablet":{"background-color":"","background-image":"","background-repeat":"repeat","background-position":"center center","background-size":"auto","background-attachment":"scroll","background-type":"","background-media":"","overlay-type":"","overlay-color":"","overlay-gradient":""},"mobile":{"background-color":"","background-image":"","background-repeat":"repeat","background-position":"center center","background-size":"auto","background-attachment":"scroll","background-type":"","background-media":"","overlay-type":"","overlay-color":"","overlay-gradient":""}},"ast-content-background-meta":{"desktop":{"background-color":"var(--ast-global-color-5)","background-image":"","background-repeat":"repeat","background-position":"center center","background-size":"auto","background-attachment":"scroll","background-type":"","background-media":"","overlay-type":"","overlay-color":"","overlay-gradient":""},"tablet":{"background-color":"var(--ast-global-color-5)","background-image":"","background-repeat":"repeat","background-position":"center center","background-size":"auto","background-attachment":"scroll","background-type":"","background-media":"","overlay-type":"","overlay-color":"","overlay-gradient":""},"mobile":{"background-color":"var(--ast-global-color-5)","background-image":"","background-repeat":"repeat","background-position":"center center","background-size":"auto","background-attachment":"scroll","background-type":"","background-media":"","overlay-type":"","overlay-color":"","overlay-gradient":""}},"footnotes":""},"categories":[9],"tags":[824,142759,24316,9720,27102,942],"class_list":["post-79504","post","type-post","status-publish","format-standard","hentry","category-ciencias-medicas","tag-francisco-arnalich-fernandez","tag-francisco-lopez-medrano","tag-jesus-ruiz-contreras","tag-jose-maria-aguado-garcia","tag-jose-maria-morales-cerdan","tag-juan-del-rey-calero"],"_links":{"self":[{"href":"https:\/\/www.deberes.net\/tesis\/wp-json\/wp\/v2\/posts\/79504","targetHints":{"allow":["GET"]}}],"collection":[{"href":"https:\/\/www.deberes.net\/tesis\/wp-json\/wp\/v2\/posts"}],"about":[{"href":"https:\/\/www.deberes.net\/tesis\/wp-json\/wp\/v2\/types\/post"}],"author":[{"embeddable":true,"href":"https:\/\/www.deberes.net\/tesis\/wp-json\/wp\/v2\/users\/1"}],"replies":[{"embeddable":true,"href":"https:\/\/www.deberes.net\/tesis\/wp-json\/wp\/v2\/comments?post=79504"}],"version-history":[{"count":0,"href":"https:\/\/www.deberes.net\/tesis\/wp-json\/wp\/v2\/posts\/79504\/revisions"}],"wp:attachment":[{"href":"https:\/\/www.deberes.net\/tesis\/wp-json\/wp\/v2\/media?parent=79504"}],"wp:term":[{"taxonomy":"category","embeddable":true,"href":"https:\/\/www.deberes.net\/tesis\/wp-json\/wp\/v2\/categories?post=79504"},{"taxonomy":"post_tag","embeddable":true,"href":"https:\/\/www.deberes.net\/tesis\/wp-json\/wp\/v2\/tags?post=79504"}],"curies":[{"name":"wp","href":"https:\/\/api.w.org\/{rel}","templated":true}]}}