{"id":79506,"date":"2006-10-04T00:00:00","date_gmt":"2006-10-04T00:00:00","guid":{"rendered":"https:\/\/www.deberes.net\/tesis\/sin-categoria\/la-mortalidad-evitable-como-indicador-de-desempeno-de-la-pola%c2%adtica-sanitaria-colombia-1985-2001\/"},"modified":"2006-10-04T00:00:00","modified_gmt":"2006-10-04T00:00:00","slug":"la-mortalidad-evitable-como-indicador-de-desempeno-de-la-pola%c2%adtica-sanitaria-colombia-1985-2001","status":"publish","type":"post","link":"https:\/\/www.deberes.net\/tesis\/ciencias-medicas\/la-mortalidad-evitable-como-indicador-de-desempeno-de-la-pola%c2%adtica-sanitaria-colombia-1985-2001\/","title":{"rendered":"La mortalidad evitable como indicador de desempe\u00f1o de la pol\u00edtica sanitaria.colombia 1985 &#8211; 2001"},"content":{"rendered":"<h2>Tesis doctoral de <strong>  G\u00f3mez Arias Rub\u00e9n Dar\u00edo <\/strong><\/h2>\n<p>Hasta el momento, la muerte es un evento inevitable. Sin embargo, muchas de las causas que conducen a ella son controlables por el individuo y por la sociedad. En este sentido, las muertes que se produzcan por condiciones evitables tambi\u00e9n son evitables. La confianza en la posibilidad de controlar las enfermedades y postergar el momento de la muerte, es el fundamento de toda pol\u00edtica de salud, uno de cuyos resultados debe ser reducir la mortalidad, mediante la intervenci\u00f3n de aquellos factores que aumentan el riesgo de morir. Desde 1976, la mortalidad evitable ha sido propuesta y utilizada por varios autores como criterio para evaluar pol\u00edticas sanitarias. la evaluaci\u00f3n de las pol\u00edticas publicas que afectan la salud, y espec\u00edficamente de las reformas de los sistemas de servicios, ha sido a la vez objeto de inter\u00e9s y de controversia al nivel mundial, especialmente desde los a\u00f1os 80. Asumiendo que la efectividad de las pol\u00edticas de salud se refleja de alguna forma en la reducci\u00f3n de las defunciones cuya causa se considera evitable, la presente tesis doctoral estudia los cambios en la estructura y la tendencia de la mortalidad evitable registrada en colombia entre 1985 y 2001, en calidad de indicadores del desempe\u00f1o de la pol\u00edtica sanitaria aplicada en el per\u00edodo. Utilizando como punto de partida los modelos de holland y taucher, se ajust\u00f3 y aplic\u00f3 un inventario de causas evitables de muerte para evaluar la mortalidad en colombia durante el per\u00edodo analizado. dicho modelo puede presentar caracter\u00edsticas y limitaciones similares a las que presentan los modelos originales. El estudio encontr\u00f3 una proporci\u00f3n elevada de muertes evitables, especialmente entre los varones j\u00f3venes a expensas de causas externas evitables por medidas mixtas, y entre las mujeres mayores de 45 a\u00f1os a expensas de las causas evitables por atenci\u00f3n m\u00e9dica. en conjunto, las muertes evitables vienen disminuyendo en colombia desde 1985 en ambos sexos, c<\/p>\n<p>&nbsp;<\/p>\n<h3>Datos acad\u00e9micos de la tesis doctoral \u00ab<strong>La mortalidad evitable como indicador de desempe\u00f1o de la pol\u00edtica sanitaria.colombia 1985 &#8211; 2001<\/strong>\u00ab<\/h3>\n<ul>\n<li><strong>T\u00edtulo de la tesis:<\/strong>\u00a0 La mortalidad evitable como indicador de desempe\u00f1o de la pol\u00edtica sanitaria.colombia 1985 &#8211; 2001 <\/li>\n<li><strong>Autor:<\/strong>\u00a0  G\u00f3mez Arias Rub\u00e9n Dar\u00edo <\/li>\n<li><strong>Universidad:<\/strong>\u00a0 Alicante<\/li>\n<li><strong>Fecha de lectura de la tesis:<\/strong>\u00a0 10\/04\/2006<\/li>\n<\/ul>\n<p>&nbsp;<\/p>\n<h3>Direcci\u00f3n y tribunal<\/h3>\n<ul>\n<li><strong>Director de la tesis<\/strong>\n<ul>\n<li>Juan  Andres Nolasco Bonmat\u00ed<\/li>\n<\/ul>\n<\/li>\n<li><strong>Tribunal<\/strong>\n<ul>\n<li>Presidente del tribunal: Santiago P\u00e9rez hoyos <\/li>\n<li>luj\u00e1n Francisco yepes (vocal)<\/li>\n<li>rosa Gomez redondo (vocal)<\/li>\n<li>arbelaez Mar\u00eda patricia (vocal)<\/li>\n<\/ul>\n<\/li>\n<\/ul>\n<p>&nbsp;<\/p>\n","protected":false},"excerpt":{"rendered":"<p>Tesis doctoral de G\u00f3mez Arias Rub\u00e9n Dar\u00edo Hasta el momento, la muerte es un evento inevitable. Sin embargo, muchas de [&hellip;]<\/p>\n","protected":false},"author":1,"featured_media":0,"comment_status":"open","ping_status":"open","sticky":false,"template":"","format":"standard","meta":{"site-sidebar-layout":"default","site-content-layout":"","ast-site-content-layout":"","site-content-style":"default","site-sidebar-style":"default","ast-global-header-display":"","ast-banner-title-visibility":"","ast-main-header-display":"","ast-hfb-above-header-display":"","ast-hfb-below-header-display":"","ast-hfb-mobile-header-display":"","site-post-title":"","ast-breadcrumbs-content":"","ast-featured-img":"","footer-sml-layout":"","theme-transparent-header-meta":"","adv-header-id-meta":"","stick-header-meta":"","header-above-stick-meta":"","header-main-stick-meta":"","header-below-stick-meta":"","astra-migrate-meta-layouts":"default","ast-page-background-enabled":"default","ast-page-background-meta":{"desktop":{"background-color":"var(--ast-global-color-4)","background-image":"","background-repeat":"repeat","background-position":"center center","background-size":"auto","background-attachment":"scroll","background-type":"","background-media":"","overlay-type":"","overlay-color":"","overlay-gradient":""},"tablet":{"background-color":"","background-image":"","background-repeat":"repeat","background-position":"center center","background-size":"auto","background-attachment":"scroll","background-type":"","background-media":"","overlay-type":"","overlay-color":"","overlay-gradient":""},"mobile":{"background-color":"","background-image":"","background-repeat":"repeat","background-position":"center center","background-size":"auto","background-attachment":"scroll","background-type":"","background-media":"","overlay-type":"","overlay-color":"","overlay-gradient":""}},"ast-content-background-meta":{"desktop":{"background-color":"var(--ast-global-color-5)","background-image":"","background-repeat":"repeat","background-position":"center center","background-size":"auto","background-attachment":"scroll","background-type":"","background-media":"","overlay-type":"","overlay-color":"","overlay-gradient":""},"tablet":{"background-color":"var(--ast-global-color-5)","background-image":"","background-repeat":"repeat","background-position":"center center","background-size":"auto","background-attachment":"scroll","background-type":"","background-media":"","overlay-type":"","overlay-color":"","overlay-gradient":""},"mobile":{"background-color":"var(--ast-global-color-5)","background-image":"","background-repeat":"repeat","background-position":"center center","background-size":"auto","background-attachment":"scroll","background-type":"","background-media":"","overlay-type":"","overlay-color":"","overlay-gradient":""}},"footnotes":""},"categories":[19166,9,1066,1086,11824,967],"tags":[170616,170614,33103,170615,93329,33231],"class_list":["post-79506","post","type-post","status-publish","format-standard","hentry","category-alicante","category-ciencias-medicas","category-demografia","category-epidemiologia","category-mortalidad","category-salud-publica","tag-arbelaez-maria-patricia","tag-gomez-arias-ruben-dario","tag-juan-andres-nolasco-bonmati","tag-lujan-francisco-yepes","tag-rosa-gomez-redondo","tag-santiago-perez-hoyos"],"_links":{"self":[{"href":"https:\/\/www.deberes.net\/tesis\/wp-json\/wp\/v2\/posts\/79506","targetHints":{"allow":["GET"]}}],"collection":[{"href":"https:\/\/www.deberes.net\/tesis\/wp-json\/wp\/v2\/posts"}],"about":[{"href":"https:\/\/www.deberes.net\/tesis\/wp-json\/wp\/v2\/types\/post"}],"author":[{"embeddable":true,"href":"https:\/\/www.deberes.net\/tesis\/wp-json\/wp\/v2\/users\/1"}],"replies":[{"embeddable":true,"href":"https:\/\/www.deberes.net\/tesis\/wp-json\/wp\/v2\/comments?post=79506"}],"version-history":[{"count":0,"href":"https:\/\/www.deberes.net\/tesis\/wp-json\/wp\/v2\/posts\/79506\/revisions"}],"wp:attachment":[{"href":"https:\/\/www.deberes.net\/tesis\/wp-json\/wp\/v2\/media?parent=79506"}],"wp:term":[{"taxonomy":"category","embeddable":true,"href":"https:\/\/www.deberes.net\/tesis\/wp-json\/wp\/v2\/categories?post=79506"},{"taxonomy":"post_tag","embeddable":true,"href":"https:\/\/www.deberes.net\/tesis\/wp-json\/wp\/v2\/tags?post=79506"}],"curies":[{"name":"wp","href":"https:\/\/api.w.org\/{rel}","templated":true}]}}