{"id":79545,"date":"2018-03-09T23:25:22","date_gmt":"2018-03-09T23:25:22","guid":{"rendered":"https:\/\/www.deberes.net\/tesis\/sin-categoria\/aproximacion-al-estudio-de-un-cambio-musical-procesos-registrados-en-las-practicas-tradicionales-del-rabel-en-cantabria\/"},"modified":"2018-03-09T23:25:22","modified_gmt":"2018-03-09T23:25:22","slug":"aproximacion-al-estudio-de-un-cambio-musical-procesos-registrados-en-las-practicas-tradicionales-del-rabel-en-cantabria","status":"publish","type":"post","link":"https:\/\/www.deberes.net\/tesis\/ciencias-de-las-artes-y-las-letras\/aproximacion-al-estudio-de-un-cambio-musical-procesos-registrados-en-las-practicas-tradicionales-del-rabel-en-cantabria\/","title":{"rendered":"Aproximaci\u00f3n al estudio de un cambio musical. procesos registrados en las pr\u00e1cticas tradicionales del rabel en cantabria"},"content":{"rendered":"<h2>Tesis doctoral de <strong> Susana Moreno Fern\u00e1ndez <\/strong><\/h2>\n<p>La presente investigaci\u00f3n cuenta con un doble prop\u00f3sito: por un lado, documentar el desarrollo de las pr\u00e1cticas tradicionales del rabel en la regi\u00f3n de cantabria; por otro lado, analizar los procesos de cambio musical registrados en dichas pr\u00e1cticas a lo largo del siglo xx, en especial a partir de su \u00faltima d\u00e9cada. Partimos de la hip\u00f3tesis de que dichos cambios constituyen un movimiento de revival musical, sobre el que nos planteamos los siguientes interrogantes:  a) \u00c2\u00bfcu\u00e1les son el origen  y las condiciones de posibilidad de este fen\u00f3meno? \u00c2\u00bfante qu\u00e9 tipo de revival nos encontramos?  b)\u00c2\u00bfc\u00f3mo ha sido operado el rpoceso de cambio y bqu\u00e9 nuevos significados ha adquirido a ra\u00edz del mismo la pr\u00e1ctica del rabel en cantabria?  c) \u00c2\u00bfcu\u00e1l ha sido el alcance de las transformaciones introducidas en el movimiento revival en relaci\u00f3n con otras anteriores registradas en la tradici\u00f3n local del rabel?  con estas preguntas como punto de partida, la tesis consta de ocho cap\u00edtulos, los dos \u00faltimos dedicados a exponer las fuentes documentales as\u00ed como los ap\u00e9ndices anal\u00edticos. En este primer cap\u00edtulo introductivo -adem\u00e1s de presentar los objetivos y la estructura de la tesis- realizamos una revisi\u00f3n cr\u00edtica de las escasas publicaciones previas acerca de la pr\u00e1ctica del rabel en cantabria y en espa\u00f1a en general.  en el segundo cap\u00edtulo exponemos los fundamentos te\u00f3ricos que sustentan la tesis, basados en el estudio del cambio musical y en los fen\u00f3menos folclor\u00edsticos y de revival. Aclaramos tambi\u00e9n ciertos conceptos de vital importancia y presentamos el tipo de fuentes documentales en que basamos nuestro estudio, muchas de ellas redivadas del trabajo de campo que hemos desarrollado en cantabria en los \u00faltimos a\u00f1os para estudiar esta pr\u00e1ctica in situ, as\u00ed como los procedimientos metodol\u00f3gicos utilizados para su manejo.  nuestra principal estrategia metodol\u00f3gica ha sido comparar el desarrollo de la pr\u00e1ctica tradi<\/p>\n<p>&nbsp;<\/p>\n<h3>Datos acad\u00e9micos de la tesis doctoral \u00ab<strong>Aproximaci\u00f3n al estudio de un cambio musical. procesos registrados en las pr\u00e1cticas tradicionales del rabel en cantabria<\/strong>\u00ab<\/h3>\n<ul>\n<li><strong>T\u00edtulo de la tesis:<\/strong>\u00a0 Aproximaci\u00f3n al estudio de un cambio musical. procesos registrados en las pr\u00e1cticas tradicionales del rabel en cantabria <\/li>\n<li><strong>Autor:<\/strong>\u00a0 Susana Moreno Fern\u00e1ndez <\/li>\n<li><strong>Universidad:<\/strong>\u00a0 Valladolid<\/li>\n<li><strong>Fecha de lectura de la tesis:<\/strong>\u00a0 19\/04\/2006<\/li>\n<\/ul>\n<p>&nbsp;<\/p>\n<h3>Direcci\u00f3n y tribunal<\/h3>\n<ul>\n<li><strong>Director de la tesis<\/strong>\n<ul>\n<li>Enrique Camara De Landa<\/li>\n<\/ul>\n<\/li>\n<li><strong>Tribunal<\/strong>\n<ul>\n<li>Presidente del tribunal: Mar\u00eda antonia Virgili blanquet <\/li>\n<li>el-shawan Castelo-branco salwa (vocal)<\/li>\n<li>peter Baumann max (vocal)<\/li>\n<li>josep Martines perez (vocal)<\/li>\n<\/ul>\n<\/li>\n<\/ul>\n<p>&nbsp;<\/p>\n","protected":false},"excerpt":{"rendered":"<p>Tesis doctoral de Susana Moreno Fern\u00e1ndez La presente investigaci\u00f3n cuenta con un doble prop\u00f3sito: por un lado, documentar el desarrollo [&hellip;]<\/p>\n","protected":false},"author":1,"featured_media":0,"comment_status":"open","ping_status":"open","sticky":false,"template":"","format":"standard","meta":{"site-sidebar-layout":"default","site-content-layout":"","ast-site-content-layout":"","site-content-style":"default","site-sidebar-style":"default","ast-global-header-display":"","ast-banner-title-visibility":"","ast-main-header-display":"","ast-hfb-above-header-display":"","ast-hfb-below-header-display":"","ast-hfb-mobile-header-display":"","site-post-title":"","ast-breadcrumbs-content":"","ast-featured-img":"","footer-sml-layout":"","theme-transparent-header-meta":"","adv-header-id-meta":"","stick-header-meta":"","header-above-stick-meta":"","header-main-stick-meta":"","header-below-stick-meta":"","astra-migrate-meta-layouts":"default","ast-page-background-enabled":"default","ast-page-background-meta":{"desktop":{"background-color":"var(--ast-global-color-4)","background-image":"","background-repeat":"repeat","background-position":"center center","background-size":"auto","background-attachment":"scroll","background-type":"","background-media":"","overlay-type":"","overlay-color":"","overlay-gradient":""},"tablet":{"background-color":"","background-image":"","background-repeat":"repeat","background-position":"center center","background-size":"auto","background-attachment":"scroll","background-type":"","background-media":"","overlay-type":"","overlay-color":"","overlay-gradient":""},"mobile":{"background-color":"","background-image":"","background-repeat":"repeat","background-position":"center center","background-size":"auto","background-attachment":"scroll","background-type":"","background-media":"","overlay-type":"","overlay-color":"","overlay-gradient":""}},"ast-content-background-meta":{"desktop":{"background-color":"var(--ast-global-color-5)","background-image":"","background-repeat":"repeat","background-position":"center center","background-size":"auto","background-attachment":"scroll","background-type":"","background-media":"","overlay-type":"","overlay-color":"","overlay-gradient":""},"tablet":{"background-color":"var(--ast-global-color-5)","background-image":"","background-repeat":"repeat","background-position":"center center","background-size":"auto","background-attachment":"scroll","background-type":"","background-media":"","overlay-type":"","overlay-color":"","overlay-gradient":""},"mobile":{"background-color":"var(--ast-global-color-5)","background-image":"","background-repeat":"repeat","background-position":"center center","background-size":"auto","background-attachment":"scroll","background-type":"","background-media":"","overlay-type":"","overlay-color":"","overlay-gradient":""}},"footnotes":""},"categories":[147,9132,1111,12451],"tags":[170691,12535,8293,9723,170692,170690],"class_list":["post-79545","post","type-post","status-publish","format-standard","hentry","category-ciencias-de-las-artes-y-las-letras","category-musica-y-musicologia","category-teoria-analisis-y-critica-de-las-bellas-artes","category-valladolid","tag-el-shawan-castelo-branco-salwa","tag-enrique-camara-de-landa","tag-josep-martines-perez","tag-maria-antonia-virgili-blanquet","tag-peter-baumann-max","tag-susana-moreno-fernandez"],"_links":{"self":[{"href":"https:\/\/www.deberes.net\/tesis\/wp-json\/wp\/v2\/posts\/79545","targetHints":{"allow":["GET"]}}],"collection":[{"href":"https:\/\/www.deberes.net\/tesis\/wp-json\/wp\/v2\/posts"}],"about":[{"href":"https:\/\/www.deberes.net\/tesis\/wp-json\/wp\/v2\/types\/post"}],"author":[{"embeddable":true,"href":"https:\/\/www.deberes.net\/tesis\/wp-json\/wp\/v2\/users\/1"}],"replies":[{"embeddable":true,"href":"https:\/\/www.deberes.net\/tesis\/wp-json\/wp\/v2\/comments?post=79545"}],"version-history":[{"count":0,"href":"https:\/\/www.deberes.net\/tesis\/wp-json\/wp\/v2\/posts\/79545\/revisions"}],"wp:attachment":[{"href":"https:\/\/www.deberes.net\/tesis\/wp-json\/wp\/v2\/media?parent=79545"}],"wp:term":[{"taxonomy":"category","embeddable":true,"href":"https:\/\/www.deberes.net\/tesis\/wp-json\/wp\/v2\/categories?post=79545"},{"taxonomy":"post_tag","embeddable":true,"href":"https:\/\/www.deberes.net\/tesis\/wp-json\/wp\/v2\/tags?post=79545"}],"curies":[{"name":"wp","href":"https:\/\/api.w.org\/{rel}","templated":true}]}}