{"id":79554,"date":"2018-03-09T23:25:22","date_gmt":"2018-03-09T23:25:22","guid":{"rendered":"https:\/\/www.deberes.net\/tesis\/sin-categoria\/respuesta-de-plantulas-lenosas-mediterraneas-a-la-disponibilidad-de-luz-y-agua-en-condiciones-experimentales\/"},"modified":"2018-03-09T23:25:22","modified_gmt":"2018-03-09T23:25:22","slug":"respuesta-de-plantulas-lenosas-mediterraneas-a-la-disponibilidad-de-luz-y-agua-en-condiciones-experimentales","status":"publish","type":"post","link":"https:\/\/www.deberes.net\/tesis\/sin-categoria\/respuesta-de-plantulas-lenosas-mediterraneas-a-la-disponibilidad-de-luz-y-agua-en-condiciones-experimentales\/","title":{"rendered":"Respuesta de pl\u00e1ntulas le\u00f1osas mediterr\u00e1neas a la disponibilidad de luz y agua en condiciones experimentales"},"content":{"rendered":"<h2>Tesis doctoral de <strong> David S\u00e1nchez G\u00f3mez <\/strong><\/h2>\n<p>En el mediterr\u00e1neo, la luz y el agua son dos de los factores limitantes m\u00e1s importantes relacionados con la productividad y composici\u00f3n de los bosques. La segregaci\u00f3n y la coexistencia de especies en esta regi\u00f3n est\u00e1 determinada en buena medida por las restricciones y compromisos estrat\u00e9gicos que operan durante el estudio de pl\u00e1ntula. En esta tesis se aborda experimentalmente el estudio comparado de las respuestas ecofisiol\u00f3gicas de pl\u00e1ntulas de distintas especies mayoritariamente mediterr\u00e1neas ante la disponibilidad de luz y agua. Los objetivos principales son: a) estudiar las diferencias interespec\u00edficas en los patrones de supervivencia y crecimiento de las pl\u00e1ntulas a lo largo de gradientes experimentales de disponibilidad de luz y agua, as\u00ed como identificar los posibles compromisos estrat\u00e9gicos que limitan el desempe\u00f1o \u00f3ptimo de las pl\u00e1ntulas de las diferentes especies a lo largo de estos gradientes; b) profundizar en los mecanismos ecofisiol\u00f3gicos que subyacen al \u00e9xito diferencial de las especies a lo largo de los gradientes, determinando qu\u00e9 rasgos se relacionan con la tolerancia a la sombra y a la sequ\u00eda; c) estudiar los efectos interactivos entre la disponibilidad de luz y agua en las respuestas de las pl\u00e1ntulas; d) determinar el papel de la plasticidad fenot\u00edpica en las diferencias interespec\u00edficas en el \u00e9xito de las pl\u00e1ntulas a lo largo del gradiente de disponibilidad de luz y agua establecido y e) conectar la ecofisiolog\u00eda de las especies con los procesos que operan a nivel de la comunidad. La tesis se apoya en dos experimentos. El primero se realiz\u00f3 con pl\u00e1ntulas de cuatro especies -quercus robur l., Quercus pyrenaica willd, pinus pinaster ait. Y pinus sylvestris l.- Que se distribuyen en la pen\u00ednsula ib\u00e9rica a lo largo de un gradiente geogr\u00e1fico y ambiental asociado con la disponibilidad de agua. El segundo experimento se realiz\u00f3 con pl\u00e1ntulas de ocho especies -arbustus unedo l., Pistacia lentiscus l., Pistacia terebin<\/p>\n<p>&nbsp;<\/p>\n<h3>Datos acad\u00e9micos de la tesis doctoral \u00ab<strong>Respuesta de pl\u00e1ntulas le\u00f1osas mediterr\u00e1neas a la disponibilidad de luz y agua en condiciones experimentales<\/strong>\u00ab<\/h3>\n<ul>\n<li><strong>T\u00edtulo de la tesis:<\/strong>\u00a0 Respuesta de pl\u00e1ntulas le\u00f1osas mediterr\u00e1neas a la disponibilidad de luz y agua en condiciones experimentales <\/li>\n<li><strong>Autor:<\/strong>\u00a0 David S\u00e1nchez G\u00f3mez <\/li>\n<li><strong>Universidad:<\/strong>\u00a0 Complutense de Madrid<\/li>\n<li><strong>Fecha de lectura de la tesis:<\/strong>\u00a0 19\/04\/2006<\/li>\n<\/ul>\n<p>&nbsp;<\/p>\n<h3>Direcci\u00f3n y tribunal<\/h3>\n<ul>\n<li><strong>Director de la tesis<\/strong>\n<ul>\n<li>Fernando Valladares Ros<\/li>\n<\/ul>\n<\/li>\n<li><strong>Tribunal<\/strong>\n<ul>\n<li>Presidente del tribunal: Luis Balaguer N\u00fa\u00f1ez <\/li>\n<li>Rafael Villar Montero (vocal)<\/li>\n<li>Ismael Aranda Garc\u00eda (vocal)<\/li>\n<li>Pilar Castro Diez (vocal)<\/li>\n<\/ul>\n<\/li>\n<\/ul>\n<p>&nbsp;<\/p>\n","protected":false},"excerpt":{"rendered":"<p>Tesis doctoral de David S\u00e1nchez G\u00f3mez En el mediterr\u00e1neo, la luz y el agua son dos de los factores limitantes [&hellip;]<\/p>\n","protected":false},"author":1,"featured_media":0,"comment_status":"open","ping_status":"open","sticky":false,"template":"","format":"standard","meta":{"site-sidebar-layout":"default","site-content-layout":"","ast-site-content-layout":"","site-content-style":"default","site-sidebar-style":"default","ast-global-header-display":"","ast-banner-title-visibility":"","ast-main-header-display":"","ast-hfb-above-header-display":"","ast-hfb-below-header-display":"","ast-hfb-mobile-header-display":"","site-post-title":"","ast-breadcrumbs-content":"","ast-featured-img":"","footer-sml-layout":"","theme-transparent-header-meta":"","adv-header-id-meta":"","stick-header-meta":"","header-above-stick-meta":"","header-main-stick-meta":"","header-below-stick-meta":"","astra-migrate-meta-layouts":"default","ast-page-background-enabled":"default","ast-page-background-meta":{"desktop":{"background-color":"var(--ast-global-color-4)","background-image":"","background-repeat":"repeat","background-position":"center center","background-size":"auto","background-attachment":"scroll","background-type":"","background-media":"","overlay-type":"","overlay-color":"","overlay-gradient":""},"tablet":{"background-color":"","background-image":"","background-repeat":"repeat","background-position":"center center","background-size":"auto","background-attachment":"scroll","background-type":"","background-media":"","overlay-type":"","overlay-color":"","overlay-gradient":""},"mobile":{"background-color":"","background-image":"","background-repeat":"repeat","background-position":"center center","background-size":"auto","background-attachment":"scroll","background-type":"","background-media":"","overlay-type":"","overlay-color":"","overlay-gradient":""}},"ast-content-background-meta":{"desktop":{"background-color":"var(--ast-global-color-5)","background-image":"","background-repeat":"repeat","background-position":"center center","background-size":"auto","background-attachment":"scroll","background-type":"","background-media":"","overlay-type":"","overlay-color":"","overlay-gradient":""},"tablet":{"background-color":"var(--ast-global-color-5)","background-image":"","background-repeat":"repeat","background-position":"center center","background-size":"auto","background-attachment":"scroll","background-type":"","background-media":"","overlay-type":"","overlay-color":"","overlay-gradient":""},"mobile":{"background-color":"var(--ast-global-color-5)","background-image":"","background-repeat":"repeat","background-position":"center center","background-size":"auto","background-attachment":"scroll","background-type":"","background-media":"","overlay-type":"","overlay-color":"","overlay-gradient":""}},"footnotes":""},"categories":[1],"tags":[170706,47336,97240,119495,36011,57755],"class_list":["post-79554","post","type-post","status-publish","format-standard","hentry","category-sin-categoria","tag-david-sanchez-gomez","tag-fernando-valladares-ros","tag-ismael-aranda-garcia","tag-luis-balaguer-nunez","tag-pilar-castro-diez","tag-rafael-villar-montero"],"_links":{"self":[{"href":"https:\/\/www.deberes.net\/tesis\/wp-json\/wp\/v2\/posts\/79554","targetHints":{"allow":["GET"]}}],"collection":[{"href":"https:\/\/www.deberes.net\/tesis\/wp-json\/wp\/v2\/posts"}],"about":[{"href":"https:\/\/www.deberes.net\/tesis\/wp-json\/wp\/v2\/types\/post"}],"author":[{"embeddable":true,"href":"https:\/\/www.deberes.net\/tesis\/wp-json\/wp\/v2\/users\/1"}],"replies":[{"embeddable":true,"href":"https:\/\/www.deberes.net\/tesis\/wp-json\/wp\/v2\/comments?post=79554"}],"version-history":[{"count":0,"href":"https:\/\/www.deberes.net\/tesis\/wp-json\/wp\/v2\/posts\/79554\/revisions"}],"wp:attachment":[{"href":"https:\/\/www.deberes.net\/tesis\/wp-json\/wp\/v2\/media?parent=79554"}],"wp:term":[{"taxonomy":"category","embeddable":true,"href":"https:\/\/www.deberes.net\/tesis\/wp-json\/wp\/v2\/categories?post=79554"},{"taxonomy":"post_tag","embeddable":true,"href":"https:\/\/www.deberes.net\/tesis\/wp-json\/wp\/v2\/tags?post=79554"}],"curies":[{"name":"wp","href":"https:\/\/api.w.org\/{rel}","templated":true}]}}