{"id":79577,"date":"2018-03-09T23:25:26","date_gmt":"2018-03-09T23:25:26","guid":{"rendered":"https:\/\/www.deberes.net\/tesis\/sin-categoria\/prudencia-orden-y-vida-pola%c2%adtica-de-aritoteles-a-weber-y-vuelta\/"},"modified":"2018-03-09T23:25:26","modified_gmt":"2018-03-09T23:25:26","slug":"prudencia-orden-y-vida-pola%c2%adtica-de-aritoteles-a-weber-y-vuelta","status":"publish","type":"post","link":"https:\/\/www.deberes.net\/tesis\/filosofia-social\/prudencia-orden-y-vida-pola%c2%adtica-de-aritoteles-a-weber-y-vuelta\/","title":{"rendered":"\u00abprudencia, \u00f3rden y vida pol\u00edtica. de arit\u00f3teles a weber (y vuelta)\u00bb"},"content":{"rendered":"<h2>Tesis doctoral de <strong> Miguel Angel Belmonte Sanchez <\/strong><\/h2>\n<p>Arist\u00f3teles desarroll\u00f3 un concepto de prudencia, como instancia ordenadora de la vida pol\u00edtica, cuyo olvido por parte de la modernidad da\u00f1a irreparablemente al pensamiento pol\u00edtico, tal como queda reflejado en la reflexi\u00f3n weberiana. Para demostrar tal tesis recorremos el siguiente camino: en primer lugar, analizamos a fondo el papel que desempe\u00f1a la prudencia pol\u00edtica en el conjunto de la filosof\u00eda pol\u00edtica aristot\u00e9lica, especialmente en relaci\u00f3n con los conceptos de vida pol\u00edtica, amistad, bien com\u00fan, naturaleza, ley, orden pol\u00edtico y acci\u00f3n pol\u00edtica. En segundo lugar, rastreamos el concepto de prudencia pol\u00edtica a lo largo de la historia del pensamiento poniendo de realce el contraste entre arist\u00f3teles y la modernidad con especial \u00e9nfasis en el estudio de autores como maquiavelo, hobbes, spinoza y kant. En tercer lugar, y como t\u00e9rmino principal de comparaci\u00f3n con la prudencia pol\u00edtica aristot\u00e9lica, la confluencia sui generis en la obra de max weber de los principales elementos de la filosof\u00eda pol\u00edtica moderna, te\u00f1idos de nietzscheanismo, justifica el an\u00e1lisis de aquellos aspectos de su obra relacionados con cuestiones como la vida pol\u00edtica, el l\u00edder pol\u00edtico y la misi\u00f3n y alcance del conocimiento pol\u00edtico pr\u00e1ctico. Su perspicacia al juzgar tales asuntos, le lleva en ocasiones, a pesar de sus propios presupuestos ideol\u00f3gicos y metodol\u00f3gicos, a coincidir parcialmente con la caracterizaci\u00f3n aristot\u00e9lica de la prudencia pol\u00edtica. Pero, sobre todo, la idea weberiana de pol\u00edtica, con sus tensiones internas, da testimonio del olvido y ausencia en la modernidad de aquella noci\u00f3n aristot\u00e9lica. Precisamente la presunta rehabilitaci\u00f3n de la phronesis en el siglo xx, retorno que se revela insuficiente, sirve para concluir un recorrido en el que quedan manifiestas las implicaciones del moderno olvido de la prudencia pol\u00edtica: la racionalidad de la phronesis queda sustituida por una dial\u00e9ctica insalvable entre racionalismo e irracio<\/p>\n<p>&nbsp;<\/p>\n<h3>Datos acad\u00e9micos de la tesis doctoral \u00ab<strong>\u00abprudencia, \u00f3rden y vida pol\u00edtica. de arit\u00f3teles a weber (y vuelta)\u00bb<\/strong>\u00ab<\/h3>\n<ul>\n<li><strong>T\u00edtulo de la tesis:<\/strong>\u00a0 \u00abprudencia, \u00f3rden y vida pol\u00edtica. de arit\u00f3teles a weber (y vuelta)\u00bb <\/li>\n<li><strong>Autor:<\/strong>\u00a0 Miguel Angel Belmonte Sanchez <\/li>\n<li><strong>Universidad:<\/strong>\u00a0 Internacional de catalunya<\/li>\n<li><strong>Fecha de lectura de la tesis:<\/strong>\u00a0 20\/04\/2006<\/li>\n<\/ul>\n<p>&nbsp;<\/p>\n<h3>Direcci\u00f3n y tribunal<\/h3>\n<ul>\n<li><strong>Director de la tesis<\/strong>\n<ul>\n<li>Josep Mar\u00eda Alsina Roca<\/li>\n<\/ul>\n<\/li>\n<li><strong>Tribunal<\/strong>\n<ul>\n<li>Presidente del tribunal: josep Olives puig <\/li>\n<li>margarida Mauri dra. (vocal)<\/li>\n<li>Javier Barraycoa Martinez (vocal)<\/li>\n<li>josep Montserrat dr. (vocal)<\/li>\n<\/ul>\n<\/li>\n<\/ul>\n<p>&nbsp;<\/p>\n","protected":false},"excerpt":{"rendered":"<p>Tesis doctoral de Miguel Angel Belmonte Sanchez Arist\u00f3teles desarroll\u00f3 un concepto de prudencia, como instancia ordenadora de la vida pol\u00edtica, [&hellip;]<\/p>\n","protected":false},"author":1,"featured_media":0,"comment_status":"open","ping_status":"open","sticky":false,"template":"","format":"standard","meta":{"site-sidebar-layout":"default","site-content-layout":"","ast-site-content-layout":"","site-content-style":"default","site-sidebar-style":"default","ast-global-header-display":"","ast-banner-title-visibility":"","ast-main-header-display":"","ast-hfb-above-header-display":"","ast-hfb-below-header-display":"","ast-hfb-mobile-header-display":"","site-post-title":"","ast-breadcrumbs-content":"","ast-featured-img":"","footer-sml-layout":"","theme-transparent-header-meta":"","adv-header-id-meta":"","stick-header-meta":"","header-above-stick-meta":"","header-main-stick-meta":"","header-below-stick-meta":"","astra-migrate-meta-layouts":"default","ast-page-background-enabled":"default","ast-page-background-meta":{"desktop":{"background-color":"var(--ast-global-color-4)","background-image":"","background-repeat":"repeat","background-position":"center center","background-size":"auto","background-attachment":"scroll","background-type":"","background-media":"","overlay-type":"","overlay-color":"","overlay-gradient":""},"tablet":{"background-color":"","background-image":"","background-repeat":"repeat","background-position":"center center","background-size":"auto","background-attachment":"scroll","background-type":"","background-media":"","overlay-type":"","overlay-color":"","overlay-gradient":""},"mobile":{"background-color":"","background-image":"","background-repeat":"repeat","background-position":"center center","background-size":"auto","background-attachment":"scroll","background-type":"","background-media":"","overlay-type":"","overlay-color":"","overlay-gradient":""}},"ast-content-background-meta":{"desktop":{"background-color":"var(--ast-global-color-5)","background-image":"","background-repeat":"repeat","background-position":"center center","background-size":"auto","background-attachment":"scroll","background-type":"","background-media":"","overlay-type":"","overlay-color":"","overlay-gradient":""},"tablet":{"background-color":"var(--ast-global-color-5)","background-image":"","background-repeat":"repeat","background-position":"center center","background-size":"auto","background-attachment":"scroll","background-type":"","background-media":"","overlay-type":"","overlay-color":"","overlay-gradient":""},"mobile":{"background-color":"var(--ast-global-color-5)","background-image":"","background-repeat":"repeat","background-position":"center center","background-size":"auto","background-attachment":"scroll","background-type":"","background-media":"","overlay-type":"","overlay-color":"","overlay-gradient":""}},"footnotes":""},"categories":[5276,5250,6008,1078,40818],"tags":[120041,33997,170743,32785,170742,170741],"class_list":["post-79577","post","type-post","status-publish","format-standard","hentry","category-filosofia-de-la-historia","category-filosofia-de-las-ciencias-sociales","category-filosofia-politica","category-filosofia-social","category-internacional-de-catalunya","tag-javier-barraycoa-Martinez","tag-josep-maria-alsina-roca","tag-josep-montserrat-dr","tag-josep-olives-puig","tag-margarida-mauri-dra","tag-miguel-angel-belmonte-sanchez"],"_links":{"self":[{"href":"https:\/\/www.deberes.net\/tesis\/wp-json\/wp\/v2\/posts\/79577","targetHints":{"allow":["GET"]}}],"collection":[{"href":"https:\/\/www.deberes.net\/tesis\/wp-json\/wp\/v2\/posts"}],"about":[{"href":"https:\/\/www.deberes.net\/tesis\/wp-json\/wp\/v2\/types\/post"}],"author":[{"embeddable":true,"href":"https:\/\/www.deberes.net\/tesis\/wp-json\/wp\/v2\/users\/1"}],"replies":[{"embeddable":true,"href":"https:\/\/www.deberes.net\/tesis\/wp-json\/wp\/v2\/comments?post=79577"}],"version-history":[{"count":0,"href":"https:\/\/www.deberes.net\/tesis\/wp-json\/wp\/v2\/posts\/79577\/revisions"}],"wp:attachment":[{"href":"https:\/\/www.deberes.net\/tesis\/wp-json\/wp\/v2\/media?parent=79577"}],"wp:term":[{"taxonomy":"category","embeddable":true,"href":"https:\/\/www.deberes.net\/tesis\/wp-json\/wp\/v2\/categories?post=79577"},{"taxonomy":"post_tag","embeddable":true,"href":"https:\/\/www.deberes.net\/tesis\/wp-json\/wp\/v2\/tags?post=79577"}],"curies":[{"name":"wp","href":"https:\/\/api.w.org\/{rel}","templated":true}]}}