{"id":79615,"date":"2018-03-09T23:25:30","date_gmt":"2018-03-09T23:25:30","guid":{"rendered":"https:\/\/www.deberes.net\/tesis\/sin-categoria\/derechos-ambientales-en-perspectiva-de-integralidad-concepto-y-fundamentacion-de-nuevas-demandas-y-resistencias-actuales-hacia-el-estado-ambiental\/"},"modified":"2018-03-09T23:25:30","modified_gmt":"2018-03-09T23:25:30","slug":"derechos-ambientales-en-perspectiva-de-integralidad-concepto-y-fundamentacion-de-nuevas-demandas-y-resistencias-actuales-hacia-el-estado-ambiental","status":"publish","type":"post","link":"https:\/\/www.deberes.net\/tesis\/filosofia-del-derecho\/derechos-ambientales-en-perspectiva-de-integralidad-concepto-y-fundamentacion-de-nuevas-demandas-y-resistencias-actuales-hacia-el-estado-ambiental\/","title":{"rendered":"Derechos ambientales en perspectiva de integralidad  concepto y fundamentacion de nuevas demandas y resistencias actuales hacia el estado ambiental"},"content":{"rendered":"<h2>Tesis doctoral de <strong> Gregorio Mesa Cuadros <\/strong><\/h2>\n<p>Partiendo de una concepci\u00f3n integral de los derechos humanos, con base en una perspectiva cr\u00edtica, el objetivo central de esta tesis consiste en dar buenas razones y argumentos desde un nuevo ambientalismo popular, latinoamericano y alterglobalizador para fundamentar los derechos ambientales y su concreci\u00f3n en el estado ambiental de derecho (tanto a nivel estatal como global) hacia la satisfacci\u00f3n de las necesidades humanas b\u00e1sicas de todos los humanos. Los conceptos de huella y deuda ambiental, justicia ambiental, solidaridad y responsabilidad e imperativo ambiental, as\u00ed como los de democracia y ciudadan\u00eda ambiental y cosmopolita, son adem\u00e1s ideas b\u00e1sicas de l\u00edmites a las acciones humanas de los poderes que alrededor del globo imponen y ejecutan pr\u00e1cticas culturales, sociales, pol\u00edticas y ambientales, individuales y grupales, de depredaci\u00f3n, exclusi\u00f3n y marginaci\u00f3n.  este debate se hace desde contextos socioculturales, pol\u00edticos y ambientales concretos, buscando diferenciarse de las formas como el capital y el liberalismo buscan te\u00f1irse de verde, tratando de acomodarse a los nuevos tiempos en su idea de dar razones para la apropiaci\u00f3n de aquello que todav\u00eda no entra en su \u00e1mbito propietarista para continuar con su esp\u00edritu de maximizaci\u00f3n de las ganancias. La tesis se apoya en otras disciplinas y hace un ejercicio de transdisciplinariedad, en el que adem\u00e1s de los enfoques de la teor\u00eda cr\u00edtica de los derechos humanos, la sociolog\u00eda del derecho y la filosof\u00eda del derecho, acoge otras disciplinas que le alimentan, como la ecolog\u00eda pol\u00edtica, la econom\u00eda ecol\u00f3gica, la filosof\u00eda pol\u00edtica y la \u00e9tica.  palabras clave: huella ambiental, deuda ambiental, imperativo ambiental, \u00e9tica ambiental, ambientalismo, justicia ambiental, responsabilidad, solidaridad, necesidades b\u00e1sicas, fundamentaci\u00f3n, estado ambiental de derecho, democracia ambiental, ciudadan\u00eda ambiental.<\/p>\n<p>&nbsp;<\/p>\n<h3>Datos acad\u00e9micos de la tesis doctoral \u00ab<strong>Derechos ambientales en perspectiva de integralidad  concepto y fundamentacion de nuevas demandas y resistencias actuales hacia el estado ambiental<\/strong>\u00ab<\/h3>\n<ul>\n<li><strong>T\u00edtulo de la tesis:<\/strong>\u00a0 Derechos ambientales en perspectiva de integralidad  concepto y fundamentacion de nuevas demandas y resistencias actuales hacia el estado ambiental <\/li>\n<li><strong>Autor:<\/strong>\u00a0 Gregorio Mesa Cuadros <\/li>\n<li><strong>Universidad:<\/strong>\u00a0 Carlos III de Madrid<\/li>\n<li><strong>Fecha de lectura de la tesis:<\/strong>\u00a0 21\/04\/2006<\/li>\n<\/ul>\n<p>&nbsp;<\/p>\n<h3>Direcci\u00f3n y tribunal<\/h3>\n<ul>\n<li><strong>Director de la tesis<\/strong>\n<ul>\n<li>Mar\u00eda  Jose Fari\u00f1as Dulce<\/li>\n<\/ul>\n<\/li>\n<li><strong>Tribunal<\/strong>\n<ul>\n<li>Presidente del tribunal: fernando Mari\u00f1o menendez <\/li>\n<li>Jorge Riechmann (vocal)<\/li>\n<li> Serrano moreno Jos\u00e9 Luis (vocal)<\/li>\n<li>Fernando Manero Miguel (vocal)<\/li>\n<\/ul>\n<\/li>\n<\/ul>\n<p>&nbsp;<\/p>\n","protected":false},"excerpt":{"rendered":"<p>Tesis doctoral de Gregorio Mesa Cuadros Partiendo de una concepci\u00f3n integral de los derechos humanos, con base en una perspectiva [&hellip;]<\/p>\n","protected":false},"author":1,"featured_media":0,"comment_status":"open","ping_status":"open","sticky":false,"template":"","format":"standard","meta":{"site-sidebar-layout":"default","site-content-layout":"","ast-site-content-layout":"","site-content-style":"default","site-sidebar-style":"default","ast-global-header-display":"","ast-banner-title-visibility":"","ast-main-header-display":"","ast-hfb-above-header-display":"","ast-hfb-below-header-display":"","ast-hfb-mobile-header-display":"","site-post-title":"","ast-breadcrumbs-content":"","ast-featured-img":"","footer-sml-layout":"","theme-transparent-header-meta":"","adv-header-id-meta":"","stick-header-meta":"","header-above-stick-meta":"","header-main-stick-meta":"","header-below-stick-meta":"","astra-migrate-meta-layouts":"default","ast-page-background-enabled":"default","ast-page-background-meta":{"desktop":{"background-color":"var(--ast-global-color-4)","background-image":"","background-repeat":"repeat","background-position":"center center","background-size":"auto","background-attachment":"scroll","background-type":"","background-media":"","overlay-type":"","overlay-color":"","overlay-gradient":""},"tablet":{"background-color":"","background-image":"","background-repeat":"repeat","background-position":"center center","background-size":"auto","background-attachment":"scroll","background-type":"","background-media":"","overlay-type":"","overlay-color":"","overlay-gradient":""},"mobile":{"background-color":"","background-image":"","background-repeat":"repeat","background-position":"center center","background-size":"auto","background-attachment":"scroll","background-type":"","background-media":"","overlay-type":"","overlay-color":"","overlay-gradient":""}},"ast-content-background-meta":{"desktop":{"background-color":"var(--ast-global-color-5)","background-image":"","background-repeat":"repeat","background-position":"center center","background-size":"auto","background-attachment":"scroll","background-type":"","background-media":"","overlay-type":"","overlay-color":"","overlay-gradient":""},"tablet":{"background-color":"var(--ast-global-color-5)","background-image":"","background-repeat":"repeat","background-position":"center center","background-size":"auto","background-attachment":"scroll","background-type":"","background-media":"","overlay-type":"","overlay-color":"","overlay-gradient":""},"mobile":{"background-color":"var(--ast-global-color-5)","background-image":"","background-repeat":"repeat","background-position":"center center","background-size":"auto","background-attachment":"scroll","background-type":"","background-media":"","overlay-type":"","overlay-color":"","overlay-gradient":""}},"footnotes":""},"categories":[18550,11777],"tags":[4463,9015,170811,170812,56033,27023],"class_list":["post-79615","post","type-post","status-publish","format-standard","hentry","category-carlos-iii-de-madrid","category-filosofia-del-derecho","tag-fernando-manero-miguel","tag-fernando-marino-menendez","tag-gregorio-mesa-cuadros","tag-jorge-riechmann","tag-maria-jose-farinas-dulce","tag-serrano-moreno-jose-luis"],"_links":{"self":[{"href":"https:\/\/www.deberes.net\/tesis\/wp-json\/wp\/v2\/posts\/79615","targetHints":{"allow":["GET"]}}],"collection":[{"href":"https:\/\/www.deberes.net\/tesis\/wp-json\/wp\/v2\/posts"}],"about":[{"href":"https:\/\/www.deberes.net\/tesis\/wp-json\/wp\/v2\/types\/post"}],"author":[{"embeddable":true,"href":"https:\/\/www.deberes.net\/tesis\/wp-json\/wp\/v2\/users\/1"}],"replies":[{"embeddable":true,"href":"https:\/\/www.deberes.net\/tesis\/wp-json\/wp\/v2\/comments?post=79615"}],"version-history":[{"count":0,"href":"https:\/\/www.deberes.net\/tesis\/wp-json\/wp\/v2\/posts\/79615\/revisions"}],"wp:attachment":[{"href":"https:\/\/www.deberes.net\/tesis\/wp-json\/wp\/v2\/media?parent=79615"}],"wp:term":[{"taxonomy":"category","embeddable":true,"href":"https:\/\/www.deberes.net\/tesis\/wp-json\/wp\/v2\/categories?post=79615"},{"taxonomy":"post_tag","embeddable":true,"href":"https:\/\/www.deberes.net\/tesis\/wp-json\/wp\/v2\/tags?post=79615"}],"curies":[{"name":"wp","href":"https:\/\/api.w.org\/{rel}","templated":true}]}}