{"id":79634,"date":"2018-03-09T23:25:30","date_gmt":"2018-03-09T23:25:30","guid":{"rendered":"https:\/\/www.deberes.net\/tesis\/sin-categoria\/control-en-modo-deslizamiento-de-un-sistema-modular-de-onduladores-conectados-en-paralelo-implementacion-con-fpga\/"},"modified":"2018-03-09T23:25:30","modified_gmt":"2018-03-09T23:25:30","slug":"control-en-modo-deslizamiento-de-un-sistema-modular-de-onduladores-conectados-en-paralelo-implementacion-con-fpga","status":"publish","type":"post","link":"https:\/\/www.deberes.net\/tesis\/ciencias-tecnologicas\/control-en-modo-deslizamiento-de-un-sistema-modular-de-onduladores-conectados-en-paralelo-implementacion-con-fpga\/","title":{"rendered":"Control en modo deslizamiento de un sistema modular de onduladores conectados en paralelo. implementacion con fpga."},"content":{"rendered":"<h2>Tesis doctoral de <strong> Rafael Ramos Lara <\/strong><\/h2>\n<p>El aumento de la demanda de potencia de los sistemas de alimentaci\u00f3n ha incrementado el inter\u00e9s por los sistemas modulares de potencia operando en paralelo, siendo la primera aplicaci\u00f3n de los mismos los sistemas de alimentaci\u00f3n ininterrumpida. Esta concepci\u00f3n modular basada en la conexi\u00f3n en paralelo de convertidores conmutados presenta ventajas en cuanto al incremento de la potencia disponible a la salida, facilidad de mantenimiento, aumento de la fiabilidad, capacidad de expansi\u00f3n, etc. Sin embargo, este tipo de sistemas plantea como dificultad el dise\u00f1o del circuito de control que permita obtener unas buenas prestaciones en cuanto a estabilidad, rizado de salida, respuesta transitoria en situaciones de conexi\u00f3n-desconexi\u00f3n de m\u00f3dulos, etc. La complejidad del problema del dise\u00f1o del control aumenta si se tiene en cuenta adem\u00e1s que el sistema de alimentaci\u00f3n puede estar compuesto por m\u00f3dulos de diversas caracter\u00edsticas y prestaciones que reciben la energ\u00eda de distintas fuentes.  a tenor de la exposici\u00f3n de motivos anterior, en la presente tesis se aborda el problema del dise\u00f1o y realizaci\u00f3n de un sistema modular de potencia ac basado en la conexi\u00f3n en paralelo de m\u00f3dulos inversores reductores controlados mediante la t\u00e9cnica de control en modo de deslizamiento para regular la tensi\u00f3n de salida ac y ecualizar la corriente a trav\u00e9s de los m\u00f3dulos inversores. en este sentido, se ha aplicado la metodolog\u00eda de dise\u00f1o del control en modo de deslizamiento para sistemas multivariables a los sistemas modulares inversores y se han propuesto funciones de conmutaci\u00f3n que implementan las estrategias de ecualizaci\u00f3n de corrientes master-slave, circular chain control y central  limit control.  por otra parte, se ha tratado el problema del control en modo de deslizamiento a frecuencia fija presentando un nuevo algoritmo basado en el promediado cero de la din\u00e1mica (zad). El algoritmo se obtiene bajo la hip\u00f3tesis de un<\/p>\n<p>&nbsp;<\/p>\n<h3>Datos acad\u00e9micos de la tesis doctoral \u00ab<strong>Control en modo deslizamiento de un sistema modular de onduladores conectados en paralelo. implementacion con fpga.<\/strong>\u00ab<\/h3>\n<ul>\n<li><strong>T\u00edtulo de la tesis:<\/strong>\u00a0 Control en modo deslizamiento de un sistema modular de onduladores conectados en paralelo. implementacion con fpga. <\/li>\n<li><strong>Autor:<\/strong>\u00a0 Rafael Ramos Lara <\/li>\n<li><strong>Universidad:<\/strong>\u00a0 Polit\u00e9cnica de catalunya<\/li>\n<li><strong>Fecha de lectura de la tesis:<\/strong>\u00a0 24\/04\/2006<\/li>\n<\/ul>\n<p>&nbsp;<\/p>\n<h3>Direcci\u00f3n y tribunal<\/h3>\n<ul>\n<li><strong>Director de la tesis<\/strong>\n<ul>\n<li>Francesc Joan Guinjoan Gispert<\/li>\n<\/ul>\n<\/li>\n<li><strong>Tribunal<\/strong>\n<ul>\n<li>Presidente del tribunal: Jaime Arau roffiel <\/li>\n<li>arturo Fernandez (vocal)<\/li>\n<li>oscar Garcia (vocal)<\/li>\n<li>hugo Valderrama blavi (vocal)<\/li>\n<\/ul>\n<\/li>\n<\/ul>\n<p>&nbsp;<\/p>\n","protected":false},"excerpt":{"rendered":"<p>Tesis doctoral de Rafael Ramos Lara El aumento de la demanda de potencia de los sistemas de alimentaci\u00f3n ha incrementado [&hellip;]<\/p>\n","protected":false},"author":1,"featured_media":0,"comment_status":"open","ping_status":"open","sticky":false,"template":"","format":"standard","meta":{"site-sidebar-layout":"default","site-content-layout":"","ast-site-content-layout":"","site-content-style":"default","site-sidebar-style":"default","ast-global-header-display":"","ast-banner-title-visibility":"","ast-main-header-display":"","ast-hfb-above-header-display":"","ast-hfb-below-header-display":"","ast-hfb-mobile-header-display":"","site-post-title":"","ast-breadcrumbs-content":"","ast-featured-img":"","footer-sml-layout":"","theme-transparent-header-meta":"","adv-header-id-meta":"","stick-header-meta":"","header-above-stick-meta":"","header-main-stick-meta":"","header-below-stick-meta":"","astra-migrate-meta-layouts":"default","ast-page-background-enabled":"default","ast-page-background-meta":{"desktop":{"background-color":"var(--ast-global-color-4)","background-image":"","background-repeat":"repeat","background-position":"center center","background-size":"auto","background-attachment":"scroll","background-type":"","background-media":"","overlay-type":"","overlay-color":"","overlay-gradient":""},"tablet":{"background-color":"","background-image":"","background-repeat":"repeat","background-position":"center center","background-size":"auto","background-attachment":"scroll","background-type":"","background-media":"","overlay-type":"","overlay-color":"","overlay-gradient":""},"mobile":{"background-color":"","background-image":"","background-repeat":"repeat","background-position":"center center","background-size":"auto","background-attachment":"scroll","background-type":"","background-media":"","overlay-type":"","overlay-color":"","overlay-gradient":""}},"ast-content-background-meta":{"desktop":{"background-color":"var(--ast-global-color-5)","background-image":"","background-repeat":"repeat","background-position":"center center","background-size":"auto","background-attachment":"scroll","background-type":"","background-media":"","overlay-type":"","overlay-color":"","overlay-gradient":""},"tablet":{"background-color":"var(--ast-global-color-5)","background-image":"","background-repeat":"repeat","background-position":"center center","background-size":"auto","background-attachment":"scroll","background-type":"","background-media":"","overlay-type":"","overlay-color":"","overlay-gradient":""},"mobile":{"background-color":"var(--ast-global-color-5)","background-image":"","background-repeat":"repeat","background-position":"center center","background-size":"auto","background-attachment":"scroll","background-type":"","background-media":"","overlay-type":"","overlay-color":"","overlay-gradient":""}},"footnotes":""},"categories":[332,9195,11013,15596,1124,3706],"tags":[170853,46815,119676,43373,128113,170852],"class_list":["post-79634","post","type-post","status-publish","format-standard","hentry","category-ciencias-tecnologicas","category-diseno-de-circuitos","category-ingenieria-de-control","category-politecnica-de-catalunya","category-tecnologia-de-la-instrumentacion","category-tecnologia-electronica","tag-arturo-fernandez","tag-francesc-joan-guinjoan-gispert","tag-hugo-valderrama-blavi","tag-jaime-arau-roffiel","tag-oscar-garcia","tag-rafael-ramos-lara"],"_links":{"self":[{"href":"https:\/\/www.deberes.net\/tesis\/wp-json\/wp\/v2\/posts\/79634","targetHints":{"allow":["GET"]}}],"collection":[{"href":"https:\/\/www.deberes.net\/tesis\/wp-json\/wp\/v2\/posts"}],"about":[{"href":"https:\/\/www.deberes.net\/tesis\/wp-json\/wp\/v2\/types\/post"}],"author":[{"embeddable":true,"href":"https:\/\/www.deberes.net\/tesis\/wp-json\/wp\/v2\/users\/1"}],"replies":[{"embeddable":true,"href":"https:\/\/www.deberes.net\/tesis\/wp-json\/wp\/v2\/comments?post=79634"}],"version-history":[{"count":0,"href":"https:\/\/www.deberes.net\/tesis\/wp-json\/wp\/v2\/posts\/79634\/revisions"}],"wp:attachment":[{"href":"https:\/\/www.deberes.net\/tesis\/wp-json\/wp\/v2\/media?parent=79634"}],"wp:term":[{"taxonomy":"category","embeddable":true,"href":"https:\/\/www.deberes.net\/tesis\/wp-json\/wp\/v2\/categories?post=79634"},{"taxonomy":"post_tag","embeddable":true,"href":"https:\/\/www.deberes.net\/tesis\/wp-json\/wp\/v2\/tags?post=79634"}],"curies":[{"name":"wp","href":"https:\/\/api.w.org\/{rel}","templated":true}]}}