{"id":79639,"date":"2018-03-09T23:25:30","date_gmt":"2018-03-09T23:25:30","guid":{"rendered":"https:\/\/www.deberes.net\/tesis\/sin-categoria\/la-guerrilla-antifranquista-de-granada-y-malaga-1948-1952\/"},"modified":"2018-03-09T23:25:30","modified_gmt":"2018-03-09T23:25:30","slug":"la-guerrilla-antifranquista-de-granada-y-malaga-1948-1952","status":"publish","type":"post","link":"https:\/\/www.deberes.net\/tesis\/historia\/la-guerrilla-antifranquista-de-granada-y-malaga-1948-1952\/","title":{"rendered":"La guerrilla antifranquista de granada y m\u00e1laga (1948-1952)"},"content":{"rendered":"<h2>Tesis doctoral de <strong> Jos\u00e9 Mar\u00eda Azuaga Rico <\/strong><\/h2>\n<p>Esta tesis est\u00e1 formada por 20 cap\u00edtulos y un apartado de ap\u00e9ndices. el primer cap\u00edtulo es la introducci\u00f3n, en la que se explica c\u00f3mo surgi\u00f3 este estudio, el estado de la cuesti\u00f3n, las hip\u00f3tesis que nos planteamos, se especifican las fuentes consultadas y se analizan cr\u00edticamente, y se explica la metodolog\u00eda que se ha utilizado y c\u00f3mo hemos enfocado nuestro estudio. La estructura de la tesis ha seguido unos cap\u00edtulos de tipo cronol\u00f3gico y otros de car\u00e1cter tem\u00e1tico. Con relaci\u00f3n a los primeros, partimos de un an\u00e1lisis de la violencia en ambos bandos durante la guerra civil, para poder discernir los elementos de continuidad y cambio que hubo m\u00e1s tarde. En los tres cap\u00edtulos siguientes estudiamos las l\u00edneas generales de la actuaci\u00f3n de la guerrilla granadino-malague\u00f1a durante la guerra y hasta 1947. Seguidamente se abordan los componentes pol\u00edticos de la lucha guerrillera, las caracter\u00edsticas de la violencia llevada a cabo tanto por el franquismo como por el maquis, y se analiza, a\u00f1os por a\u00f1o, el desarrollado de los principales acontecimientos, con unos apartados relativos a la vida cotidiana de los maquis y al papel de la iglesia. Entre las conclusiones, el papel fundamental lo juega el an\u00e1lisis de las causas del fracaso de la lucha guerrillera.<\/p>\n<p>&nbsp;<\/p>\n<h3>Datos acad\u00e9micos de la tesis doctoral \u00ab<strong>La guerrilla antifranquista de granada y m\u00e1laga (1948-1952)<\/strong>\u00ab<\/h3>\n<ul>\n<li><strong>T\u00edtulo de la tesis:<\/strong>\u00a0 La guerrilla antifranquista de granada y m\u00e1laga (1948-1952) <\/li>\n<li><strong>Autor:<\/strong>\u00a0 Jos\u00e9 Mar\u00eda Azuaga Rico <\/li>\n<li><strong>Universidad:<\/strong>\u00a0 Nacional de educaci\u00f3n a distancia<\/li>\n<li><strong>Fecha de lectura de la tesis:<\/strong>\u00a0 24\/04\/2006<\/li>\n<\/ul>\n<p>&nbsp;<\/p>\n<h3>Direcci\u00f3n y tribunal<\/h3>\n<ul>\n<li><strong>Director de la tesis<\/strong>\n<ul>\n<li>Crist\u00f3bal Garc\u00eda Montoro<\/li>\n<\/ul>\n<\/li>\n<li><strong>Tribunal<\/strong>\n<ul>\n<li>Presidente del tribunal: Luis Palacios ba\u00f1uelos <\/li>\n<li>feliciano Montero garcia (vocal)<\/li>\n<li>Juan Aviles farre (vocal)<\/li>\n<li>encarnaci\u00f3n Barranquero texeira (vocal)<\/li>\n<\/ul>\n<\/li>\n<\/ul>\n<p>&nbsp;<\/p>\n","protected":false},"excerpt":{"rendered":"<p>Tesis doctoral de Jos\u00e9 Mar\u00eda Azuaga Rico Esta tesis est\u00e1 formada por 20 cap\u00edtulos y un apartado de ap\u00e9ndices. el [&hellip;]<\/p>\n","protected":false},"author":1,"featured_media":0,"comment_status":"open","ping_status":"open","sticky":false,"template":"","format":"standard","meta":{"site-sidebar-layout":"default","site-content-layout":"","ast-site-content-layout":"","site-content-style":"default","site-sidebar-style":"default","ast-global-header-display":"","ast-banner-title-visibility":"","ast-main-header-display":"","ast-hfb-above-header-display":"","ast-hfb-below-header-display":"","ast-hfb-mobile-header-display":"","site-post-title":"","ast-breadcrumbs-content":"","ast-featured-img":"","footer-sml-layout":"","theme-transparent-header-meta":"","adv-header-id-meta":"","stick-header-meta":"","header-above-stick-meta":"","header-main-stick-meta":"","header-below-stick-meta":"","astra-migrate-meta-layouts":"default","ast-page-background-enabled":"default","ast-page-background-meta":{"desktop":{"background-color":"var(--ast-global-color-4)","background-image":"","background-repeat":"repeat","background-position":"center center","background-size":"auto","background-attachment":"scroll","background-type":"","background-media":"","overlay-type":"","overlay-color":"","overlay-gradient":""},"tablet":{"background-color":"","background-image":"","background-repeat":"repeat","background-position":"center center","background-size":"auto","background-attachment":"scroll","background-type":"","background-media":"","overlay-type":"","overlay-color":"","overlay-gradient":""},"mobile":{"background-color":"","background-image":"","background-repeat":"repeat","background-position":"center center","background-size":"auto","background-attachment":"scroll","background-type":"","background-media":"","overlay-type":"","overlay-color":"","overlay-gradient":""}},"ast-content-background-meta":{"desktop":{"background-color":"var(--ast-global-color-5)","background-image":"","background-repeat":"repeat","background-position":"center center","background-size":"auto","background-attachment":"scroll","background-type":"","background-media":"","overlay-type":"","overlay-color":"","overlay-gradient":""},"tablet":{"background-color":"var(--ast-global-color-5)","background-image":"","background-repeat":"repeat","background-position":"center center","background-size":"auto","background-attachment":"scroll","background-type":"","background-media":"","overlay-type":"","overlay-color":"","overlay-gradient":""},"mobile":{"background-color":"var(--ast-global-color-5)","background-image":"","background-repeat":"repeat","background-position":"center center","background-size":"auto","background-attachment":"scroll","background-type":"","background-media":"","overlay-type":"","overlay-color":"","overlay-gradient":""}},"footnotes":""},"categories":[104,17070],"tags":[8128,63993,6390,170861,17122,2227],"class_list":["post-79639","post","type-post","status-publish","format-standard","hentry","category-historia","category-nacional-de-educacion-a-distancia","tag-cristobal-garcia-montoro","tag-encarnacion-barranquero-texeira","tag-feliciano-montero-garcia","tag-jose-maria-azuaga-rico","tag-juan-aviles-farre","tag-luis-palacios-banuelos"],"_links":{"self":[{"href":"https:\/\/www.deberes.net\/tesis\/wp-json\/wp\/v2\/posts\/79639","targetHints":{"allow":["GET"]}}],"collection":[{"href":"https:\/\/www.deberes.net\/tesis\/wp-json\/wp\/v2\/posts"}],"about":[{"href":"https:\/\/www.deberes.net\/tesis\/wp-json\/wp\/v2\/types\/post"}],"author":[{"embeddable":true,"href":"https:\/\/www.deberes.net\/tesis\/wp-json\/wp\/v2\/users\/1"}],"replies":[{"embeddable":true,"href":"https:\/\/www.deberes.net\/tesis\/wp-json\/wp\/v2\/comments?post=79639"}],"version-history":[{"count":0,"href":"https:\/\/www.deberes.net\/tesis\/wp-json\/wp\/v2\/posts\/79639\/revisions"}],"wp:attachment":[{"href":"https:\/\/www.deberes.net\/tesis\/wp-json\/wp\/v2\/media?parent=79639"}],"wp:term":[{"taxonomy":"category","embeddable":true,"href":"https:\/\/www.deberes.net\/tesis\/wp-json\/wp\/v2\/categories?post=79639"},{"taxonomy":"post_tag","embeddable":true,"href":"https:\/\/www.deberes.net\/tesis\/wp-json\/wp\/v2\/tags?post=79639"}],"curies":[{"name":"wp","href":"https:\/\/api.w.org\/{rel}","templated":true}]}}