{"id":79675,"date":"2018-03-09T23:25:33","date_gmt":"2018-03-09T23:25:33","guid":{"rendered":"https:\/\/www.deberes.net\/tesis\/sin-categoria\/alexitimia-y-vulnerabilidad-a-trastornos-alimentarios-en-adolescentes-gallegos-de-12-a-16-anos\/"},"modified":"2018-03-09T23:25:33","modified_gmt":"2018-03-09T23:25:33","slug":"alexitimia-y-vulnerabilidad-a-trastornos-alimentarios-en-adolescentes-gallegos-de-12-a-16-anos","status":"publish","type":"post","link":"https:\/\/www.deberes.net\/tesis\/historia\/alexitimia-y-vulnerabilidad-a-trastornos-alimentarios-en-adolescentes-gallegos-de-12-a-16-anos\/","title":{"rendered":"Alexitimia y vulnerabilidad a trastornos alimentarios en adolescentes gallegos de 12 a 16 a\u00f1os"},"content":{"rendered":"<h2>Tesis doctoral de <strong> Jacinto Escudero Vidal <\/strong><\/h2>\n<p>Ante los problemas actuales de salud mental y trastornos alimentarios y con el prop\u00f3sito de aportar nuevos datos a la tarea de los educadores en una etapa importante de la educaci\u00f3n como es la adolescencia, la investigaci\u00f3n doctoral asume tres objetivos fundamentales:     1,- comprobar la incidencia de los trastornos objeto de estudio  o el riesgo de padecerlos.     2,- analizar la preValencia de alexitimia, los problemas de salud mental y el riesgo de padecer un trastorno alimentario en los adolescentes gallegos estudiantes de la e.S.O.     3,- comparar con otros estudios si los resultados conseguidos en los adolescentes gallegos presentan mayor o menor riesgo de padecer tca, alexitimia o riesgos de salud.     a una muestra representativa de 3389 sujetos, chicos y chicas, de 1\u00c2\u00ba a 4\u00c2\u00ba de e.S.O de las cuatro provincias de galicia, de centros p\u00fablicos y privados concertados y de zonas urbanas y rurales, se le aplican -durante los cursos 2003-2004- las pruebas de las tas-20 (bagby, taylor y parker, 1994), utilizando la adaptaci\u00f3n espa\u00f1ola de mart\u00ednez y s\u00e1nchez (1996) para medir la alexitimia; el \u00abgeneral health questionnaire\u00bb (g.H.Q. -28) (cuestionario general de salud) goldberg y hillier, 1979, para la salud mental y el cuestionario de actitudes ante la alimentaci\u00f3n (eating attitudes test) (eat)  para los tca.     las principales conclusiones ponen de manifiesto que los problemas que percibimos de tca cada d\u00eda se adelantan a edades m\u00e1s tempranas (11-13 a\u00f1os, 1\u00c2\u00ba de e.S.O) y aumentan a medida que pasa el tiempo. Aunque las cifras no son todav\u00eda alarmantes, sin embargo resulta un poco preocupante esta evoluci\u00f3n que percibimos. Por otro lado constatamos que los adolescentes gallegos gozan de buena salud mental y no presentan problemas de alexitimia en general. Observamos que los alumnos con padres de mayor edad est\u00e1n m\u00e1s predispuesto a padecer problemas de salud mental. Los de centros p\u00fablicos m\u00e1s los problemas estudiados que los de los centr<\/p>\n<p>&nbsp;<\/p>\n<h3>Datos acad\u00e9micos de la tesis doctoral \u00ab<strong>Alexitimia y vulnerabilidad a trastornos alimentarios en adolescentes gallegos de 12 a 16 a\u00f1os<\/strong>\u00ab<\/h3>\n<ul>\n<li><strong>T\u00edtulo de la tesis:<\/strong>\u00a0 Alexitimia y vulnerabilidad a trastornos alimentarios en adolescentes gallegos de 12 a 16 a\u00f1os <\/li>\n<li><strong>Autor:<\/strong>\u00a0 Jacinto Escudero Vidal <\/li>\n<li><strong>Universidad:<\/strong>\u00a0 Burgos<\/li>\n<li><strong>Fecha de lectura de la tesis:<\/strong>\u00a0 26\/04\/2006<\/li>\n<\/ul>\n<p>&nbsp;<\/p>\n<h3>Direcci\u00f3n y tribunal<\/h3>\n<ul>\n<li><strong>Director de la tesis<\/strong>\n<ul>\n<li>Alfredo Jim\u00e9nez Equiz\u00e1bal<\/li>\n<\/ul>\n<\/li>\n<li><strong>Tribunal<\/strong>\n<ul>\n<li>Presidente del tribunal: florencio Vicente castro <\/li>\n<li>Antonio Vara coomonte (vocal)<\/li>\n<li>eliseo alfonso Barca lozano (vocal)<\/li>\n<li>Fernando Esteban ruiz (vocal)<\/li>\n<\/ul>\n<\/li>\n<\/ul>\n<p>&nbsp;<\/p>\n","protected":false},"excerpt":{"rendered":"<p>Tesis doctoral de Jacinto Escudero Vidal Ante los problemas actuales de salud mental y trastornos alimentarios y con el prop\u00f3sito [&hellip;]<\/p>\n","protected":false},"author":1,"featured_media":0,"comment_status":"open","ping_status":"open","sticky":false,"template":"","format":"standard","meta":{"site-sidebar-layout":"default","site-content-layout":"","ast-site-content-layout":"","site-content-style":"default","site-sidebar-style":"default","ast-global-header-display":"","ast-banner-title-visibility":"","ast-main-header-display":"","ast-hfb-above-header-display":"","ast-hfb-below-header-display":"","ast-hfb-mobile-header-display":"","site-post-title":"","ast-breadcrumbs-content":"","ast-featured-img":"","footer-sml-layout":"","theme-transparent-header-meta":"","adv-header-id-meta":"","stick-header-meta":"","header-above-stick-meta":"","header-main-stick-meta":"","header-below-stick-meta":"","astra-migrate-meta-layouts":"default","ast-page-background-enabled":"default","ast-page-background-meta":{"desktop":{"background-color":"var(--ast-global-color-4)","background-image":"","background-repeat":"repeat","background-position":"center center","background-size":"auto","background-attachment":"scroll","background-type":"","background-media":"","overlay-type":"","overlay-color":"","overlay-gradient":""},"tablet":{"background-color":"","background-image":"","background-repeat":"repeat","background-position":"center center","background-size":"auto","background-attachment":"scroll","background-type":"","background-media":"","overlay-type":"","overlay-color":"","overlay-gradient":""},"mobile":{"background-color":"","background-image":"","background-repeat":"repeat","background-position":"center center","background-size":"auto","background-attachment":"scroll","background-type":"","background-media":"","overlay-type":"","overlay-color":"","overlay-gradient":""}},"ast-content-background-meta":{"desktop":{"background-color":"var(--ast-global-color-5)","background-image":"","background-repeat":"repeat","background-position":"center center","background-size":"auto","background-attachment":"scroll","background-type":"","background-media":"","overlay-type":"","overlay-color":"","overlay-gradient":""},"tablet":{"background-color":"var(--ast-global-color-5)","background-image":"","background-repeat":"repeat","background-position":"center center","background-size":"auto","background-attachment":"scroll","background-type":"","background-media":"","overlay-type":"","overlay-color":"","overlay-gradient":""},"mobile":{"background-color":"var(--ast-global-color-5)","background-image":"","background-repeat":"repeat","background-position":"center center","background-size":"auto","background-attachment":"scroll","background-type":"","background-media":"","overlay-type":"","overlay-color":"","overlay-gradient":""}},"footnotes":""},"categories":[37674,104,1141,324],"tags":[170938,6171,21321,43588,7144,170937],"class_list":["post-79675","post","type-post","status-publish","format-standard","hentry","category-burgos","category-historia","category-pedagogia","category-psicologia","tag-alfredo-jimenez-equizabal","tag-antonio-vara-coomonte","tag-eliseo-alfonso-barca-lozano","tag-fernando-esteban-ruiz","tag-florencio-vicente-castro","tag-jacinto-escudero-vidal"],"_links":{"self":[{"href":"https:\/\/www.deberes.net\/tesis\/wp-json\/wp\/v2\/posts\/79675","targetHints":{"allow":["GET"]}}],"collection":[{"href":"https:\/\/www.deberes.net\/tesis\/wp-json\/wp\/v2\/posts"}],"about":[{"href":"https:\/\/www.deberes.net\/tesis\/wp-json\/wp\/v2\/types\/post"}],"author":[{"embeddable":true,"href":"https:\/\/www.deberes.net\/tesis\/wp-json\/wp\/v2\/users\/1"}],"replies":[{"embeddable":true,"href":"https:\/\/www.deberes.net\/tesis\/wp-json\/wp\/v2\/comments?post=79675"}],"version-history":[{"count":0,"href":"https:\/\/www.deberes.net\/tesis\/wp-json\/wp\/v2\/posts\/79675\/revisions"}],"wp:attachment":[{"href":"https:\/\/www.deberes.net\/tesis\/wp-json\/wp\/v2\/media?parent=79675"}],"wp:term":[{"taxonomy":"category","embeddable":true,"href":"https:\/\/www.deberes.net\/tesis\/wp-json\/wp\/v2\/categories?post=79675"},{"taxonomy":"post_tag","embeddable":true,"href":"https:\/\/www.deberes.net\/tesis\/wp-json\/wp\/v2\/tags?post=79675"}],"curies":[{"name":"wp","href":"https:\/\/api.w.org\/{rel}","templated":true}]}}