{"id":79681,"date":"2018-03-09T23:25:33","date_gmt":"2018-03-09T23:25:33","guid":{"rendered":"https:\/\/www.deberes.net\/tesis\/sin-categoria\/el-concepto-de-soberana%c2%ada-en-los-procesos-de-regionalizacion-economica\/"},"modified":"2018-03-09T23:25:33","modified_gmt":"2018-03-09T23:25:33","slug":"el-concepto-de-soberana%c2%ada-en-los-procesos-de-regionalizacion-economica","status":"publish","type":"post","link":"https:\/\/www.deberes.net\/tesis\/barcelona\/el-concepto-de-soberana%c2%ada-en-los-procesos-de-regionalizacion-economica\/","title":{"rendered":"El concepto de soberan\u00edaen los procesos de regionalizaci\u00f3n econ\u00f3mica"},"content":{"rendered":"<h2>Tesis doctoral de <strong> Alicia Laur\u00edn Quinteros <\/strong><\/h2>\n<p>En el contexto del as integraciones regionales la soberan\u00eda delos estados nacionales perder\u00eda ciertas funciones, en especial aquellas referidas a la gesti\u00f3n territorial y fronteriza, hecho que coloca al mismo concepto en una situaci\u00f3n de crisis. Esa crisis precede la conceptualizaci\u00f3n de una soberan\u00eda que aun no terminar\u00eda de definirse. Esta tesis elabora una propuesta al problema definiendo -por un lado- la problem\u00e1tica y ubic\u00e1ndola en el proceso hist\u00f3rico. Por otro lado abordando paralelamente la constituci\u00f3n misma del concepto, sus principios y preceptores. Se propone detectar y comprender los eventuales cambios operados, en concordancia con las variaciones del entorno social. El marco de los actuales procesos de integraci\u00f3n regional presenta la particularidad de someter a \u00abprueba\u00bb la validez de un concepto creado en el siglo xvi por jean bod\u00edn y los juristas de la \u00e9poca, para ordenar una sociedad que culminar\u00eda con la formaci\u00f3n del estado como forma de organizaci\u00f3n social.     la tesis est\u00e1 estructurada en cuatro partes. la primera parte del trabajo constituye el cuerpo te\u00f3rico-metodol\u00f3gico y est\u00e1 destinada a definir los conceptos con los que se aborda la tr\u00edada estado-territorio-frontera. Las hip\u00f3tesis iniciales que guiaron la b\u00fasqueda conducen a la elaboraci\u00f3n de un cuerpo te\u00f3rico en el cual, el estado-poder, estado-naci\u00f3n y estado-apartado, conforman las categor\u00edas centrales, ya que le territorio y la soberan\u00eda son sus elementos constitutivos. El territorio permite captar la dimensi\u00f3n espacial de la soberan\u00eda, para lo cual se definieron las escalas espaciales como un entramado doble de relaciones verticales y horizontales. Estas permiten abordar las m\u00faltiples relaciones entre los estados, entre los estados y las instituciones de gesti\u00f3n regional supranacional o semejantes y los v\u00ednculos con sus propias sociedades y territorios.     la segunda y tercera parte se centra en el an\u00e1lisis del proceso de formaci\u00f3n del estado<\/p>\n<p>&nbsp;<\/p>\n<h3>Datos acad\u00e9micos de la tesis doctoral \u00ab<strong>El concepto de soberan\u00edaen los procesos de regionalizaci\u00f3n econ\u00f3mica<\/strong>\u00ab<\/h3>\n<ul>\n<li><strong>T\u00edtulo de la tesis:<\/strong>\u00a0 El concepto de soberan\u00edaen los procesos de regionalizaci\u00f3n econ\u00f3mica <\/li>\n<li><strong>Autor:<\/strong>\u00a0 Alicia Laur\u00edn Quinteros <\/li>\n<li><strong>Universidad:<\/strong>\u00a0 Barcelona<\/li>\n<li><strong>Fecha de lectura de la tesis:<\/strong>\u00a0 27\/04\/2006<\/li>\n<\/ul>\n<p>&nbsp;<\/p>\n<h3>Direcci\u00f3n y tribunal<\/h3>\n<ul>\n<li><strong>Director de la tesis<\/strong>\n<ul>\n<li>Juan  Eugenio Sanchez Perez<\/li>\n<\/ul>\n<\/li>\n<li><strong>Tribunal<\/strong>\n<ul>\n<li>Presidente del tribunal: horacio Capel saez <\/li>\n<li>ricardo Mendez gutierrez del valle (vocal)<\/li>\n<li>joaqu\u00edn Bosque maurel (vocal)<\/li>\n<li> Bonito del pozo paz (vocal)<\/li>\n<\/ul>\n<\/li>\n<\/ul>\n<p>&nbsp;<\/p>\n","protected":false},"excerpt":{"rendered":"<p>Tesis doctoral de Alicia Laur\u00edn Quinteros En el contexto del as integraciones regionales la soberan\u00eda delos estados nacionales perder\u00eda ciertas [&hellip;]<\/p>\n","protected":false},"author":1,"featured_media":0,"comment_status":"open","ping_status":"open","sticky":false,"template":"","format":"standard","meta":{"site-sidebar-layout":"default","site-content-layout":"","ast-site-content-layout":"","site-content-style":"default","site-sidebar-style":"default","ast-global-header-display":"","ast-banner-title-visibility":"","ast-main-header-display":"","ast-hfb-above-header-display":"","ast-hfb-below-header-display":"","ast-hfb-mobile-header-display":"","site-post-title":"","ast-breadcrumbs-content":"","ast-featured-img":"","footer-sml-layout":"","theme-transparent-header-meta":"","adv-header-id-meta":"","stick-header-meta":"","header-above-stick-meta":"","header-main-stick-meta":"","header-below-stick-meta":"","astra-migrate-meta-layouts":"default","ast-page-background-enabled":"default","ast-page-background-meta":{"desktop":{"background-color":"var(--ast-global-color-4)","background-image":"","background-repeat":"repeat","background-position":"center center","background-size":"auto","background-attachment":"scroll","background-type":"","background-media":"","overlay-type":"","overlay-color":"","overlay-gradient":""},"tablet":{"background-color":"","background-image":"","background-repeat":"repeat","background-position":"center center","background-size":"auto","background-attachment":"scroll","background-type":"","background-media":"","overlay-type":"","overlay-color":"","overlay-gradient":""},"mobile":{"background-color":"","background-image":"","background-repeat":"repeat","background-position":"center center","background-size":"auto","background-attachment":"scroll","background-type":"","background-media":"","overlay-type":"","overlay-color":"","overlay-gradient":""}},"ast-content-background-meta":{"desktop":{"background-color":"var(--ast-global-color-5)","background-image":"","background-repeat":"repeat","background-position":"center center","background-size":"auto","background-attachment":"scroll","background-type":"","background-media":"","overlay-type":"","overlay-color":"","overlay-gradient":""},"tablet":{"background-color":"var(--ast-global-color-5)","background-image":"","background-repeat":"repeat","background-position":"center center","background-size":"auto","background-attachment":"scroll","background-type":"","background-media":"","overlay-type":"","overlay-color":"","overlay-gradient":""},"mobile":{"background-color":"var(--ast-global-color-5)","background-image":"","background-repeat":"repeat","background-position":"center center","background-size":"auto","background-attachment":"scroll","background-type":"","background-media":"","overlay-type":"","overlay-color":"","overlay-gradient":""}},"footnotes":""},"categories":[951,16127,1400],"tags":[170952,170953,1404,5993,51127,4464],"class_list":["post-79681","post","type-post","status-publish","format-standard","hentry","category-barcelona","category-geografia-historica","category-geografia-politica","tag-alicia-laurin-quinteros","tag-bonito-del-pozo-paz","tag-horacio-capel-saez","tag-joaquin-bosque-maurel","tag-juan-eugenio-sanchez-perez","tag-ricardo-mendez-gutierrez-del-valle"],"_links":{"self":[{"href":"https:\/\/www.deberes.net\/tesis\/wp-json\/wp\/v2\/posts\/79681","targetHints":{"allow":["GET"]}}],"collection":[{"href":"https:\/\/www.deberes.net\/tesis\/wp-json\/wp\/v2\/posts"}],"about":[{"href":"https:\/\/www.deberes.net\/tesis\/wp-json\/wp\/v2\/types\/post"}],"author":[{"embeddable":true,"href":"https:\/\/www.deberes.net\/tesis\/wp-json\/wp\/v2\/users\/1"}],"replies":[{"embeddable":true,"href":"https:\/\/www.deberes.net\/tesis\/wp-json\/wp\/v2\/comments?post=79681"}],"version-history":[{"count":0,"href":"https:\/\/www.deberes.net\/tesis\/wp-json\/wp\/v2\/posts\/79681\/revisions"}],"wp:attachment":[{"href":"https:\/\/www.deberes.net\/tesis\/wp-json\/wp\/v2\/media?parent=79681"}],"wp:term":[{"taxonomy":"category","embeddable":true,"href":"https:\/\/www.deberes.net\/tesis\/wp-json\/wp\/v2\/categories?post=79681"},{"taxonomy":"post_tag","embeddable":true,"href":"https:\/\/www.deberes.net\/tesis\/wp-json\/wp\/v2\/tags?post=79681"}],"curies":[{"name":"wp","href":"https:\/\/api.w.org\/{rel}","templated":true}]}}