{"id":79687,"date":"2018-03-09T23:25:33","date_gmt":"2018-03-09T23:25:33","guid":{"rendered":"https:\/\/www.deberes.net\/tesis\/sin-categoria\/las-profesoras-de-educacion-fa%c2%adsica-femenina-durante-el-franquismo-y-el-ideal-de-mujer-que-se-propona%c2%ada-desde-secion-femenina-analisis-de-la-situacion-en-la-provincia-de-segovia\/"},"modified":"2018-03-09T23:25:33","modified_gmt":"2018-03-09T23:25:33","slug":"las-profesoras-de-educacion-fa%c2%adsica-femenina-durante-el-franquismo-y-el-ideal-de-mujer-que-se-propona%c2%ada-desde-secion-femenina-analisis-de-la-situacion-en-la-provincia-de-segovia","status":"publish","type":"post","link":"https:\/\/www.deberes.net\/tesis\/historia\/las-profesoras-de-educacion-fa%c2%adsica-femenina-durante-el-franquismo-y-el-ideal-de-mujer-que-se-propona%c2%ada-desde-secion-femenina-analisis-de-la-situacion-en-la-provincia-de-segovia\/","title":{"rendered":"Las profesoras de educaci\u00f3n f\u00edsica femenina durante el franquismo y el ideal de mujer que se propon\u00edadesde seci\u00f3n femenina. an\u00e1lisis de la situaci\u00f3n en la provincia de segovia"},"content":{"rendered":"<h2>Tesis doctoral de <strong> Juan  Carlos Manrique Arribas <\/strong><\/h2>\n<p>El estado franquista estableci\u00f3 unos modelos de conducta entre la poblaci\u00f3n, apoyados por los grupos cercanos al poder: militares, falngistas y cat\u00f3licos. todos ellos intentaron revivir el tradicionalismo cultural, aisl\u00e1ndose parcialmente del mundo exterior. Con esta situaci\u00f3n planteada, se conform\u00f3 el espacio \u00abnatural\u00bb que la correspond\u00eda a la mujer: el hogar y la familia. se trataba, por tanto, de desvincularla del \u00e1mbito social p\u00fablico y del intelectual; ausumientdo una clara posici\u00f3n secundaria frente al hombre. el sistema educativo se utiliz\u00f3, precisamente, para formalizar y orientar estas misiones femeninas, que derivaron en el establecimiento de un ideal de mujer adecuado a la sociedad del momento. Este modelo de mujer se convirti\u00f3 en un estereotipo que se intentaba reproducir en beneficio de una parte de la sociedad, la masculina; y que se concretaba en los siguientes valores: obediente, colaboradora, sumisa, dulce, pura de sentimientos, abnegada, pasiva, maternal y familiar.  el estado, a trav\u00e9s de un organismo dependiente como seci\u00f3n femenina, prepar\u00f3 el camino para facilitar la adecuaci\u00f3n a ese modelo de mujer. Los instrumentos fundamentales que utiliz\u00f3 fueron: el cumplimiento del servicio social, la inclusi\u00f3n de las asignaturas de formaci\u00f3n del esp\u00edritu naional, ense\u00f1anzas del hogar y educaci\u00f3n f\u00edsica en los programas educativos, y la organizaci\u00f3n de actividades extraescolares y recreativas: competiciones deportivas, albergues, c\u00e1tedras ambulantes, grupos de coros y danzas&#8230;  entre restos insntrumentos utilizados se emple\u00f3 la ef como medio para coformar ese ideal de mujer. La utilizaci\u00f3n de un m\u00e9todo exclusivo para ella, con un profesorado espec\u00edfico en la materia y dependiente de sf, se convirti\u00f3 en un interesante complemento a las diferentes v\u00edas que el estado utiliz\u00f3 para establecer un modelo de sociedad regido por unos valores vinculados al sexo de los individuos. Las entrevistas realizadas<\/p>\n<p>&nbsp;<\/p>\n<h3>Datos acad\u00e9micos de la tesis doctoral \u00ab<strong>Las profesoras de educaci\u00f3n f\u00edsica femenina durante el franquismo y el ideal de mujer que se propon\u00edadesde seci\u00f3n femenina. an\u00e1lisis de la situaci\u00f3n en la provincia de segovia<\/strong>\u00ab<\/h3>\n<ul>\n<li><strong>T\u00edtulo de la tesis:<\/strong>\u00a0 Las profesoras de educaci\u00f3n f\u00edsica femenina durante el franquismo y el ideal de mujer que se propon\u00edadesde seci\u00f3n femenina. an\u00e1lisis de la situaci\u00f3n en la provincia de segovia <\/li>\n<li><strong>Autor:<\/strong>\u00a0 Juan  Carlos Manrique Arribas <\/li>\n<li><strong>Universidad:<\/strong>\u00a0 Valladolid<\/li>\n<li><strong>Fecha de lectura de la tesis:<\/strong>\u00a0 27\/04\/2006<\/li>\n<\/ul>\n<p>&nbsp;<\/p>\n<h3>Direcci\u00f3n y tribunal<\/h3>\n<ul>\n<li><strong>Director de la tesis<\/strong>\n<ul>\n<li>Victor Manuel Lopez Pastor<\/li>\n<\/ul>\n<\/li>\n<li><strong>Tribunal<\/strong>\n<ul>\n<li>Presidente del tribunal: Antonio Fraile aranda <\/li>\n<li>bego\u00f1a Learreta ramos (vocal)<\/li>\n<li>florentino Sanz fernandez (vocal)<\/li>\n<li>enrique Rivera Garc\u00eda (vocal)<\/li>\n<\/ul>\n<\/li>\n<\/ul>\n<p>&nbsp;<\/p>\n","protected":false},"excerpt":{"rendered":"<p>Tesis doctoral de Juan Carlos Manrique Arribas El estado franquista estableci\u00f3 unos modelos de conducta entre la poblaci\u00f3n, apoyados por [&hellip;]<\/p>\n","protected":false},"author":1,"featured_media":0,"comment_status":"open","ping_status":"open","sticky":false,"template":"","format":"standard","meta":{"site-sidebar-layout":"default","site-content-layout":"","ast-site-content-layout":"","site-content-style":"default","site-sidebar-style":"default","ast-global-header-display":"","ast-banner-title-visibility":"","ast-main-header-display":"","ast-hfb-above-header-display":"","ast-hfb-below-header-display":"","ast-hfb-mobile-header-display":"","site-post-title":"","ast-breadcrumbs-content":"","ast-featured-img":"","footer-sml-layout":"","theme-transparent-header-meta":"","adv-header-id-meta":"","stick-header-meta":"","header-above-stick-meta":"","header-main-stick-meta":"","header-below-stick-meta":"","astra-migrate-meta-layouts":"default","ast-page-background-enabled":"default","ast-page-background-meta":{"desktop":{"background-color":"var(--ast-global-color-4)","background-image":"","background-repeat":"repeat","background-position":"center center","background-size":"auto","background-attachment":"scroll","background-type":"","background-media":"","overlay-type":"","overlay-color":"","overlay-gradient":""},"tablet":{"background-color":"","background-image":"","background-repeat":"repeat","background-position":"center center","background-size":"auto","background-attachment":"scroll","background-type":"","background-media":"","overlay-type":"","overlay-color":"","overlay-gradient":""},"mobile":{"background-color":"","background-image":"","background-repeat":"repeat","background-position":"center center","background-size":"auto","background-attachment":"scroll","background-type":"","background-media":"","overlay-type":"","overlay-color":"","overlay-gradient":""}},"ast-content-background-meta":{"desktop":{"background-color":"var(--ast-global-color-5)","background-image":"","background-repeat":"repeat","background-position":"center center","background-size":"auto","background-attachment":"scroll","background-type":"","background-media":"","overlay-type":"","overlay-color":"","overlay-gradient":""},"tablet":{"background-color":"var(--ast-global-color-5)","background-image":"","background-repeat":"repeat","background-position":"center center","background-size":"auto","background-attachment":"scroll","background-type":"","background-media":"","overlay-type":"","overlay-color":"","overlay-gradient":""},"mobile":{"background-color":"var(--ast-global-color-5)","background-image":"","background-repeat":"repeat","background-position":"center center","background-size":"auto","background-attachment":"scroll","background-type":"","background-media":"","overlay-type":"","overlay-color":"","overlay-gradient":""}},"footnotes":""},"categories":[1140,104,311,222,2233,7611,1184,1141,1288,1341,12451],"tags":[1293,85550,68400,7698,170963,92921],"class_list":["post-79687","post","type-post","status-publish","format-standard","hentry","category-formacion-y-empleo-de-profesores","category-historia","category-historia-de-la-educacion","category-historias-especializadas","category-metodos-pedagogicos","category-organizacion-y-direccion-de-las-instituciones-educativas","category-organizacion-y-planificacion-de-la-educacion","category-pedagogia","category-preparacion-de-profesores","category-teoria-y-metodos-educativos","category-valladolid","tag-antonio-fraile-aranda","tag-begona-learreta-ramos","tag-enrique-rivera-garcia","tag-florentino-sanz-fernandez","tag-juan-carlos-manrique-arribas","tag-victor-manuel-lopez-pastor"],"_links":{"self":[{"href":"https:\/\/www.deberes.net\/tesis\/wp-json\/wp\/v2\/posts\/79687","targetHints":{"allow":["GET"]}}],"collection":[{"href":"https:\/\/www.deberes.net\/tesis\/wp-json\/wp\/v2\/posts"}],"about":[{"href":"https:\/\/www.deberes.net\/tesis\/wp-json\/wp\/v2\/types\/post"}],"author":[{"embeddable":true,"href":"https:\/\/www.deberes.net\/tesis\/wp-json\/wp\/v2\/users\/1"}],"replies":[{"embeddable":true,"href":"https:\/\/www.deberes.net\/tesis\/wp-json\/wp\/v2\/comments?post=79687"}],"version-history":[{"count":0,"href":"https:\/\/www.deberes.net\/tesis\/wp-json\/wp\/v2\/posts\/79687\/revisions"}],"wp:attachment":[{"href":"https:\/\/www.deberes.net\/tesis\/wp-json\/wp\/v2\/media?parent=79687"}],"wp:term":[{"taxonomy":"category","embeddable":true,"href":"https:\/\/www.deberes.net\/tesis\/wp-json\/wp\/v2\/categories?post=79687"},{"taxonomy":"post_tag","embeddable":true,"href":"https:\/\/www.deberes.net\/tesis\/wp-json\/wp\/v2\/tags?post=79687"}],"curies":[{"name":"wp","href":"https:\/\/api.w.org\/{rel}","templated":true}]}}