{"id":79731,"date":"2018-03-09T23:25:33","date_gmt":"2018-03-09T23:25:33","guid":{"rendered":"https:\/\/www.deberes.net\/tesis\/sin-categoria\/desigualdades-sociales-en-salud-el-caso-de-la-comunidad-autonoma-de-euskadi\/"},"modified":"2018-03-09T23:25:33","modified_gmt":"2018-03-09T23:25:33","slug":"desigualdades-sociales-en-salud-el-caso-de-la-comunidad-autonoma-de-euskadi","status":"publish","type":"post","link":"https:\/\/www.deberes.net\/tesis\/sociologia-urbana\/desigualdades-sociales-en-salud-el-caso-de-la-comunidad-autonoma-de-euskadi\/","title":{"rendered":"Desigualdades sociales en salud: el caso de la comunidad aut\u00f3noma de euskadi"},"content":{"rendered":"<h2>Tesis doctoral de <strong>  Sobremonte De Mendicuti Mar\u00eda  Emma <\/strong><\/h2>\n<p>La tesis que se presenta aborda el an\u00e1lisis de las desigualdades sociales en salud en la c.A.E., Con el fin de esclarecer qu\u00e9 factores sociales est\u00e1n asociados con su distribuci\u00f3n ecol\u00f3gica. El inter\u00e9s por esta cuesti\u00f3n deviene  del hecho de que aunque la salud de la poblaci\u00f3n ha mejorado espectacularmente, la presencia de desigualdades tanto territoriales como de clase social sigue siendo un fen\u00f3meno recurrente en el mundo entero. Teniendo en cuenta dichas diferencias son injustas, la investigaci\u00f3n de factores sociales y culturales que se encuentran en su g\u00e9nesis se ha convertido en una prioridad pol\u00edtica para tratar de reducirlas. As\u00ed lo ha declarado la organizaci\u00f3n mundial de la salud al establecer como objetivo prioritario para el siglo xxi el logro de la equidad en salud, objetivo cuya asunci\u00f3n, en el caso de euskadi, queda reflejado en el \u00faltimo plan de salud del departamento de sanidad del gobierno vasco. puesto que las desigualdades sociales en salud son una de las manifestaciones de la desigualdad social, y su presencia un problema de gran trascendencia social, esta tesis se introduce en el an\u00e1lisis de este fen\u00f3meno en la c.A.E. Desde la perspectiva sociol\u00f3gica tratando de poner de manifiesto la relaci\u00f3n existente entre los factores de desigualdad y el estado de salud de la poblaci\u00f3n. No es ning\u00fan secreto que en la investigaci\u00f3n de este fen\u00f3meno la perspectiva sociocultural tiene un protagonismo singular en el campo de la salud p\u00fablica a la hora de esclarecer el rol de los determinantes sociales de la salud\/enfermedad y de su distribuci\u00f3n diferencial entre grupos sociales. En este sentido la presente investigaci\u00f3n  parte de la hip\u00f3tesis de que el estado de salud de la poblaci\u00f3n est\u00e1 en estrecha relaci\u00f3n con las variables sociales m\u00e1s directamente asociadas al mayor o menor grado de desigualdad existente en el seno de una sociedad dada, de lo que se deduce que cuanto menor es el grado de desigualdad, mejor es el estado de sal<\/p>\n<p>&nbsp;<\/p>\n<h3>Datos acad\u00e9micos de la tesis doctoral \u00ab<strong>Desigualdades sociales en salud: el caso de la comunidad aut\u00f3noma de euskadi<\/strong>\u00ab<\/h3>\n<ul>\n<li><strong>T\u00edtulo de la tesis:<\/strong>\u00a0 Desigualdades sociales en salud: el caso de la comunidad aut\u00f3noma de euskadi <\/li>\n<li><strong>Autor:<\/strong>\u00a0  Sobremonte De Mendicuti Mar\u00eda  Emma <\/li>\n<li><strong>Universidad:<\/strong>\u00a0 Deusto<\/li>\n<li><strong>Fecha de lectura de la tesis:<\/strong>\u00a0 28\/04\/2006<\/li>\n<\/ul>\n<p>&nbsp;<\/p>\n<h3>Direcci\u00f3n y tribunal<\/h3>\n<ul>\n<li><strong>Director de la tesis<\/strong>\n<ul>\n<li> Leonardo Aurtenetxe Jon Joseba<\/li>\n<\/ul>\n<\/li>\n<li><strong>Tribunal<\/strong>\n<ul>\n<li>Presidente del tribunal: josep Mar\u00eda Comelles esteban <\/li>\n<li>Miguel Miranda aranda (vocal)<\/li>\n<li>ricardo Franco vicario (vocal)<\/li>\n<li>bego\u00f1a Matellanes febrero (vocal)<\/li>\n<\/ul>\n<\/li>\n<\/ul>\n<p>&nbsp;<\/p>\n","protected":false},"excerpt":{"rendered":"<p>Tesis doctoral de Sobremonte De Mendicuti Mar\u00eda Emma La tesis que se presenta aborda el an\u00e1lisis de las desigualdades sociales [&hellip;]<\/p>\n","protected":false},"author":1,"featured_media":0,"comment_status":"open","ping_status":"open","sticky":false,"template":"","format":"standard","meta":{"site-sidebar-layout":"default","site-content-layout":"","ast-site-content-layout":"","site-content-style":"default","site-sidebar-style":"default","ast-global-header-display":"","ast-banner-title-visibility":"","ast-main-header-display":"","ast-hfb-above-header-display":"","ast-hfb-below-header-display":"","ast-hfb-mobile-header-display":"","site-post-title":"","ast-breadcrumbs-content":"","ast-featured-img":"","footer-sml-layout":"","theme-transparent-header-meta":"","adv-header-id-meta":"","stick-header-meta":"","header-above-stick-meta":"","header-main-stick-meta":"","header-below-stick-meta":"","astra-migrate-meta-layouts":"default","ast-page-background-enabled":"default","ast-page-background-meta":{"desktop":{"background-color":"var(--ast-global-color-4)","background-image":"","background-repeat":"repeat","background-position":"center center","background-size":"auto","background-attachment":"scroll","background-type":"","background-media":"","overlay-type":"","overlay-color":"","overlay-gradient":""},"tablet":{"background-color":"","background-image":"","background-repeat":"repeat","background-position":"center center","background-size":"auto","background-attachment":"scroll","background-type":"","background-media":"","overlay-type":"","overlay-color":"","overlay-gradient":""},"mobile":{"background-color":"","background-image":"","background-repeat":"repeat","background-position":"center center","background-size":"auto","background-attachment":"scroll","background-type":"","background-media":"","overlay-type":"","overlay-color":"","overlay-gradient":""}},"ast-content-background-meta":{"desktop":{"background-color":"var(--ast-global-color-5)","background-image":"","background-repeat":"repeat","background-position":"center center","background-size":"auto","background-attachment":"scroll","background-type":"","background-media":"","overlay-type":"","overlay-color":"","overlay-gradient":""},"tablet":{"background-color":"var(--ast-global-color-5)","background-image":"","background-repeat":"repeat","background-position":"center center","background-size":"auto","background-attachment":"scroll","background-type":"","background-media":"","overlay-type":"","overlay-color":"","overlay-gradient":""},"mobile":{"background-color":"var(--ast-global-color-5)","background-image":"","background-repeat":"repeat","background-position":"center center","background-size":"auto","background-attachment":"scroll","background-type":"","background-media":"","overlay-type":"","overlay-color":"","overlay-gradient":""}},"footnotes":""},"categories":[9647,31910,22043,5468],"tags":[43021,29162,56297,79101,28133,171043],"class_list":["post-79731","post","type-post","status-publish","format-standard","hentry","category-desarrollo-y-politica-social","category-deusto","category-sociologia-medica","category-sociologia-urbana","tag-begona-matellanes-febrero","tag-josep-maria-comelles-esteban","tag-leonardo-aurtenetxe-jon-joseba","tag-miguel-miranda-aranda","tag-ricardo-franco-vicario","tag-sobremonte-de-mendicuti-maria-emma"],"_links":{"self":[{"href":"https:\/\/www.deberes.net\/tesis\/wp-json\/wp\/v2\/posts\/79731","targetHints":{"allow":["GET"]}}],"collection":[{"href":"https:\/\/www.deberes.net\/tesis\/wp-json\/wp\/v2\/posts"}],"about":[{"href":"https:\/\/www.deberes.net\/tesis\/wp-json\/wp\/v2\/types\/post"}],"author":[{"embeddable":true,"href":"https:\/\/www.deberes.net\/tesis\/wp-json\/wp\/v2\/users\/1"}],"replies":[{"embeddable":true,"href":"https:\/\/www.deberes.net\/tesis\/wp-json\/wp\/v2\/comments?post=79731"}],"version-history":[{"count":0,"href":"https:\/\/www.deberes.net\/tesis\/wp-json\/wp\/v2\/posts\/79731\/revisions"}],"wp:attachment":[{"href":"https:\/\/www.deberes.net\/tesis\/wp-json\/wp\/v2\/media?parent=79731"}],"wp:term":[{"taxonomy":"category","embeddable":true,"href":"https:\/\/www.deberes.net\/tesis\/wp-json\/wp\/v2\/categories?post=79731"},{"taxonomy":"post_tag","embeddable":true,"href":"https:\/\/www.deberes.net\/tesis\/wp-json\/wp\/v2\/tags?post=79731"}],"curies":[{"name":"wp","href":"https:\/\/api.w.org\/{rel}","templated":true}]}}