{"id":79765,"date":"2006-04-05T00:00:00","date_gmt":"2006-04-05T00:00:00","guid":{"rendered":"https:\/\/www.deberes.net\/tesis\/sin-categoria\/diseno-de-un-software-para-el-desarrollo-del-lenguaje-escrito-desde-un-enfoque-funcional\/"},"modified":"2006-04-05T00:00:00","modified_gmt":"2006-04-05T00:00:00","slug":"diseno-de-un-software-para-el-desarrollo-del-lenguaje-escrito-desde-un-enfoque-funcional","status":"publish","type":"post","link":"https:\/\/www.deberes.net\/tesis\/organizacion-y-planificacion-de-la-educacion\/diseno-de-un-software-para-el-desarrollo-del-lenguaje-escrito-desde-un-enfoque-funcional\/","title":{"rendered":"Dise\u00f1o de un software para el desarrollo del lenguaje escrito desde un enfoque funcional"},"content":{"rendered":"<h2>Tesis doctoral de <strong>  Garassini Chavez Mar\u00eda Elena <\/strong><\/h2>\n<p>Esta investigaci\u00f3n permiti\u00f3 el dise\u00f1o de un software educativo destinado a ni\u00f1os y docentes del nivel inicial para desarrollar el lenguaje escrito desde un enfoque funcional. El conocimiento de la realidad de los centros educativos y la escasa producci\u00f3n de software en venezuela junto con la existencia de otros producidos en diferentes pa\u00edses con enfoques tradicionales de la ense\u00f1anza del lenguaje escrito nos impulsaron a proponer el dise\u00f1o de un programa para desarrollar el lenguaje escrito desde un enfoque funcional.     como marco de referencia podemos se\u00f1alar que el documento oficial vigente del ministerio de educaci\u00f3n y deporte venezolano (2005) con las orientaciones sobre el lenguaje oral y escrito en educaci\u00f3n inicial se\u00f1ala que las experiencias para el desarrollo del lenguaje han permitido comprobar que el ni\u00f1o construye la lengua escrita en un largo proceso de interacci\u00f3n con diversos materiales escritos producidos en diferentes formatos, entre los cuales est\u00e1n los multimedia.      el software educativo dise\u00f1ado como producto final de la investigaci\u00f3n se caracteriza por permitir a los ni\u00f1os del nivel inicial el desarrollo del lenguaje escrito conociendo sus elementos (letras, sonidos, s\u00edlabas y palabras) en un viaje lleno de actividades l\u00fadicas y aprendiendo sobre 5 tem\u00e1ticas altamente motivadoras para los ni\u00f1os (sus nombres, los animales, los alimentos, los deportes y su comunidad). Un elemento potenciador del material dise\u00f1ado en su posibilidad de ser cargado con elementos propios de cada comunidad para que los t\u00e9rminos sean familiares para los ni\u00f1os cumpli\u00e9ndose con los principios del lenguaje integral.     finalmente las evaluaciones realizadas por la propia investigadora, los expertos en contenido, y los ni\u00f1os y docentes usuarios nos permiten afirmar que le producto elaborado puede ser un excelente recurso para desarrollar el lenguaje escrito y un apoyo en la formaci\u00f3n de los docentes del nivel inicial.<\/p>\n<p>&nbsp;<\/p>\n<h3>Datos acad\u00e9micos de la tesis doctoral \u00ab<strong>Dise\u00f1o de un software para el desarrollo del lenguaje escrito desde un enfoque funcional<\/strong>\u00ab<\/h3>\n<ul>\n<li><strong>T\u00edtulo de la tesis:<\/strong>\u00a0 Dise\u00f1o de un software para el desarrollo del lenguaje escrito desde un enfoque funcional <\/li>\n<li><strong>Autor:<\/strong>\u00a0  Garassini Chavez Mar\u00eda Elena <\/li>\n<li><strong>Universidad:<\/strong>\u00a0 Sevilla<\/li>\n<li><strong>Fecha de lectura de la tesis:<\/strong>\u00a0 04\/05\/2006<\/li>\n<\/ul>\n<p>&nbsp;<\/p>\n<h3>Direcci\u00f3n y tribunal<\/h3>\n<ul>\n<li><strong>Director de la tesis<\/strong>\n<ul>\n<li>Julio Cabero Almenara<\/li>\n<\/ul>\n<\/li>\n<li><strong>Tribunal<\/strong>\n<ul>\n<li>Presidente del tribunal: angel pio Gonzalez soto <\/li>\n<li>Jos\u00e9 Manuel Rios ariza (vocal)<\/li>\n<li>Manuel Cebri\u00e1n de la serna (vocal)<\/li>\n<li>rosal\u00eda Romero tena (vocal)<\/li>\n<\/ul>\n<\/li>\n<\/ul>\n<p>&nbsp;<\/p>\n","protected":false},"excerpt":{"rendered":"<p>Tesis doctoral de Garassini Chavez Mar\u00eda Elena Esta investigaci\u00f3n permiti\u00f3 el dise\u00f1o de un software educativo destinado a ni\u00f1os y [&hellip;]<\/p>\n","protected":false},"author":1,"featured_media":0,"comment_status":"open","ping_status":"open","sticky":false,"template":"","format":"standard","meta":{"site-sidebar-layout":"default","site-content-layout":"","ast-site-content-layout":"","site-content-style":"default","site-sidebar-style":"default","ast-global-header-display":"","ast-banner-title-visibility":"","ast-main-header-display":"","ast-hfb-above-header-display":"","ast-hfb-below-header-display":"","ast-hfb-mobile-header-display":"","site-post-title":"","ast-breadcrumbs-content":"","ast-featured-img":"","footer-sml-layout":"","theme-transparent-header-meta":"","adv-header-id-meta":"","stick-header-meta":"","header-above-stick-meta":"","header-main-stick-meta":"","header-below-stick-meta":"","astra-migrate-meta-layouts":"default","ast-page-background-enabled":"default","ast-page-background-meta":{"desktop":{"background-color":"var(--ast-global-color-4)","background-image":"","background-repeat":"repeat","background-position":"center center","background-size":"auto","background-attachment":"scroll","background-type":"","background-media":"","overlay-type":"","overlay-color":"","overlay-gradient":""},"tablet":{"background-color":"","background-image":"","background-repeat":"repeat","background-position":"center center","background-size":"auto","background-attachment":"scroll","background-type":"","background-media":"","overlay-type":"","overlay-color":"","overlay-gradient":""},"mobile":{"background-color":"","background-image":"","background-repeat":"repeat","background-position":"center center","background-size":"auto","background-attachment":"scroll","background-type":"","background-media":"","overlay-type":"","overlay-color":"","overlay-gradient":""}},"ast-content-background-meta":{"desktop":{"background-color":"var(--ast-global-color-5)","background-image":"","background-repeat":"repeat","background-position":"center center","background-size":"auto","background-attachment":"scroll","background-type":"","background-media":"","overlay-type":"","overlay-color":"","overlay-gradient":""},"tablet":{"background-color":"var(--ast-global-color-5)","background-image":"","background-repeat":"repeat","background-position":"center center","background-size":"auto","background-attachment":"scroll","background-type":"","background-media":"","overlay-type":"","overlay-color":"","overlay-gradient":""},"mobile":{"background-color":"var(--ast-global-color-5)","background-image":"","background-repeat":"repeat","background-position":"center center","background-size":"auto","background-attachment":"scroll","background-type":"","background-media":"","overlay-type":"","overlay-color":"","overlay-gradient":""}},"footnotes":""},"categories":[4907,1184,1288,10715],"tags":[13980,171108,57191,38206,5525,54560],"class_list":["post-79765","post","type-post","status-publish","format-standard","hentry","category-metodos-audiovisuales-en-pedagogia","category-organizacion-y-planificacion-de-la-educacion","category-preparacion-de-profesores","category-sevilla","tag-angel-pio-gonzalez-soto","tag-garassini-chavez-maria-elena","tag-jose-manuel-rios-ariza","tag-julio-cabero-almenara","tag-manuel-cebrian-de-la-serna","tag-rosalia-romero-tena"],"_links":{"self":[{"href":"https:\/\/www.deberes.net\/tesis\/wp-json\/wp\/v2\/posts\/79765","targetHints":{"allow":["GET"]}}],"collection":[{"href":"https:\/\/www.deberes.net\/tesis\/wp-json\/wp\/v2\/posts"}],"about":[{"href":"https:\/\/www.deberes.net\/tesis\/wp-json\/wp\/v2\/types\/post"}],"author":[{"embeddable":true,"href":"https:\/\/www.deberes.net\/tesis\/wp-json\/wp\/v2\/users\/1"}],"replies":[{"embeddable":true,"href":"https:\/\/www.deberes.net\/tesis\/wp-json\/wp\/v2\/comments?post=79765"}],"version-history":[{"count":0,"href":"https:\/\/www.deberes.net\/tesis\/wp-json\/wp\/v2\/posts\/79765\/revisions"}],"wp:attachment":[{"href":"https:\/\/www.deberes.net\/tesis\/wp-json\/wp\/v2\/media?parent=79765"}],"wp:term":[{"taxonomy":"category","embeddable":true,"href":"https:\/\/www.deberes.net\/tesis\/wp-json\/wp\/v2\/categories?post=79765"},{"taxonomy":"post_tag","embeddable":true,"href":"https:\/\/www.deberes.net\/tesis\/wp-json\/wp\/v2\/tags?post=79765"}],"curies":[{"name":"wp","href":"https:\/\/api.w.org\/{rel}","templated":true}]}}