{"id":79769,"date":"2006-05-05T00:00:00","date_gmt":"2006-05-05T00:00:00","guid":{"rendered":"https:\/\/www.deberes.net\/tesis\/sin-categoria\/alteraciones-neurofisiologicas-en-el-procesamiento-complejo-auditivo-subyacentes-a-patologa%c2%adas-del-lenguaje-disfluencia-verbal-y-dislexia-del-desarrollo\/"},"modified":"2006-05-05T00:00:00","modified_gmt":"2006-05-05T00:00:00","slug":"alteraciones-neurofisiologicas-en-el-procesamiento-complejo-auditivo-subyacentes-a-patologa%c2%adas-del-lenguaje-disfluencia-verbal-y-dislexia-del-desarrollo","status":"publish","type":"post","link":"https:\/\/www.deberes.net\/tesis\/psicologia\/alteraciones-neurofisiologicas-en-el-procesamiento-complejo-auditivo-subyacentes-a-patologa%c2%adas-del-lenguaje-disfluencia-verbal-y-dislexia-del-desarrollo\/","title":{"rendered":"Alteraciones neurofisiol\u00f3gicas en el procesamiento complejo auditivo subyacentes a patolog\u00edas del lenguaje: disfluencia verbal y dislexia del desarrollo"},"content":{"rendered":"<h2>Tesis doctoral de <strong> S\u00edlvia Corbera L\u00f3pez <\/strong><\/h2>\n<p>La presente tesis doctoral consta de tres estudios sobre las alteraciones neurofisiol\u00f3gicas en el procesamiento auditivo subyacentes a dos patolog\u00edas del lenguaje del desarrollo: la disfluencia verbal y la dislexia. Estos estudios se han llevado a cabo mediante el registro de potenciales evocados cerebrales (pecs).  el primer estudio investig\u00f3 las posibles alteraciones auditivas en la disfluencia del desarrollo persistente, utilizando el potencial evocado de disparidad (mismatch negativity, mmn). Los resultados mostraron la existencia de un d\u00e9ficit de procesamiento auditivo espec\u00edfico de los est\u00edmulos del habla manifestado por diferencias entre el grupo de difluentes y los controles en la amplitud del generador supratemporal izquierdo del pec auditivo mmn. adem\u00e1s, se encontr\u00f3 una correlaci\u00f3n negativa entre el grado de fluidez del habla y la amplitud del generador supratemporal izquierdo mmn. Con todo, este estudio mostr\u00f3 que los sujetos con disfluencia verbal persistente presentan alteraciones espec\u00edficas en el procesamiento auditivo de los est\u00edmulos del habla.  el segundo estudio investig\u00f3 las posibles alteraciones auditivas en la dislexia del desarrollo, utilizando el potencial mmn. Los resultados de este estudio mostraron una demora en la latencia del potencial mmn ante contrastes auditivos simples y tambi\u00e9n delante de est\u00edmulos del habla, es decir, fomenas. Adem\u00e1s, los resultados revelaron en los dislexicos la existencia de alteraciones en la discriminaci\u00f3n temporal de los est\u00edmulos, manifestado por las diferencias de amplitud en el componente mmn y el subsecuente componente p3a encontradas entre grupos ante contraste auditivos de durada. as\u00ed pues, los resultados de este estudio revelaron que los sujetos con dislexia del desarrollo presentan un d\u00e9ficit espec\u00edfico de procesamiento de la informaci\u00f3n temporal auditiva.  el tercer estudio investig\u00f3 las posibles alteraciones atencionales auditivas en la dislexia d<\/p>\n<p>&nbsp;<\/p>\n<h3>Datos acad\u00e9micos de la tesis doctoral \u00ab<strong>Alteraciones neurofisiol\u00f3gicas en el procesamiento complejo auditivo subyacentes a patolog\u00edas del lenguaje: disfluencia verbal y dislexia del desarrollo<\/strong>\u00ab<\/h3>\n<ul>\n<li><strong>T\u00edtulo de la tesis:<\/strong>\u00a0 Alteraciones neurofisiol\u00f3gicas en el procesamiento complejo auditivo subyacentes a patolog\u00edas del lenguaje: disfluencia verbal y dislexia del desarrollo <\/li>\n<li><strong>Autor:<\/strong>\u00a0 S\u00edlvia Corbera L\u00f3pez <\/li>\n<li><strong>Universidad:<\/strong>\u00a0 Barcelona<\/li>\n<li><strong>Fecha de lectura de la tesis:<\/strong>\u00a0 05\/05\/2006<\/li>\n<\/ul>\n<p>&nbsp;<\/p>\n<h3>Direcci\u00f3n y tribunal<\/h3>\n<ul>\n<li><strong>Director de la tesis<\/strong>\n<ul>\n<li>Carles Enric Escera Mic\u00f3<\/li>\n<\/ul>\n<\/li>\n<li><strong>Tribunal<\/strong>\n<ul>\n<li>Presidente del tribunal: carmen Junque plaja <\/li>\n<li>Fernando Diaz fernandez (vocal)<\/li>\n<li>n\u00faria Sebasti\u00e1n gall\u00e9s (vocal)<\/li>\n<li>Francisco Barcel\u00f3 galindo (vocal)<\/li>\n<\/ul>\n<\/li>\n<\/ul>\n<p>&nbsp;<\/p>\n","protected":false},"excerpt":{"rendered":"<p>Tesis doctoral de S\u00edlvia Corbera L\u00f3pez La presente tesis doctoral consta de tres estudios sobre las alteraciones neurofisiol\u00f3gicas en el [&hellip;]<\/p>\n","protected":false},"author":1,"featured_media":0,"comment_status":"open","ping_status":"open","sticky":false,"template":"","format":"standard","meta":{"site-sidebar-layout":"default","site-content-layout":"","ast-site-content-layout":"","site-content-style":"default","site-sidebar-style":"default","ast-global-header-display":"","ast-banner-title-visibility":"","ast-main-header-display":"","ast-hfb-above-header-display":"","ast-hfb-below-header-display":"","ast-hfb-mobile-header-display":"","site-post-title":"","ast-breadcrumbs-content":"","ast-featured-img":"","footer-sml-layout":"","theme-transparent-header-meta":"","adv-header-id-meta":"","stick-header-meta":"","header-above-stick-meta":"","header-main-stick-meta":"","header-below-stick-meta":"","astra-migrate-meta-layouts":"default","ast-page-background-enabled":"default","ast-page-background-meta":{"desktop":{"background-color":"var(--ast-global-color-4)","background-image":"","background-repeat":"repeat","background-position":"center center","background-size":"auto","background-attachment":"scroll","background-type":"","background-media":"","overlay-type":"","overlay-color":"","overlay-gradient":""},"tablet":{"background-color":"","background-image":"","background-repeat":"repeat","background-position":"center center","background-size":"auto","background-attachment":"scroll","background-type":"","background-media":"","overlay-type":"","overlay-color":"","overlay-gradient":""},"mobile":{"background-color":"","background-image":"","background-repeat":"repeat","background-position":"center center","background-size":"auto","background-attachment":"scroll","background-type":"","background-media":"","overlay-type":"","overlay-color":"","overlay-gradient":""}},"ast-content-background-meta":{"desktop":{"background-color":"var(--ast-global-color-5)","background-image":"","background-repeat":"repeat","background-position":"center center","background-size":"auto","background-attachment":"scroll","background-type":"","background-media":"","overlay-type":"","overlay-color":"","overlay-gradient":""},"tablet":{"background-color":"var(--ast-global-color-5)","background-image":"","background-repeat":"repeat","background-position":"center center","background-size":"auto","background-attachment":"scroll","background-type":"","background-media":"","overlay-type":"","overlay-color":"","overlay-gradient":""},"mobile":{"background-color":"var(--ast-global-color-5)","background-image":"","background-repeat":"repeat","background-position":"center center","background-size":"auto","background-attachment":"scroll","background-type":"","background-media":"","overlay-type":"","overlay-color":"","overlay-gradient":""}},"footnotes":""},"categories":[4167,951,2461,7638,324,2462,5110],"tags":[41641,10192,5779,42093,25976,171113],"class_list":["post-79769","post","type-post","status-publish","format-standard","hentry","category-actividad-cerebral","category-barcelona","category-procesos-de-percepcion","category-procesos-sensoriales","category-psicologia","category-psicologia-experimental","category-psicologia-fisiologica","tag-carles-enric-escera-mico","tag-carmen-junque-plaja","tag-fernando-diaz-fernandez","tag-francisco-barcelo-galindo","tag-nuria-sebastian-galles","tag-silvia-corbera-lopez"],"_links":{"self":[{"href":"https:\/\/www.deberes.net\/tesis\/wp-json\/wp\/v2\/posts\/79769","targetHints":{"allow":["GET"]}}],"collection":[{"href":"https:\/\/www.deberes.net\/tesis\/wp-json\/wp\/v2\/posts"}],"about":[{"href":"https:\/\/www.deberes.net\/tesis\/wp-json\/wp\/v2\/types\/post"}],"author":[{"embeddable":true,"href":"https:\/\/www.deberes.net\/tesis\/wp-json\/wp\/v2\/users\/1"}],"replies":[{"embeddable":true,"href":"https:\/\/www.deberes.net\/tesis\/wp-json\/wp\/v2\/comments?post=79769"}],"version-history":[{"count":0,"href":"https:\/\/www.deberes.net\/tesis\/wp-json\/wp\/v2\/posts\/79769\/revisions"}],"wp:attachment":[{"href":"https:\/\/www.deberes.net\/tesis\/wp-json\/wp\/v2\/media?parent=79769"}],"wp:term":[{"taxonomy":"category","embeddable":true,"href":"https:\/\/www.deberes.net\/tesis\/wp-json\/wp\/v2\/categories?post=79769"},{"taxonomy":"post_tag","embeddable":true,"href":"https:\/\/www.deberes.net\/tesis\/wp-json\/wp\/v2\/tags?post=79769"}],"curies":[{"name":"wp","href":"https:\/\/api.w.org\/{rel}","templated":true}]}}