{"id":79780,"date":"2006-05-05T00:00:00","date_gmt":"2006-05-05T00:00:00","guid":{"rendered":"https:\/\/www.deberes.net\/tesis\/sin-categoria\/mecanismos-linga%c2%bca%c2%adsticos-de-puesta-de-relieve-en-discurso-narrativo\/"},"modified":"2006-05-05T00:00:00","modified_gmt":"2006-05-05T00:00:00","slug":"mecanismos-linga%c2%bca%c2%adsticos-de-puesta-de-relieve-en-discurso-narrativo","status":"publish","type":"post","link":"https:\/\/www.deberes.net\/tesis\/sin-categoria\/mecanismos-linga%c2%bca%c2%adsticos-de-puesta-de-relieve-en-discurso-narrativo\/","title":{"rendered":"Mecanismos lingu\u00edsticos de puesta de relieve en discurso narrativo"},"content":{"rendered":"<h2>Tesis doctoral de <strong> M. \u00e1ngeles Mart\u00ednez Mart\u00ednez <\/strong><\/h2>\n<p>A presente tesis doctoral compara la organizaci\u00f3n ling\u00ed\u00bc\u00edstica de dos textos de narrativa de ficci\u00f3n: el relato breve \u00abunder the rose\u00bb, escrito por el autor postmodernista  norteamericano thomas pynchon en 1959, y posteriormente modificado pro el propio autor para convertirse en el cap\u00edtulo tres de su primera novela larga, v. Desde un punto de vista sist\u00e9mico-funcional, el an\u00e1lisis explora las posibles motivaciones comunicativas para las diferencias ling\u00ed\u00bc\u00edsticas entre ambos textos a nivel de organizaci\u00f3n sint\u00e1ctica y del discurso, y el efecto que dichas diferencias pueden tener en la percepci\u00f3n del universo de ficci\u00f3n por parte del lector. As\u00ed se comprueba que el principio cognitivo de \u00abpuesta de relieve\u00bb (foregrounding) subyace como motivaci\u00f3n funcional para la gran mayor\u00eda de \u00e9stas diferencias en organizaci\u00f3n ling\u00ed\u00bc\u00edstica que lo que hacen es resaltar o poseer en primer plano distintos personajes y sucesos en la representaci\u00f3n mental del universo de ficci\u00f3n que construye el lector<\/p>\n<p>&nbsp;<\/p>\n<h3>Datos acad\u00e9micos de la tesis doctoral \u00ab<strong>Mecanismos lingu\u00edsticos de puesta de relieve en discurso narrativo<\/strong>\u00ab<\/h3>\n<ul>\n<li><strong>T\u00edtulo de la tesis:<\/strong>\u00a0 Mecanismos lingu\u00edsticos de puesta de relieve en discurso narrativo <\/li>\n<li><strong>Autor:<\/strong>\u00a0 M. \u00e1ngeles Mart\u00ednez Mart\u00ednez <\/li>\n<li><strong>Universidad:<\/strong>\u00a0 Complutense de Madrid<\/li>\n<li><strong>Fecha de lectura de la tesis:<\/strong>\u00a0 05\/05\/2006<\/li>\n<\/ul>\n<p>&nbsp;<\/p>\n<h3>Direcci\u00f3n y tribunal<\/h3>\n<ul>\n<li><strong>Director de la tesis<\/strong>\n<ul>\n<li>Angela Downing Rothwell<\/li>\n<\/ul>\n<\/li>\n<li><strong>Tribunal<\/strong>\n<ul>\n<li>Presidente del tribunal: joaqu\u00edn Garrido medina <\/li>\n<li>Mar\u00eda  pilar Alonso rodriguez (vocal)<\/li>\n<li>vicente Folgado l\u00f3pez (vocal)<\/li>\n<li>clara Calvo lopez (vocal)<\/li>\n<\/ul>\n<\/li>\n<\/ul>\n<p>&nbsp;<\/p>\n","protected":false},"excerpt":{"rendered":"<p>Tesis doctoral de M. \u00e1ngeles Mart\u00ednez Mart\u00ednez A presente tesis doctoral compara la organizaci\u00f3n ling\u00ed\u00bc\u00edstica de dos textos de narrativa [&hellip;]<\/p>\n","protected":false},"author":1,"featured_media":0,"comment_status":"open","ping_status":"open","sticky":false,"template":"","format":"standard","meta":{"site-sidebar-layout":"default","site-content-layout":"","ast-site-content-layout":"","site-content-style":"default","site-sidebar-style":"default","ast-global-header-display":"","ast-banner-title-visibility":"","ast-main-header-display":"","ast-hfb-above-header-display":"","ast-hfb-below-header-display":"","ast-hfb-mobile-header-display":"","site-post-title":"","ast-breadcrumbs-content":"","ast-featured-img":"","footer-sml-layout":"","theme-transparent-header-meta":"","adv-header-id-meta":"","stick-header-meta":"","header-above-stick-meta":"","header-main-stick-meta":"","header-below-stick-meta":"","astra-migrate-meta-layouts":"default","ast-page-background-enabled":"default","ast-page-background-meta":{"desktop":{"background-color":"var(--ast-global-color-4)","background-image":"","background-repeat":"repeat","background-position":"center center","background-size":"auto","background-attachment":"scroll","background-type":"","background-media":"","overlay-type":"","overlay-color":"","overlay-gradient":""},"tablet":{"background-color":"","background-image":"","background-repeat":"repeat","background-position":"center center","background-size":"auto","background-attachment":"scroll","background-type":"","background-media":"","overlay-type":"","overlay-color":"","overlay-gradient":""},"mobile":{"background-color":"","background-image":"","background-repeat":"repeat","background-position":"center center","background-size":"auto","background-attachment":"scroll","background-type":"","background-media":"","overlay-type":"","overlay-color":"","overlay-gradient":""}},"ast-content-background-meta":{"desktop":{"background-color":"var(--ast-global-color-5)","background-image":"","background-repeat":"repeat","background-position":"center center","background-size":"auto","background-attachment":"scroll","background-type":"","background-media":"","overlay-type":"","overlay-color":"","overlay-gradient":""},"tablet":{"background-color":"var(--ast-global-color-5)","background-image":"","background-repeat":"repeat","background-position":"center center","background-size":"auto","background-attachment":"scroll","background-type":"","background-media":"","overlay-type":"","overlay-color":"","overlay-gradient":""},"mobile":{"background-color":"var(--ast-global-color-5)","background-image":"","background-repeat":"repeat","background-position":"center center","background-size":"auto","background-attachment":"scroll","background-type":"","background-media":"","overlay-type":"","overlay-color":"","overlay-gradient":""}},"footnotes":""},"categories":[1],"tags":[2291,22968,4821,171132,9792,171133],"class_list":["post-79780","post","type-post","status-publish","format-standard","hentry","category-sin-categoria","tag-angela-downing-rothwell","tag-clara-calvo-lopez","tag-joaquin-garrido-medina","tag-m-angeles-Martinez-Martinez","tag-maria-pilar-alonso-rodriguez","tag-vicente-folgado-lopez"],"_links":{"self":[{"href":"https:\/\/www.deberes.net\/tesis\/wp-json\/wp\/v2\/posts\/79780","targetHints":{"allow":["GET"]}}],"collection":[{"href":"https:\/\/www.deberes.net\/tesis\/wp-json\/wp\/v2\/posts"}],"about":[{"href":"https:\/\/www.deberes.net\/tesis\/wp-json\/wp\/v2\/types\/post"}],"author":[{"embeddable":true,"href":"https:\/\/www.deberes.net\/tesis\/wp-json\/wp\/v2\/users\/1"}],"replies":[{"embeddable":true,"href":"https:\/\/www.deberes.net\/tesis\/wp-json\/wp\/v2\/comments?post=79780"}],"version-history":[{"count":0,"href":"https:\/\/www.deberes.net\/tesis\/wp-json\/wp\/v2\/posts\/79780\/revisions"}],"wp:attachment":[{"href":"https:\/\/www.deberes.net\/tesis\/wp-json\/wp\/v2\/media?parent=79780"}],"wp:term":[{"taxonomy":"category","embeddable":true,"href":"https:\/\/www.deberes.net\/tesis\/wp-json\/wp\/v2\/categories?post=79780"},{"taxonomy":"post_tag","embeddable":true,"href":"https:\/\/www.deberes.net\/tesis\/wp-json\/wp\/v2\/tags?post=79780"}],"curies":[{"name":"wp","href":"https:\/\/api.w.org\/{rel}","templated":true}]}}