{"id":79796,"date":"2006-05-05T00:00:00","date_gmt":"2006-05-05T00:00:00","guid":{"rendered":"https:\/\/www.deberes.net\/tesis\/sin-categoria\/interaccion-en-espacio-tiempo-post-internet-una-propuesta-teorico-practica-congratulation-we-lost-the-image\/"},"modified":"2006-05-05T00:00:00","modified_gmt":"2006-05-05T00:00:00","slug":"interaccion-en-espacio-tiempo-post-internet-una-propuesta-teorico-practica-congratulation-we-lost-the-image","status":"publish","type":"post","link":"https:\/\/www.deberes.net\/tesis\/ciencias-de-las-artes-y-las-letras\/interaccion-en-espacio-tiempo-post-internet-una-propuesta-teorico-practica-congratulation-we-lost-the-image\/","title":{"rendered":"Interacci\u00f3n en espacio-tiempo post internet: una propuesta te\u00f3rico pr\u00e1ctica: \u00abcongratulation we lost the image\u00bb"},"content":{"rendered":"<h2>Tesis doctoral de <strong> Mois\u00e9s Ma\u00f1as Carbonell <\/strong><\/h2>\n<p>La tesis se presenta como un estudio te\u00f3rico pr\u00e1ctico sobre los cambios ocurridos respecto a los conceptos de espacio-tiempo en las pr\u00e1cticas art\u00edsticas denominadas post internet.  haciendo incidencia en aquellos trabajos de naturaleza digital que mantienen una relaci\u00f3n com\u00fan con el fen\u00f3meno redes.  la investigaci\u00f3n consta de tres partes complementarias: la primera est\u00e1 centrada en el an\u00e1lisis de conceptos necesarios para abordar el tema: como informaci\u00f3n, conectividad, tiempo compartido, espacio compartido o modificaci\u00f3n e intervenci\u00f3n, abordados desde el punto de vista est\u00e9tico-filos\u00f3fico y sociol\u00f3gico. Estos conceptos se contextualizan mediante ejemplos de experiencias art\u00edsticas desarrolladas en los \u00faltimos veinte a\u00f1os puntualizando su relaci\u00f3n con el movimiento conceptual de finales de los sesenta.  la segunda parte propone un cap\u00edtulo estructurado en base al desarrollo de las tecnolog\u00edas de la comunicaci\u00f3n y su relaci\u00f3n con el arte, mostrando referentes cl\u00e1sicos y contempor\u00e1neos vinculados con la radio, el tel\u00e9fono, la televisi\u00f3n y en \u00faltima instancia con internet.  as\u00ed mismo dentro de esta segunda parte se contextualizan referentes art\u00edsticos en relaci\u00f3n a la desmaterializaci\u00f3n del objeto art\u00edstico y la consecuente deslocalizaci\u00f3n de la imagen de los a\u00f1os noventa y principios del siglo veintiuno, delimitando el estado de la cuesti\u00f3n de los nuevos modelos de relaci\u00f3n espacio temporales post internet en las pr\u00e1cticas art\u00edsticas.  la tercera parte muestra el desarrollo de diferentes modelos realizados por el doctorando durante el periodo de tesis que se presentan como desarrollo pr\u00e1ctica de la tesis y fusi\u00f3n del propio proceso te\u00f3rico del estudio con el desarrollo activo del investigador en el campo del arte.  por otra parte, hay que se\u00f1alar que se ha realizado un amplio estudio y revisi\u00f3n de referentes art\u00edsticos, realizada en base a los conceptos tratados en cada cap\u00edtulo y la tecn<\/p>\n<p>&nbsp;<\/p>\n<h3>Datos acad\u00e9micos de la tesis doctoral \u00ab<strong>Interacci\u00f3n en espacio-tiempo post internet: una propuesta te\u00f3rico pr\u00e1ctica: \u00abcongratulation we lost the image\u00bb<\/strong>\u00ab<\/h3>\n<ul>\n<li><strong>T\u00edtulo de la tesis:<\/strong>\u00a0 Interacci\u00f3n en espacio-tiempo post internet: una propuesta te\u00f3rico pr\u00e1ctica: \u00abcongratulation we lost the image\u00bb <\/li>\n<li><strong>Autor:<\/strong>\u00a0 Mois\u00e9s Ma\u00f1as Carbonell <\/li>\n<li><strong>Universidad:<\/strong>\u00a0 Polit\u00e9cnica de Valencia<\/li>\n<li><strong>Fecha de lectura de la tesis:<\/strong>\u00a0 05\/05\/2006<\/li>\n<\/ul>\n<p>&nbsp;<\/p>\n<h3>Direcci\u00f3n y tribunal<\/h3>\n<ul>\n<li><strong>Director de la tesis<\/strong>\n<ul>\n<li>Mar\u00eda  De Los Desamparados Carbonell Tatay<\/li>\n<\/ul>\n<\/li>\n<li><strong>Tribunal<\/strong>\n<ul>\n<li>Presidente del tribunal: Miguel Molina alarc\u00f3n <\/li>\n<li> Alcala mellado Jos\u00e9 ram\u00f3n (vocal)<\/li>\n<li> Forriols gonz\u00e1lez ricardo Javier (vocal)<\/li>\n<li>Mar\u00eda blanca Montalvo gallego (vocal)<\/li>\n<\/ul>\n<\/li>\n<\/ul>\n<p>&nbsp;<\/p>\n","protected":false},"excerpt":{"rendered":"<p>Tesis doctoral de Mois\u00e9s Ma\u00f1as Carbonell La tesis se presenta como un estudio te\u00f3rico pr\u00e1ctico sobre los cambios ocurridos respecto [&hellip;]<\/p>\n","protected":false},"author":1,"featured_media":0,"comment_status":"open","ping_status":"open","sticky":false,"template":"","format":"standard","meta":{"site-sidebar-layout":"default","site-content-layout":"","ast-site-content-layout":"","site-content-style":"default","site-sidebar-style":"default","ast-global-header-display":"","ast-banner-title-visibility":"","ast-main-header-display":"","ast-hfb-above-header-display":"","ast-hfb-below-header-display":"","ast-hfb-mobile-header-display":"","site-post-title":"","ast-breadcrumbs-content":"","ast-featured-img":"","footer-sml-layout":"","theme-transparent-header-meta":"","adv-header-id-meta":"","stick-header-meta":"","header-above-stick-meta":"","header-main-stick-meta":"","header-below-stick-meta":"","astra-migrate-meta-layouts":"default","ast-page-background-enabled":"default","ast-page-background-meta":{"desktop":{"background-color":"var(--ast-global-color-4)","background-image":"","background-repeat":"repeat","background-position":"center center","background-size":"auto","background-attachment":"scroll","background-type":"","background-media":"","overlay-type":"","overlay-color":"","overlay-gradient":""},"tablet":{"background-color":"","background-image":"","background-repeat":"repeat","background-position":"center center","background-size":"auto","background-attachment":"scroll","background-type":"","background-media":"","overlay-type":"","overlay-color":"","overlay-gradient":""},"mobile":{"background-color":"","background-image":"","background-repeat":"repeat","background-position":"center center","background-size":"auto","background-attachment":"scroll","background-type":"","background-media":"","overlay-type":"","overlay-color":"","overlay-gradient":""}},"ast-content-background-meta":{"desktop":{"background-color":"var(--ast-global-color-5)","background-image":"","background-repeat":"repeat","background-position":"center center","background-size":"auto","background-attachment":"scroll","background-type":"","background-media":"","overlay-type":"","overlay-color":"","overlay-gradient":""},"tablet":{"background-color":"var(--ast-global-color-5)","background-image":"","background-repeat":"repeat","background-position":"center center","background-size":"auto","background-attachment":"scroll","background-type":"","background-media":"","overlay-type":"","overlay-color":"","overlay-gradient":""},"mobile":{"background-color":"var(--ast-global-color-5)","background-image":"","background-repeat":"repeat","background-position":"center center","background-size":"auto","background-attachment":"scroll","background-type":"","background-media":"","overlay-type":"","overlay-color":"","overlay-gradient":""}},"footnotes":""},"categories":[147,4363,16820,1111],"tags":[31262,164418,83907,11165,31322,127001],"class_list":["post-79796","post","type-post","status-publish","format-standard","hentry","category-ciencias-de-las-artes-y-las-letras","category-escultura","category-politecnica-de-valencia","category-teoria-analisis-y-critica-de-las-bellas-artes","tag-alcala-mellado-jose-ramon","tag-forriols-gonzalez-ricardo-javier","tag-maria-blanca-montalvo-gallego","tag-maria-de-los-desamparados-carbonell-tatay","tag-miguel-molina-alarcon","tag-moises-manas-carbonell"],"_links":{"self":[{"href":"https:\/\/www.deberes.net\/tesis\/wp-json\/wp\/v2\/posts\/79796","targetHints":{"allow":["GET"]}}],"collection":[{"href":"https:\/\/www.deberes.net\/tesis\/wp-json\/wp\/v2\/posts"}],"about":[{"href":"https:\/\/www.deberes.net\/tesis\/wp-json\/wp\/v2\/types\/post"}],"author":[{"embeddable":true,"href":"https:\/\/www.deberes.net\/tesis\/wp-json\/wp\/v2\/users\/1"}],"replies":[{"embeddable":true,"href":"https:\/\/www.deberes.net\/tesis\/wp-json\/wp\/v2\/comments?post=79796"}],"version-history":[{"count":0,"href":"https:\/\/www.deberes.net\/tesis\/wp-json\/wp\/v2\/posts\/79796\/revisions"}],"wp:attachment":[{"href":"https:\/\/www.deberes.net\/tesis\/wp-json\/wp\/v2\/media?parent=79796"}],"wp:term":[{"taxonomy":"category","embeddable":true,"href":"https:\/\/www.deberes.net\/tesis\/wp-json\/wp\/v2\/categories?post=79796"},{"taxonomy":"post_tag","embeddable":true,"href":"https:\/\/www.deberes.net\/tesis\/wp-json\/wp\/v2\/tags?post=79796"}],"curies":[{"name":"wp","href":"https:\/\/api.w.org\/{rel}","templated":true}]}}