{"id":79817,"date":"2006-08-05T00:00:00","date_gmt":"2006-08-05T00:00:00","guid":{"rendered":"https:\/\/www.deberes.net\/tesis\/sin-categoria\/la-ponderacion-en-el-estado-de-necesidad\/"},"modified":"2006-08-05T00:00:00","modified_gmt":"2006-08-05T00:00:00","slug":"la-ponderacion-en-el-estado-de-necesidad","status":"publish","type":"post","link":"https:\/\/www.deberes.net\/tesis\/derecho-penal\/la-ponderacion-en-el-estado-de-necesidad\/","title":{"rendered":"La ponderacion en el estado de necesidad"},"content":{"rendered":"<h2>Tesis doctoral de <strong> Silvia Mart\u00ednez Cant\u00f3n <\/strong><\/h2>\n<p>En la tesis doctoral presentada se analiza la ponderaci\u00f3n de males en el estado de necesidad del art. 20.5 cp y se proponen diversos criterios para llevarla a cabo. A lo largo de todo el trabajo se presenta una perspectiva de derecho comparado acudiendo especialmente al derecho penal alem\u00e1n, aunque tambi\u00e9n a otras propuestas doctrinales y a otros ordenamientos europeos y latinoamericanos.  el trabajo se estructura en dos partes. La primera delimita el estado de necesidad, determina su naturaleza jur\u00eddica, examina el principio de ponderaci\u00f3n y responde diversas cuestiones sobre el elemento de la ponderaci\u00f3n. Una vez fijada la exigencia de una ponderaci\u00f3n de males, la segunda parte de la tesis se centra en sistematizar y ejemplificar la aplicaci\u00f3n de aquellos criterios de ponderaci\u00f3n a los que con m\u00e1s frecuencia hace referencia la doctrina: la ponderaci\u00f3n de bienes jur\u00eddicos -especialmente de la vida-, de los peligros que amenazan y de intervenciones de terceros en los casos en que \u00e9stas influyen en la ponderaci\u00f3n. Por \u00faltimo, se estudia la influencia que el marco jur\u00eddico tiene en la ponderaci\u00f3n, en concreto en el caso de la dignidad humana, que act\u00faa como l\u00edmite en la aplicaci\u00f3n del estado de necesidad cuando se produce una ingerencia en alguna de sus manifestaciones esenciales.<\/p>\n<p>&nbsp;<\/p>\n<h3>Datos acad\u00e9micos de la tesis doctoral \u00ab<strong>La ponderacion en el estado de necesidad<\/strong>\u00ab<\/h3>\n<ul>\n<li><strong>T\u00edtulo de la tesis:<\/strong>\u00a0 La ponderacion en el estado de necesidad <\/li>\n<li><strong>Autor:<\/strong>\u00a0 Silvia Mart\u00ednez Cant\u00f3n <\/li>\n<li><strong>Universidad:<\/strong>\u00a0 Le\u00f3n<\/li>\n<li><strong>Fecha de lectura de la tesis:<\/strong>\u00a0 08\/05\/2006<\/li>\n<\/ul>\n<p>&nbsp;<\/p>\n<h3>Direcci\u00f3n y tribunal<\/h3>\n<ul>\n<li><strong>Director de la tesis<\/strong>\n<ul>\n<li>Miguel D\u00edaz Y Garc\u00eda Conlledo<\/li>\n<\/ul>\n<\/li>\n<li><strong>Tribunal<\/strong>\n<ul>\n<li>Presidente del tribunal: diego-manuel Luz\u00f3n pe\u00f1a <\/li>\n<li> Da costa andrade Manuel (vocal)<\/li>\n<li>bernd Sch\u00ed\u00bcnemann (vocal)<\/li>\n<li> Vicente remesal vicente de (vocal)<\/li>\n<\/ul>\n<\/li>\n<\/ul>\n<p>&nbsp;<\/p>\n","protected":false},"excerpt":{"rendered":"<p>Tesis doctoral de Silvia Mart\u00ednez Cant\u00f3n En la tesis doctoral presentada se analiza la ponderaci\u00f3n de males en el estado [&hellip;]<\/p>\n","protected":false},"author":1,"featured_media":0,"comment_status":"open","ping_status":"open","sticky":false,"template":"","format":"standard","meta":{"site-sidebar-layout":"default","site-content-layout":"","ast-site-content-layout":"","site-content-style":"default","site-sidebar-style":"default","ast-global-header-display":"","ast-banner-title-visibility":"","ast-main-header-display":"","ast-hfb-above-header-display":"","ast-hfb-below-header-display":"","ast-hfb-mobile-header-display":"","site-post-title":"","ast-breadcrumbs-content":"","ast-featured-img":"","footer-sml-layout":"","theme-transparent-header-meta":"","adv-header-id-meta":"","stick-header-meta":"","header-above-stick-meta":"","header-main-stick-meta":"","header-below-stick-meta":"","astra-migrate-meta-layouts":"default","ast-page-background-enabled":"default","ast-page-background-meta":{"desktop":{"background-color":"var(--ast-global-color-4)","background-image":"","background-repeat":"repeat","background-position":"center center","background-size":"auto","background-attachment":"scroll","background-type":"","background-media":"","overlay-type":"","overlay-color":"","overlay-gradient":""},"tablet":{"background-color":"","background-image":"","background-repeat":"repeat","background-position":"center center","background-size":"auto","background-attachment":"scroll","background-type":"","background-media":"","overlay-type":"","overlay-color":"","overlay-gradient":""},"mobile":{"background-color":"","background-image":"","background-repeat":"repeat","background-position":"center center","background-size":"auto","background-attachment":"scroll","background-type":"","background-media":"","overlay-type":"","overlay-color":"","overlay-gradient":""}},"ast-content-background-meta":{"desktop":{"background-color":"var(--ast-global-color-5)","background-image":"","background-repeat":"repeat","background-position":"center center","background-size":"auto","background-attachment":"scroll","background-type":"","background-media":"","overlay-type":"","overlay-color":"","overlay-gradient":""},"tablet":{"background-color":"var(--ast-global-color-5)","background-image":"","background-repeat":"repeat","background-position":"center center","background-size":"auto","background-attachment":"scroll","background-type":"","background-media":"","overlay-type":"","overlay-color":"","overlay-gradient":""},"mobile":{"background-color":"var(--ast-global-color-5)","background-image":"","background-repeat":"repeat","background-position":"center center","background-size":"auto","background-attachment":"scroll","background-type":"","background-media":"","overlay-type":"","overlay-color":"","overlay-gradient":""}},"footnotes":""},"categories":[4927,613,5964,19048,4430],"tags":[171205,171204,26549,42334,171203,171206],"class_list":["post-79817","post","type-post","status-publish","format-standard","hentry","category-derecho-comparado","category-derecho-penal","category-derecho-publico","category-jurisprudencia","category-leon","tag-bernd-schinemann","tag-da-costa-andrade-manuel","tag-diego-manuel-luzon-pena","tag-miguel-diaz-y-garcia-conlledo","tag-silvia-Martinez-canton","tag-vicente-remesal-vicente-de"],"_links":{"self":[{"href":"https:\/\/www.deberes.net\/tesis\/wp-json\/wp\/v2\/posts\/79817","targetHints":{"allow":["GET"]}}],"collection":[{"href":"https:\/\/www.deberes.net\/tesis\/wp-json\/wp\/v2\/posts"}],"about":[{"href":"https:\/\/www.deberes.net\/tesis\/wp-json\/wp\/v2\/types\/post"}],"author":[{"embeddable":true,"href":"https:\/\/www.deberes.net\/tesis\/wp-json\/wp\/v2\/users\/1"}],"replies":[{"embeddable":true,"href":"https:\/\/www.deberes.net\/tesis\/wp-json\/wp\/v2\/comments?post=79817"}],"version-history":[{"count":0,"href":"https:\/\/www.deberes.net\/tesis\/wp-json\/wp\/v2\/posts\/79817\/revisions"}],"wp:attachment":[{"href":"https:\/\/www.deberes.net\/tesis\/wp-json\/wp\/v2\/media?parent=79817"}],"wp:term":[{"taxonomy":"category","embeddable":true,"href":"https:\/\/www.deberes.net\/tesis\/wp-json\/wp\/v2\/categories?post=79817"},{"taxonomy":"post_tag","embeddable":true,"href":"https:\/\/www.deberes.net\/tesis\/wp-json\/wp\/v2\/tags?post=79817"}],"curies":[{"name":"wp","href":"https:\/\/api.w.org\/{rel}","templated":true}]}}