{"id":79827,"date":"2006-08-05T00:00:00","date_gmt":"2006-08-05T00:00:00","guid":{"rendered":"https:\/\/www.deberes.net\/tesis\/sin-categoria\/vitoria-imagen-de-una-ciudad-en-calma\/"},"modified":"2006-08-05T00:00:00","modified_gmt":"2006-08-05T00:00:00","slug":"vitoria-imagen-de-una-ciudad-en-calma","status":"publish","type":"post","link":"https:\/\/www.deberes.net\/tesis\/fotografia\/vitoria-imagen-de-una-ciudad-en-calma\/","title":{"rendered":"Vitoria: imagen de una ciudad en calma"},"content":{"rendered":"<h2>Tesis doctoral de <strong> Ainara Miguel S\u00e1ez De Urabain <\/strong><\/h2>\n<p>El objeto de esta investigaci\u00f3n son tres mil im\u00e1genes fotogr\u00e1ficas de la ciudad de vitoria-gaesteiz, obra del reportero gr\u00e1fico ceferino yanguas, que comprenden los a\u00f1os previos a la guerra civil, la guerra y los primeros a\u00f1os de la posguerra. Esta colecci\u00f3n se conserva \u00edntegra en el archivo municipal de vitoria desde que, en 1955, fuera donada por manuel s\u00e1ez de urturi, sucesor de nuestro fot\u00f3grafo.     el objetivo, mostrar, a trav\u00e9s del an\u00e1lisis de una selecci\u00f3n de im\u00e1genes, c\u00f3mo la sociedad vitoriana se representaba a s\u00ed misma en la manera en que se hac\u00eda fotografiar, y c\u00f3mo fot\u00f3grafo tuvo que tomar partido visual en tiempo de profunda transformaci\u00f3n pol\u00edtica, econ\u00f3mica y social.<\/p>\n<p>&nbsp;<\/p>\n<h3>Datos acad\u00e9micos de la tesis doctoral \u00ab<strong>Vitoria: imagen de una ciudad en calma<\/strong>\u00ab<\/h3>\n<ul>\n<li><strong>T\u00edtulo de la tesis:<\/strong>\u00a0 Vitoria: imagen de una ciudad en calma <\/li>\n<li><strong>Autor:<\/strong>\u00a0 Ainara Miguel S\u00e1ez De Urabain <\/li>\n<li><strong>Universidad:<\/strong>\u00a0 Pa\u00eds vasco\/euskal herriko unibertsitatea<\/li>\n<li><strong>Fecha de lectura de la tesis:<\/strong>\u00a0 08\/05\/2006<\/li>\n<\/ul>\n<p>&nbsp;<\/p>\n<h3>Direcci\u00f3n y tribunal<\/h3>\n<ul>\n<li><strong>Director de la tesis<\/strong>\n<ul>\n<li> Esparza Esta\u00fan Jos\u00e9 Ram\u00f3n<\/li>\n<\/ul>\n<\/li>\n<li><strong>Tribunal<\/strong>\n<ul>\n<li>Presidente del tribunal: santos Zunzunegui d\u00edez <\/li>\n<li>eduardo Rodriguez merchan (vocal)<\/li>\n<li> Mingolarra ibarzabal Jos\u00e9 Antonio (vocal)<\/li>\n<li> Pe\u00f1a p\u00e9rez Francisco Javier (vocal)<\/li>\n<\/ul>\n<\/li>\n<\/ul>\n<p>&nbsp;<\/p>\n","protected":false},"excerpt":{"rendered":"<p>Tesis doctoral de Ainara Miguel S\u00e1ez De Urabain El objeto de esta investigaci\u00f3n son tres mil im\u00e1genes fotogr\u00e1ficas de la [&hellip;]<\/p>\n","protected":false},"author":1,"featured_media":0,"comment_status":"open","ping_status":"open","sticky":false,"template":"","format":"standard","meta":{"site-sidebar-layout":"default","site-content-layout":"","ast-site-content-layout":"","site-content-style":"default","site-sidebar-style":"default","ast-global-header-display":"","ast-banner-title-visibility":"","ast-main-header-display":"","ast-hfb-above-header-display":"","ast-hfb-below-header-display":"","ast-hfb-mobile-header-display":"","site-post-title":"","ast-breadcrumbs-content":"","ast-featured-img":"","footer-sml-layout":"","theme-transparent-header-meta":"","adv-header-id-meta":"","stick-header-meta":"","header-above-stick-meta":"","header-main-stick-meta":"","header-below-stick-meta":"","astra-migrate-meta-layouts":"default","ast-page-background-enabled":"default","ast-page-background-meta":{"desktop":{"background-color":"var(--ast-global-color-4)","background-image":"","background-repeat":"repeat","background-position":"center center","background-size":"auto","background-attachment":"scroll","background-type":"","background-media":"","overlay-type":"","overlay-color":"","overlay-gradient":""},"tablet":{"background-color":"","background-image":"","background-repeat":"repeat","background-position":"center center","background-size":"auto","background-attachment":"scroll","background-type":"","background-media":"","overlay-type":"","overlay-color":"","overlay-gradient":""},"mobile":{"background-color":"","background-image":"","background-repeat":"repeat","background-position":"center center","background-size":"auto","background-attachment":"scroll","background-type":"","background-media":"","overlay-type":"","overlay-color":"","overlay-gradient":""}},"ast-content-background-meta":{"desktop":{"background-color":"var(--ast-global-color-5)","background-image":"","background-repeat":"repeat","background-position":"center center","background-size":"auto","background-attachment":"scroll","background-type":"","background-media":"","overlay-type":"","overlay-color":"","overlay-gradient":""},"tablet":{"background-color":"var(--ast-global-color-5)","background-image":"","background-repeat":"repeat","background-position":"center center","background-size":"auto","background-attachment":"scroll","background-type":"","background-media":"","overlay-type":"","overlay-color":"","overlay-gradient":""},"mobile":{"background-color":"var(--ast-global-color-5)","background-image":"","background-repeat":"repeat","background-position":"center center","background-size":"auto","background-attachment":"scroll","background-type":"","background-media":"","overlay-type":"","overlay-color":"","overlay-gradient":""}},"footnotes":""},"categories":[14186,5270,12909,13716],"tags":[171225,61312,67173,44115,44836,5038],"class_list":["post-79827","post","type-post","status-publish","format-standard","hentry","category-clases-sociales","category-fotografia","category-pais-vasco-euskal-herriko-unibertsitatea","category-sociologia-del-arte","tag-ainara-miguel-saez-de-urabain","tag-eduardo-rodriguez-merchan","tag-esparza-estaun-jose-ramon","tag-mingolarra-ibarzabal-jose-antonio","tag-pena-perez-francisco-javier","tag-santos-zunzunegui-diez"],"_links":{"self":[{"href":"https:\/\/www.deberes.net\/tesis\/wp-json\/wp\/v2\/posts\/79827","targetHints":{"allow":["GET"]}}],"collection":[{"href":"https:\/\/www.deberes.net\/tesis\/wp-json\/wp\/v2\/posts"}],"about":[{"href":"https:\/\/www.deberes.net\/tesis\/wp-json\/wp\/v2\/types\/post"}],"author":[{"embeddable":true,"href":"https:\/\/www.deberes.net\/tesis\/wp-json\/wp\/v2\/users\/1"}],"replies":[{"embeddable":true,"href":"https:\/\/www.deberes.net\/tesis\/wp-json\/wp\/v2\/comments?post=79827"}],"version-history":[{"count":0,"href":"https:\/\/www.deberes.net\/tesis\/wp-json\/wp\/v2\/posts\/79827\/revisions"}],"wp:attachment":[{"href":"https:\/\/www.deberes.net\/tesis\/wp-json\/wp\/v2\/media?parent=79827"}],"wp:term":[{"taxonomy":"category","embeddable":true,"href":"https:\/\/www.deberes.net\/tesis\/wp-json\/wp\/v2\/categories?post=79827"},{"taxonomy":"post_tag","embeddable":true,"href":"https:\/\/www.deberes.net\/tesis\/wp-json\/wp\/v2\/tags?post=79827"}],"curies":[{"name":"wp","href":"https:\/\/api.w.org\/{rel}","templated":true}]}}