{"id":79830,"date":"2006-08-05T00:00:00","date_gmt":"2006-08-05T00:00:00","guid":{"rendered":"https:\/\/www.deberes.net\/tesis\/sin-categoria\/las-teorias-biologicas-sobre-el-origen-de-las-razas-humanas-1859-1900-elementos-para-una-cra%c2%adtica-antropologica-de-la-racionalidad-tecnocienta%c2%adfica\/"},"modified":"2006-08-05T00:00:00","modified_gmt":"2006-08-05T00:00:00","slug":"las-teorias-biologicas-sobre-el-origen-de-las-razas-humanas-1859-1900-elementos-para-una-cra%c2%adtica-antropologica-de-la-racionalidad-tecnocienta%c2%adfica","status":"publish","type":"post","link":"https:\/\/www.deberes.net\/tesis\/ciencias-de-la-vida\/las-teorias-biologicas-sobre-el-origen-de-las-razas-humanas-1859-1900-elementos-para-una-cra%c2%adtica-antropologica-de-la-racionalidad-tecnocienta%c2%adfica\/","title":{"rendered":"Las teor\u00edas biol\u00f3gicas sobre el origen de las razas humanas (1859-1900). elementos para una cr\u00edtica antropol\u00f3gica de la racionalidad tecnocient\u00edfica."},"content":{"rendered":"<h2>Tesis doctoral de <strong> Juan ma S\u00e1nchez Arteaga <\/strong><\/h2>\n<p>La tesis propone una cr\u00edtica hist\u00f3rico filos\u00f3fica al concepto de \u00abracionalidad tecnocient\u00edfica\u00bb, tomando como base para el an\u00e1lisis la historia de los conceptos raciales en la biolog\u00eda humana evolucionista (hasta 1900). Se estudian las teor\u00edas sobre el progreso diferencial de las &lt;&lt;razas humanas&gt;&gt; y sobre la superioridad de la &lt;&lt;raza cauc\u00e1sica&gt;&gt; en la antropolog\u00eda f\u00edsica de alemania, francia, estados unidos, gran breta\u00f1a, brasil, portugal, espa\u00f1a, italia&#8230; Y se contrasta la forma de pensamiento cient\u00edfico ortodoxo acerca de la &lt;&lt;superioridad biol\u00f3gica del \u00abhombre blanco\u00bb&gt;&gt; con las formas de pensamiento propias de la fantas\u00eda, la mitolog\u00eda y la ideolog\u00eda. En concreto, se estudia el proceso de aceptaci\u00f3n del evolucionismo aplicado a nuestra especie como un cambio en la mitolog\u00eda fundacional de las sociedades capitalistas de  \u00aboccidente\u00bb, y se estudia la funci\u00f3n simb\u00f3lica de las teor\u00edas de la biolog\u00eda racial ortodoxa como un formidable aparato de legitimaci\u00f3n (racionalizaci\u00f3n, naturalizaci\u00f3n) de las estructuras de dominaci\u00f3n racial contempor\u00e1neas: esclavismo e imperialismo.  finalmente, la tesis ofrece una serie de elementos te\u00f3ricos para la cr\u00edtica del concepto neopositivista de racionalidad tecnocient\u00edfica, utilizando un conjunto de herramientas b\u00e1sicas provenientes de la semiolog\u00eda , la hermen\u00e9utica, la filosof\u00eda, la historia  y la antropolog\u00eda del conocimiento recientes.<\/p>\n<p>&nbsp;<\/p>\n<h3>Datos acad\u00e9micos de la tesis doctoral \u00ab<strong>Las teor\u00edas biol\u00f3gicas sobre el origen de las razas humanas (1859-1900). elementos para una cr\u00edtica antropol\u00f3gica de la racionalidad tecnocient\u00edfica.<\/strong>\u00ab<\/h3>\n<ul>\n<li><strong>T\u00edtulo de la tesis:<\/strong>\u00a0 Las teor\u00edas biol\u00f3gicas sobre el origen de las razas humanas (1859-1900). elementos para una cr\u00edtica antropol\u00f3gica de la racionalidad tecnocient\u00edfica. <\/li>\n<li><strong>Autor:<\/strong>\u00a0 Juan ma S\u00e1nchez Arteaga <\/li>\n<li><strong>Universidad:<\/strong>\u00a0 Aut\u00f3noma de Madrid<\/li>\n<li><strong>Fecha de lectura de la tesis:<\/strong>\u00a0 08\/05\/2006<\/li>\n<\/ul>\n<p>&nbsp;<\/p>\n<h3>Direcci\u00f3n y tribunal<\/h3>\n<ul>\n<li><strong>Director de la tesis<\/strong>\n<ul>\n<li>Andr\u00e9s Galera<\/li>\n<\/ul>\n<\/li>\n<li><strong>Tribunal<\/strong>\n<ul>\n<li>Presidente del tribunal: raquel \u00e1lvarez <\/li>\n<li>Carlos Sent\u00eds (vocal)<\/li>\n<li>angel Gabilondo pujol (vocal)<\/li>\n<li>mauricio Jal\u00f3n (vocal)<\/li>\n<\/ul>\n<\/li>\n<\/ul>\n<p>&nbsp;<\/p>\n","protected":false},"excerpt":{"rendered":"<p>Tesis doctoral de Juan ma S\u00e1nchez Arteaga La tesis propone una cr\u00edtica hist\u00f3rico filos\u00f3fica al concepto de \u00abracionalidad tecnocient\u00edfica\u00bb, tomando [&hellip;]<\/p>\n","protected":false},"author":1,"featured_media":0,"comment_status":"open","ping_status":"open","sticky":false,"template":"","format":"standard","meta":{"site-sidebar-layout":"default","site-content-layout":"","ast-site-content-layout":"","site-content-style":"default","site-sidebar-style":"default","ast-global-header-display":"","ast-banner-title-visibility":"","ast-main-header-display":"","ast-hfb-above-header-display":"","ast-hfb-below-header-display":"","ast-hfb-mobile-header-display":"","site-post-title":"","ast-breadcrumbs-content":"","ast-featured-img":"","footer-sml-layout":"","theme-transparent-header-meta":"","adv-header-id-meta":"","stick-header-meta":"","header-above-stick-meta":"","header-main-stick-meta":"","header-below-stick-meta":"","astra-migrate-meta-layouts":"default","ast-page-background-enabled":"default","ast-page-background-meta":{"desktop":{"background-color":"var(--ast-global-color-4)","background-image":"","background-repeat":"repeat","background-position":"center center","background-size":"auto","background-attachment":"scroll","background-type":"","background-media":"","overlay-type":"","overlay-color":"","overlay-gradient":""},"tablet":{"background-color":"","background-image":"","background-repeat":"repeat","background-position":"center center","background-size":"auto","background-attachment":"scroll","background-type":"","background-media":"","overlay-type":"","overlay-color":"","overlay-gradient":""},"mobile":{"background-color":"","background-image":"","background-repeat":"repeat","background-position":"center center","background-size":"auto","background-attachment":"scroll","background-type":"","background-media":"","overlay-type":"","overlay-color":"","overlay-gradient":""}},"ast-content-background-meta":{"desktop":{"background-color":"var(--ast-global-color-5)","background-image":"","background-repeat":"repeat","background-position":"center center","background-size":"auto","background-attachment":"scroll","background-type":"","background-media":"","overlay-type":"","overlay-color":"","overlay-gradient":""},"tablet":{"background-color":"var(--ast-global-color-5)","background-image":"","background-repeat":"repeat","background-position":"center center","background-size":"auto","background-attachment":"scroll","background-type":"","background-media":"","overlay-type":"","overlay-color":"","overlay-gradient":""},"mobile":{"background-color":"var(--ast-global-color-5)","background-image":"","background-repeat":"repeat","background-position":"center center","background-size":"auto","background-attachment":"scroll","background-type":"","background-media":"","overlay-type":"","overlay-color":"","overlay-gradient":""}},"footnotes":""},"categories":[681,983,922,90820,35],"tags":[171231,14284,171233,171230,171234,171232],"class_list":["post-79830","post","type-post","status-publish","format-standard","hentry","category-antropologia","category-antropologia-cultural","category-antropologia-fisica","category-biologia-racial","category-ciencias-de-la-vida","tag-andres-galera","tag-angel-gabilondo-pujol","tag-carlos-sentis","tag-juan-ma-sanchez-arteaga","tag-mauricio-jalon","tag-raquel-alvarez"],"_links":{"self":[{"href":"https:\/\/www.deberes.net\/tesis\/wp-json\/wp\/v2\/posts\/79830","targetHints":{"allow":["GET"]}}],"collection":[{"href":"https:\/\/www.deberes.net\/tesis\/wp-json\/wp\/v2\/posts"}],"about":[{"href":"https:\/\/www.deberes.net\/tesis\/wp-json\/wp\/v2\/types\/post"}],"author":[{"embeddable":true,"href":"https:\/\/www.deberes.net\/tesis\/wp-json\/wp\/v2\/users\/1"}],"replies":[{"embeddable":true,"href":"https:\/\/www.deberes.net\/tesis\/wp-json\/wp\/v2\/comments?post=79830"}],"version-history":[{"count":0,"href":"https:\/\/www.deberes.net\/tesis\/wp-json\/wp\/v2\/posts\/79830\/revisions"}],"wp:attachment":[{"href":"https:\/\/www.deberes.net\/tesis\/wp-json\/wp\/v2\/media?parent=79830"}],"wp:term":[{"taxonomy":"category","embeddable":true,"href":"https:\/\/www.deberes.net\/tesis\/wp-json\/wp\/v2\/categories?post=79830"},{"taxonomy":"post_tag","embeddable":true,"href":"https:\/\/www.deberes.net\/tesis\/wp-json\/wp\/v2\/tags?post=79830"}],"curies":[{"name":"wp","href":"https:\/\/api.w.org\/{rel}","templated":true}]}}