{"id":79860,"date":"2006-10-05T00:00:00","date_gmt":"2006-10-05T00:00:00","guid":{"rendered":"https:\/\/www.deberes.net\/tesis\/sin-categoria\/caracterizacion-de-los-aerosoles-atmosfericos-y-su-influencia-en-los-niveles-de-radiacion-solar-uv\/"},"modified":"2006-10-05T00:00:00","modified_gmt":"2006-10-05T00:00:00","slug":"caracterizacion-de-los-aerosoles-atmosfericos-y-su-influencia-en-los-niveles-de-radiacion-solar-uv","status":"publish","type":"post","link":"https:\/\/www.deberes.net\/tesis\/la-laguna\/caracterizacion-de-los-aerosoles-atmosfericos-y-su-influencia-en-los-niveles-de-radiacion-solar-uv\/","title":{"rendered":"Caracterizaci\u00f3n de los aerosoles atmosfericos y su influencia en los niveles de radiaci\u00f3n solar uv"},"content":{"rendered":"<h2>Tesis doctoral de <strong>  Diaz Rodr\u00edguez Ana Mar\u00eda <\/strong><\/h2>\n<p>Los aerosoles atmosf\u00e9ricos juegan un papel fundamental en el balance energ\u00e9tico del sistema tierra-atm\u00f3sfera, presentando aun grandes incertidumbres tal y como se refleja en el tercer panel de cambio clim\u00e1tico. La regi\u00f3n de canarias, dada su situaci\u00f3n geogr\u00e1fica, muy pr\u00f3xima a una de las principales fuentes de aerosoles naturales, el desierto del sahara. Adem\u00e1s se encuentra bajo la influencia de aerosoles antropog\u00e9nicos transportados desde las zonas industriales del centro de europa, presenta unas condiciones de medida excelentes para el seguimiento e investigaci\u00f3n de las propiedades radiactivas de estos componentes atmosf\u00e9ricos, y de sus efectos sobre los niveles de radiaci\u00f3n solar ultravioleta uv. Este rango espectral es de especial inter\u00e9s dado su marcado efecto biol\u00f3gico. Por ello, el objetivo de este trabajo es reducir la incertidumbre asociada a los aerosoles atmosf\u00e9ricos en la transmisi\u00f3n de la radiaci\u00f3n uv en la atm\u00f3sfera. en este trabajo se ha realizado una caracterizaci\u00f3n de los aerosoles en la regi\u00f3n de canarias a partir de la climatolog\u00eda de las masas de aire que transportan estos componentes atmosf\u00e9ricos hacia los dos observatorios de medida, sco (28.5\u00c2\u00ban, 16.3\u00c2\u00baw, 52 m) e izo (28.3\u00c2\u00ban 16.5\u00c2\u00baw, 2367 m). Adem\u00e1s se consideran las propiedades f\u00edsico-qu\u00edmicas de los aerosoles presentes en estos observatorios. La clasificaci\u00f3n de masas de aire se basa en la contribuci\u00f3n delas principales fuentes de aerosoles que afectan a la regi\u00f3n de canarias en el periodo 1948-2004. Para ello se han desarrollado dos metodolog\u00eda nuevas, cuya principal novedad consiste en el empleo de los tiempos de permanencia seg\u00fan sector geogr\u00e1fico y altura. la primera de ellas se basa en la t\u00e9cnica estad\u00edstica de an\u00e1lisis de conglomerados y la segunda emplea l\u00f3gica difusa. Ambas metodolog\u00edas muestran resultados an\u00e1logos, caracterizando los observatorios por masas de aire que se desarrollan sobre el oc\u00e9ano atl\u00e1ntico con la diferencia en altura en<\/p>\n<p>&nbsp;<\/p>\n<h3>Datos acad\u00e9micos de la tesis doctoral \u00ab<strong>Caracterizaci\u00f3n de los aerosoles atmosfericos y su influencia en los niveles de radiaci\u00f3n solar uv<\/strong>\u00ab<\/h3>\n<ul>\n<li><strong>T\u00edtulo de la tesis:<\/strong>\u00a0 Caracterizaci\u00f3n de los aerosoles atmosfericos y su influencia en los niveles de radiaci\u00f3n solar uv <\/li>\n<li><strong>Autor:<\/strong>\u00a0  Diaz Rodr\u00edguez Ana Mar\u00eda <\/li>\n<li><strong>Universidad:<\/strong>\u00a0 La laguna<\/li>\n<li><strong>Fecha de lectura de la tesis:<\/strong>\u00a0 10\/05\/2006<\/li>\n<\/ul>\n<p>&nbsp;<\/p>\n<h3>Direcci\u00f3n y tribunal<\/h3>\n<ul>\n<li><strong>Director de la tesis<\/strong>\n<ul>\n<li>Juan  Pedro D\u00edaz Gonz\u00e1lez<\/li>\n<\/ul>\n<\/li>\n<li><strong>Tribunal<\/strong>\n<ul>\n<li>Presidente del tribunal:  Olmo ryes Francisco jose <\/li>\n<li> Gelado caballero Mar\u00eda  dolores (vocal)<\/li>\n<li>M\u00aa pilar Utrillas esteban (vocal)<\/li>\n<li>pedro Dorta antequera (vocal)<\/li>\n<\/ul>\n<\/li>\n<\/ul>\n<p>&nbsp;<\/p>\n","protected":false},"excerpt":{"rendered":"<p>Tesis doctoral de Diaz Rodr\u00edguez Ana Mar\u00eda Los aerosoles atmosf\u00e9ricos juegan un papel fundamental en el balance energ\u00e9tico del sistema [&hellip;]<\/p>\n","protected":false},"author":1,"featured_media":0,"comment_status":"open","ping_status":"open","sticky":false,"template":"","format":"standard","meta":{"site-sidebar-layout":"default","site-content-layout":"","ast-site-content-layout":"","site-content-style":"default","site-sidebar-style":"default","ast-global-header-display":"","ast-banner-title-visibility":"","ast-main-header-display":"","ast-hfb-above-header-display":"","ast-hfb-below-header-display":"","ast-hfb-mobile-header-display":"","site-post-title":"","ast-breadcrumbs-content":"","ast-featured-img":"","footer-sml-layout":"","theme-transparent-header-meta":"","adv-header-id-meta":"","stick-header-meta":"","header-above-stick-meta":"","header-main-stick-meta":"","header-below-stick-meta":"","astra-migrate-meta-layouts":"default","ast-page-background-enabled":"default","ast-page-background-meta":{"desktop":{"background-color":"var(--ast-global-color-4)","background-image":"","background-repeat":"repeat","background-position":"center center","background-size":"auto","background-attachment":"scroll","background-type":"","background-media":"","overlay-type":"","overlay-color":"","overlay-gradient":""},"tablet":{"background-color":"","background-image":"","background-repeat":"repeat","background-position":"center center","background-size":"auto","background-attachment":"scroll","background-type":"","background-media":"","overlay-type":"","overlay-color":"","overlay-gradient":""},"mobile":{"background-color":"","background-image":"","background-repeat":"repeat","background-position":"center center","background-size":"auto","background-attachment":"scroll","background-type":"","background-media":"","overlay-type":"","overlay-color":"","overlay-gradient":""}},"ast-content-background-meta":{"desktop":{"background-color":"var(--ast-global-color-5)","background-image":"","background-repeat":"repeat","background-position":"center center","background-size":"auto","background-attachment":"scroll","background-type":"","background-media":"","overlay-type":"","overlay-color":"","overlay-gradient":""},"tablet":{"background-color":"var(--ast-global-color-5)","background-image":"","background-repeat":"repeat","background-position":"center center","background-size":"auto","background-attachment":"scroll","background-type":"","background-media":"","overlay-type":"","overlay-color":"","overlay-gradient":""},"mobile":{"background-color":"var(--ast-global-color-5)","background-image":"","background-repeat":"repeat","background-position":"center center","background-size":"auto","background-attachment":"scroll","background-type":"","background-media":"","overlay-type":"","overlay-color":"","overlay-gradient":""}},"footnotes":""},"categories":[22619,9915],"tags":[171296,171298,51306,27613,171297,94346],"class_list":["post-79860","post","type-post","status-publish","format-standard","hentry","category-dinamica-atmosferica","category-la-laguna","tag-diaz-rodriguez-ana-maria","tag-gelado-caballero-maria-dolores","tag-juan-pedro-diaz-gonzalez","tag-ma-pilar-utrillas-esteban","tag-olmo-ryes-francisco-jose","tag-pedro-dorta-antequera"],"_links":{"self":[{"href":"https:\/\/www.deberes.net\/tesis\/wp-json\/wp\/v2\/posts\/79860","targetHints":{"allow":["GET"]}}],"collection":[{"href":"https:\/\/www.deberes.net\/tesis\/wp-json\/wp\/v2\/posts"}],"about":[{"href":"https:\/\/www.deberes.net\/tesis\/wp-json\/wp\/v2\/types\/post"}],"author":[{"embeddable":true,"href":"https:\/\/www.deberes.net\/tesis\/wp-json\/wp\/v2\/users\/1"}],"replies":[{"embeddable":true,"href":"https:\/\/www.deberes.net\/tesis\/wp-json\/wp\/v2\/comments?post=79860"}],"version-history":[{"count":0,"href":"https:\/\/www.deberes.net\/tesis\/wp-json\/wp\/v2\/posts\/79860\/revisions"}],"wp:attachment":[{"href":"https:\/\/www.deberes.net\/tesis\/wp-json\/wp\/v2\/media?parent=79860"}],"wp:term":[{"taxonomy":"category","embeddable":true,"href":"https:\/\/www.deberes.net\/tesis\/wp-json\/wp\/v2\/categories?post=79860"},{"taxonomy":"post_tag","embeddable":true,"href":"https:\/\/www.deberes.net\/tesis\/wp-json\/wp\/v2\/tags?post=79860"}],"curies":[{"name":"wp","href":"https:\/\/api.w.org\/{rel}","templated":true}]}}