{"id":79873,"date":"2006-11-05T00:00:00","date_gmt":"2006-11-05T00:00:00","guid":{"rendered":"https:\/\/www.deberes.net\/tesis\/sin-categoria\/fundamentacion-logico-formal-de-la-responsabilidad-social-corporativa\/"},"modified":"2006-11-05T00:00:00","modified_gmt":"2006-11-05T00:00:00","slug":"fundamentacion-logico-formal-de-la-responsabilidad-social-corporativa","status":"publish","type":"post","link":"https:\/\/www.deberes.net\/tesis\/sin-categoria\/fundamentacion-logico-formal-de-la-responsabilidad-social-corporativa\/","title":{"rendered":"Fundamentaci\u00f3n l\u00f3gico formal de la responsabilidad social corporativa"},"content":{"rendered":"<h2>Tesis doctoral de <strong> Luis Felipe Solano Santos <\/strong><\/h2>\n<p>Las relaciones p\u00fablicas, como ya afirmamos en otros lugares, forman parte de ese gran conjunto de saberes que se aglutinan en lo que ha dado en llamarse comunicolog\u00eda o ciencia de la comunicaci\u00f3n; ahora bien, en qu\u00e9 consiste su especialidad o dicho de otro modo, qu\u00e9 justifica su autonom\u00eda en el amplio panorama de perspectivas desde las que cabe estudiar la comunicaci\u00f3n humana. La pregunta no es f\u00e1cil de responder, ya que existe una pluralidad de respuestas, cada una delas cuales tiene la virtud de incardinar su estudio en uno u otro de los dos grandes miembros en que desde dilthey hasta hoy se clasifican las ciencias: \u00c2\u00bfciencia natural  o ciencia cultural?.     el estudio que resumimos parte de una perspectiva que las integra en el \u00e1mbito delas ciencias culturales o del esp\u00edritu y para ello, procede meteorol\u00f3gicamente al modo de las ciencias formales, esto es, estableciendo   un apriorismo l\u00f3gico cuyo desarrollo estrictamente formal, hace posible una construcci\u00f3n rigurosa de cada una de sus proposiciones hasta alcanzar las conclusiones que verifican las hip\u00f3tesis inicial, esto es, su conversi\u00f3n en tesis.     el hecho de que este trabajo declare su prop\u00f3sito de moverse en \u00e1mbitos estrictamente l\u00f3gico-formales, no implica en absoluto que ignore el ingrediente esencial constitutivo que consideramos la raz\u00f3n de ser de la propia disciplina, sin el cual \u00e9sta carecer\u00eda de legitimaci\u00f3n para constituir un saber propio e independiente; dar respuesta al a responsabilidad social de las organizaciones, de ah\u00ed que se afronte su estudio desde una perspectiva tan aparentemente alejada de los enfoques al uso.     en todo caso, conviene advertir que las conclusiones alcanzadas exigir\u00e1n su validaci\u00f3n en la pr\u00e1ctica, ya que no podemos olvidar que las relaciones p\u00fablicas son un saber eminentemente de esta naturaleza.<\/p>\n<p>&nbsp;<\/p>\n<h3>Datos acad\u00e9micos de la tesis doctoral \u00ab<strong>Fundamentaci\u00f3n l\u00f3gico formal de la responsabilidad social corporativa<\/strong>\u00ab<\/h3>\n<ul>\n<li><strong>T\u00edtulo de la tesis:<\/strong>\u00a0 Fundamentaci\u00f3n l\u00f3gico formal de la responsabilidad social corporativa <\/li>\n<li><strong>Autor:<\/strong>\u00a0 Luis Felipe Solano Santos <\/li>\n<li><strong>Universidad:<\/strong>\u00a0 Complutense de Madrid<\/li>\n<li><strong>Fecha de lectura de la tesis:<\/strong>\u00a0 11\/05\/2006<\/li>\n<\/ul>\n<p>&nbsp;<\/p>\n<h3>Direcci\u00f3n y tribunal<\/h3>\n<ul>\n<li><strong>Director de la tesis<\/strong>\n<ul>\n<li>Ubaldo Cuesta Cambra<\/li>\n<\/ul>\n<\/li>\n<li><strong>Tribunal<\/strong>\n<ul>\n<li>Presidente del tribunal: pedro Farias garcia <\/li>\n<li>Luis Nu\u00f1ez ladeveze (vocal)<\/li>\n<li>Miguel De aguilera moyano (vocal)<\/li>\n<li>Jos\u00e9 Manuel Gomez y mendez (vocal)<\/li>\n<\/ul>\n<\/li>\n<\/ul>\n<p>&nbsp;<\/p>\n","protected":false},"excerpt":{"rendered":"<p>Tesis doctoral de Luis Felipe Solano Santos Las relaciones p\u00fablicas, como ya afirmamos en otros lugares, forman parte de ese [&hellip;]<\/p>\n","protected":false},"author":1,"featured_media":0,"comment_status":"open","ping_status":"open","sticky":false,"template":"","format":"standard","meta":{"site-sidebar-layout":"default","site-content-layout":"","ast-site-content-layout":"","site-content-style":"default","site-sidebar-style":"default","ast-global-header-display":"","ast-banner-title-visibility":"","ast-main-header-display":"","ast-hfb-above-header-display":"","ast-hfb-below-header-display":"","ast-hfb-mobile-header-display":"","site-post-title":"","ast-breadcrumbs-content":"","ast-featured-img":"","footer-sml-layout":"","theme-transparent-header-meta":"","adv-header-id-meta":"","stick-header-meta":"","header-above-stick-meta":"","header-main-stick-meta":"","header-below-stick-meta":"","astra-migrate-meta-layouts":"default","ast-page-background-enabled":"default","ast-page-background-meta":{"desktop":{"background-color":"var(--ast-global-color-4)","background-image":"","background-repeat":"repeat","background-position":"center center","background-size":"auto","background-attachment":"scroll","background-type":"","background-media":"","overlay-type":"","overlay-color":"","overlay-gradient":""},"tablet":{"background-color":"","background-image":"","background-repeat":"repeat","background-position":"center center","background-size":"auto","background-attachment":"scroll","background-type":"","background-media":"","overlay-type":"","overlay-color":"","overlay-gradient":""},"mobile":{"background-color":"","background-image":"","background-repeat":"repeat","background-position":"center center","background-size":"auto","background-attachment":"scroll","background-type":"","background-media":"","overlay-type":"","overlay-color":"","overlay-gradient":""}},"ast-content-background-meta":{"desktop":{"background-color":"var(--ast-global-color-5)","background-image":"","background-repeat":"repeat","background-position":"center center","background-size":"auto","background-attachment":"scroll","background-type":"","background-media":"","overlay-type":"","overlay-color":"","overlay-gradient":""},"tablet":{"background-color":"var(--ast-global-color-5)","background-image":"","background-repeat":"repeat","background-position":"center center","background-size":"auto","background-attachment":"scroll","background-type":"","background-media":"","overlay-type":"","overlay-color":"","overlay-gradient":""},"mobile":{"background-color":"var(--ast-global-color-5)","background-image":"","background-repeat":"repeat","background-position":"center center","background-size":"auto","background-attachment":"scroll","background-type":"","background-media":"","overlay-type":"","overlay-color":"","overlay-gradient":""}},"footnotes":""},"categories":[1],"tags":[5232,171319,5653,5319,4830,49494],"class_list":["post-79873","post","type-post","status-publish","format-standard","hentry","category-sin-categoria","tag-jose-manuel-gomez-y-mendez","tag-luis-felipe-solano-santos","tag-luis-nunez-ladeveze","tag-miguel-de-aguilera-moyano","tag-pedro-farias-garcia","tag-ubaldo-cuesta-cambra"],"_links":{"self":[{"href":"https:\/\/www.deberes.net\/tesis\/wp-json\/wp\/v2\/posts\/79873","targetHints":{"allow":["GET"]}}],"collection":[{"href":"https:\/\/www.deberes.net\/tesis\/wp-json\/wp\/v2\/posts"}],"about":[{"href":"https:\/\/www.deberes.net\/tesis\/wp-json\/wp\/v2\/types\/post"}],"author":[{"embeddable":true,"href":"https:\/\/www.deberes.net\/tesis\/wp-json\/wp\/v2\/users\/1"}],"replies":[{"embeddable":true,"href":"https:\/\/www.deberes.net\/tesis\/wp-json\/wp\/v2\/comments?post=79873"}],"version-history":[{"count":0,"href":"https:\/\/www.deberes.net\/tesis\/wp-json\/wp\/v2\/posts\/79873\/revisions"}],"wp:attachment":[{"href":"https:\/\/www.deberes.net\/tesis\/wp-json\/wp\/v2\/media?parent=79873"}],"wp:term":[{"taxonomy":"category","embeddable":true,"href":"https:\/\/www.deberes.net\/tesis\/wp-json\/wp\/v2\/categories?post=79873"},{"taxonomy":"post_tag","embeddable":true,"href":"https:\/\/www.deberes.net\/tesis\/wp-json\/wp\/v2\/tags?post=79873"}],"curies":[{"name":"wp","href":"https:\/\/api.w.org\/{rel}","templated":true}]}}