{"id":79929,"date":"2018-03-09T23:25:50","date_gmt":"2018-03-09T23:25:50","guid":{"rendered":"https:\/\/www.deberes.net\/tesis\/sin-categoria\/visualizacion-expresiva-de-volumenes\/"},"modified":"2018-03-09T23:25:50","modified_gmt":"2018-03-09T23:25:50","slug":"visualizacion-expresiva-de-volumenes","status":"publish","type":"post","link":"https:\/\/www.deberes.net\/tesis\/ciencias-tecnologicas\/visualizacion-expresiva-de-volumenes\/","title":{"rendered":"Visualizaci\u00f3n expresiva de vol\u00famenes"},"content":{"rendered":"<h2>Tesis doctoral de <strong> Germ\u00e1n Arroyo Moreno <\/strong><\/h2>\n<p>En este trabajo se ha presentado un m\u00e9todo para la definici\u00f3n de luces virtuales en vol\u00famenes para generar una visualizaci\u00f3n expresiva de los mismos.  estas luces pueden combinarse bas\u00e1ndose en la programaci\u00f3n funcional y el lambda c\u00e1lculo, de forma que se puede generar un cauce sencillo para el usuario y el programador para generar im\u00e1genes de ilustraci\u00f3n sobre vol\u00famenes.  adem\u00e1s se han desarrollado varios m\u00e9todos de obtenci\u00f3n de siluetas, tanto en im\u00e1genes como en vol\u00famenes.<\/p>\n<p>&nbsp;<\/p>\n<h3>Datos acad\u00e9micos de la tesis doctoral \u00ab<strong>Visualizaci\u00f3n expresiva de vol\u00famenes<\/strong>\u00ab<\/h3>\n<ul>\n<li><strong>T\u00edtulo de la tesis:<\/strong>\u00a0 Visualizaci\u00f3n expresiva de vol\u00famenes <\/li>\n<li><strong>Autor:<\/strong>\u00a0 Germ\u00e1n Arroyo Moreno <\/li>\n<li><strong>Universidad:<\/strong>\u00a0 Granada<\/li>\n<li><strong>Fecha de lectura de la tesis:<\/strong>\u00a0 14\/05\/2006<\/li>\n<\/ul>\n<p>&nbsp;<\/p>\n<h3>Direcci\u00f3n y tribunal<\/h3>\n<ul>\n<li><strong>Director de la tesis<\/strong>\n<ul>\n<li>Francisco Velasco Anguita<\/li>\n<\/ul>\n<\/li>\n<li><strong>Tribunal<\/strong>\n<ul>\n<li>Presidente del tribunal:  Brunet i crossa pere <\/li>\n<li>Juan  Carlos Torres cantero (vocal)<\/li>\n<li>brian Wyvill (vocal)<\/li>\n<li>celso Campos bastos (vocal)<\/li>\n<\/ul>\n<\/li>\n<\/ul>\n<p>&nbsp;<\/p>\n","protected":false},"excerpt":{"rendered":"<p>Tesis doctoral de Germ\u00e1n Arroyo Moreno En este trabajo se ha presentado un m\u00e9todo para la definici\u00f3n de luces virtuales [&hellip;]<\/p>\n","protected":false},"author":1,"featured_media":0,"comment_status":"open","ping_status":"open","sticky":false,"template":"","format":"standard","meta":{"site-sidebar-layout":"default","site-content-layout":"","ast-site-content-layout":"","site-content-style":"default","site-sidebar-style":"default","ast-global-header-display":"","ast-banner-title-visibility":"","ast-main-header-display":"","ast-hfb-above-header-display":"","ast-hfb-below-header-display":"","ast-hfb-mobile-header-display":"","site-post-title":"","ast-breadcrumbs-content":"","ast-featured-img":"","footer-sml-layout":"","theme-transparent-header-meta":"","adv-header-id-meta":"","stick-header-meta":"","header-above-stick-meta":"","header-main-stick-meta":"","header-below-stick-meta":"","astra-migrate-meta-layouts":"default","ast-page-background-enabled":"default","ast-page-background-meta":{"desktop":{"background-color":"var(--ast-global-color-4)","background-image":"","background-repeat":"repeat","background-position":"center center","background-size":"auto","background-attachment":"scroll","background-type":"","background-media":"","overlay-type":"","overlay-color":"","overlay-gradient":""},"tablet":{"background-color":"","background-image":"","background-repeat":"repeat","background-position":"center center","background-size":"auto","background-attachment":"scroll","background-type":"","background-media":"","overlay-type":"","overlay-color":"","overlay-gradient":""},"mobile":{"background-color":"","background-image":"","background-repeat":"repeat","background-position":"center center","background-size":"auto","background-attachment":"scroll","background-type":"","background-media":"","overlay-type":"","overlay-color":"","overlay-gradient":""}},"ast-content-background-meta":{"desktop":{"background-color":"var(--ast-global-color-5)","background-image":"","background-repeat":"repeat","background-position":"center center","background-size":"auto","background-attachment":"scroll","background-type":"","background-media":"","overlay-type":"","overlay-color":"","overlay-gradient":""},"tablet":{"background-color":"var(--ast-global-color-5)","background-image":"","background-repeat":"repeat","background-position":"center center","background-size":"auto","background-attachment":"scroll","background-type":"","background-media":"","overlay-type":"","overlay-color":"","overlay-gradient":""},"mobile":{"background-color":"var(--ast-global-color-5)","background-image":"","background-repeat":"repeat","background-position":"center center","background-size":"auto","background-attachment":"scroll","background-type":"","background-media":"","overlay-type":"","overlay-color":"","overlay-gradient":""}},"footnotes":""},"categories":[332],"tags":[150517,171411,81813,62503,171410,21897],"class_list":["post-79929","post","type-post","status-publish","format-standard","hentry","category-ciencias-tecnologicas","tag-brian-wyvill","tag-brunet-i-crossa-pere","tag-celso-campos-bastos","tag-francisco-velasco-anguita","tag-german-arroyo-moreno","tag-juan-carlos-torres-cantero"],"_links":{"self":[{"href":"https:\/\/www.deberes.net\/tesis\/wp-json\/wp\/v2\/posts\/79929","targetHints":{"allow":["GET"]}}],"collection":[{"href":"https:\/\/www.deberes.net\/tesis\/wp-json\/wp\/v2\/posts"}],"about":[{"href":"https:\/\/www.deberes.net\/tesis\/wp-json\/wp\/v2\/types\/post"}],"author":[{"embeddable":true,"href":"https:\/\/www.deberes.net\/tesis\/wp-json\/wp\/v2\/users\/1"}],"replies":[{"embeddable":true,"href":"https:\/\/www.deberes.net\/tesis\/wp-json\/wp\/v2\/comments?post=79929"}],"version-history":[{"count":0,"href":"https:\/\/www.deberes.net\/tesis\/wp-json\/wp\/v2\/posts\/79929\/revisions"}],"wp:attachment":[{"href":"https:\/\/www.deberes.net\/tesis\/wp-json\/wp\/v2\/media?parent=79929"}],"wp:term":[{"taxonomy":"category","embeddable":true,"href":"https:\/\/www.deberes.net\/tesis\/wp-json\/wp\/v2\/categories?post=79929"},{"taxonomy":"post_tag","embeddable":true,"href":"https:\/\/www.deberes.net\/tesis\/wp-json\/wp\/v2\/tags?post=79929"}],"curies":[{"name":"wp","href":"https:\/\/api.w.org\/{rel}","templated":true}]}}