{"id":79936,"date":"2018-03-09T23:25:50","date_gmt":"2018-03-09T23:25:50","guid":{"rendered":"https:\/\/www.deberes.net\/tesis\/sin-categoria\/la-proteccion-juridica-del-incapaz-no-declarado-en-estado-de-incapacidad\/"},"modified":"2018-03-09T23:25:50","modified_gmt":"2018-03-09T23:25:50","slug":"la-proteccion-juridica-del-incapaz-no-declarado-en-estado-de-incapacidad","status":"publish","type":"post","link":"https:\/\/www.deberes.net\/tesis\/ciencias-juridicas-y-derecho\/la-proteccion-juridica-del-incapaz-no-declarado-en-estado-de-incapacidad\/","title":{"rendered":"La proteccion juridica del incapaz no declarado en estado de incapacidad"},"content":{"rendered":"<h2>Tesis doctoral de <strong> Jos\u00e9 Mar\u00eda Nu\u00f1ez  Centano <\/strong><\/h2>\n<p>Fundamento de la tesis, contrastar la incapacidad natural con la incapacidad declarada que supone la existencia de t\u00edtulo basado en sentencia y que constituye estado. Es decir, la incapacidad declarada   se da en la persona que no tenga capacidad de gobernarse as\u00ed misma y que requiera protecci\u00f3n por el derecho. Planteamiento de la tesis: se basa en que la protecci\u00f3n de la   persona ha de contar con medios jur\u00eddicos suficientes que de una parte, garanticen su condici\u00f3n de persona, y, de otra parte, evite el que se pueda actuar contra la buena fe vali\u00e9ndose de esa condici\u00f3n. El planteamiento de la tesis se refiere a cuestiones de orden civil que se han suscitado ante los tribunales y en un elenco de cl\u00e1usulas que suelen establecerse en los actos, contratos y testamentos realizados por estas personas d\u00e9biles o por los representantes de ellos. Oportunidad de la tesis: la tesis lleva un elenco de jurisprudencia de los tribunales y bibliograf\u00eda moderna sobre las cuestiones all\u00ed tratadas. .Este estudio pone de relieve la .Situaci\u00f3n actual relativa, sobre todo, a la protecci\u00f3n de las personas mayores. Lo que constituye un estudio de mucho inter\u00e9s para la valoraci\u00f3n de la proyectada ley de dependencia. Ley que nace justificada por la deficiencia normativa y, especialmente, por la extensi\u00f3n del problema y su relevancia social que ha adquirido habida cuenta de la abundancia de la casu\u00edstica de la actual sociedad.<\/p>\n<p>&nbsp;<\/p>\n<h3>Datos acad\u00e9micos de la tesis doctoral \u00ab<strong>La proteccion juridica del incapaz no declarado en estado de incapacidad<\/strong>\u00ab<\/h3>\n<ul>\n<li><strong>T\u00edtulo de la tesis:<\/strong>\u00a0 La proteccion juridica del incapaz no declarado en estado de incapacidad <\/li>\n<li><strong>Autor:<\/strong>\u00a0 Jos\u00e9 Mar\u00eda Nu\u00f1ez  Centano <\/li>\n<li><strong>Universidad:<\/strong>\u00a0 Navarra<\/li>\n<li><strong>Fecha de lectura de la tesis:<\/strong>\u00a0 15\/05\/2006<\/li>\n<\/ul>\n<p>&nbsp;<\/p>\n<h3>Direcci\u00f3n y tribunal<\/h3>\n<ul>\n<li><strong>Director de la tesis<\/strong>\n<ul>\n<li>Jos\u00e9 Antonio Doral Garcia De Pazos<\/li>\n<\/ul>\n<\/li>\n<li><strong>Tribunal<\/strong>\n<ul>\n<li>Presidente del tribunal: Jos\u00e9  javier Lopez jacoiste <\/li>\n<li>Jos\u00e9 Mar\u00eda Cast\u00e1n  vazquez (vocal)<\/li>\n<li>klaus jochen Albiez dormhann (vocal)<\/li>\n<li>faustino Cord\u00f3n moreno (vocal)<\/li>\n<\/ul>\n<\/li>\n<\/ul>\n<p>&nbsp;<\/p>\n","protected":false},"excerpt":{"rendered":"<p>Tesis doctoral de Jos\u00e9 Mar\u00eda Nu\u00f1ez Centano Fundamento de la tesis, contrastar la incapacidad natural con la incapacidad declarada que [&hellip;]<\/p>\n","protected":false},"author":1,"featured_media":0,"comment_status":"open","ping_status":"open","sticky":false,"template":"","format":"standard","meta":{"site-sidebar-layout":"default","site-content-layout":"","ast-site-content-layout":"","site-content-style":"default","site-sidebar-style":"default","ast-global-header-display":"","ast-banner-title-visibility":"","ast-main-header-display":"","ast-hfb-above-header-display":"","ast-hfb-below-header-display":"","ast-hfb-mobile-header-display":"","site-post-title":"","ast-breadcrumbs-content":"","ast-featured-img":"","footer-sml-layout":"","theme-transparent-header-meta":"","adv-header-id-meta":"","stick-header-meta":"","header-above-stick-meta":"","header-main-stick-meta":"","header-below-stick-meta":"","astra-migrate-meta-layouts":"default","ast-page-background-enabled":"default","ast-page-background-meta":{"desktop":{"background-color":"var(--ast-global-color-4)","background-image":"","background-repeat":"repeat","background-position":"center center","background-size":"auto","background-attachment":"scroll","background-type":"","background-media":"","overlay-type":"","overlay-color":"","overlay-gradient":""},"tablet":{"background-color":"","background-image":"","background-repeat":"repeat","background-position":"center center","background-size":"auto","background-attachment":"scroll","background-type":"","background-media":"","overlay-type":"","overlay-color":"","overlay-gradient":""},"mobile":{"background-color":"","background-image":"","background-repeat":"repeat","background-position":"center center","background-size":"auto","background-attachment":"scroll","background-type":"","background-media":"","overlay-type":"","overlay-color":"","overlay-gradient":""}},"ast-content-background-meta":{"desktop":{"background-color":"var(--ast-global-color-5)","background-image":"","background-repeat":"repeat","background-position":"center center","background-size":"auto","background-attachment":"scroll","background-type":"","background-media":"","overlay-type":"","overlay-color":"","overlay-gradient":""},"tablet":{"background-color":"var(--ast-global-color-5)","background-image":"","background-repeat":"repeat","background-position":"center center","background-size":"auto","background-attachment":"scroll","background-type":"","background-media":"","overlay-type":"","overlay-color":"","overlay-gradient":""},"mobile":{"background-color":"var(--ast-global-color-5)","background-image":"","background-repeat":"repeat","background-position":"center center","background-size":"auto","background-attachment":"scroll","background-type":"","background-media":"","overlay-type":"","overlay-color":"","overlay-gradient":""}},"footnotes":""},"categories":[612,17749],"tags":[17754,17913,171426,17174,171425,167957],"class_list":["post-79936","post","type-post","status-publish","format-standard","hentry","category-ciencias-juridicas-y-derecho","category-navarra","tag-faustino-cordon-moreno","tag-jose-antonio-doral-garcia-de-pazos","tag-jose-javier-lopez-jacoiste","tag-jose-maria-castan-vazquez","tag-jose-maria-nunez-centano","tag-klaus-jochen-albiez-dormhann"],"_links":{"self":[{"href":"https:\/\/www.deberes.net\/tesis\/wp-json\/wp\/v2\/posts\/79936","targetHints":{"allow":["GET"]}}],"collection":[{"href":"https:\/\/www.deberes.net\/tesis\/wp-json\/wp\/v2\/posts"}],"about":[{"href":"https:\/\/www.deberes.net\/tesis\/wp-json\/wp\/v2\/types\/post"}],"author":[{"embeddable":true,"href":"https:\/\/www.deberes.net\/tesis\/wp-json\/wp\/v2\/users\/1"}],"replies":[{"embeddable":true,"href":"https:\/\/www.deberes.net\/tesis\/wp-json\/wp\/v2\/comments?post=79936"}],"version-history":[{"count":0,"href":"https:\/\/www.deberes.net\/tesis\/wp-json\/wp\/v2\/posts\/79936\/revisions"}],"wp:attachment":[{"href":"https:\/\/www.deberes.net\/tesis\/wp-json\/wp\/v2\/media?parent=79936"}],"wp:term":[{"taxonomy":"category","embeddable":true,"href":"https:\/\/www.deberes.net\/tesis\/wp-json\/wp\/v2\/categories?post=79936"},{"taxonomy":"post_tag","embeddable":true,"href":"https:\/\/www.deberes.net\/tesis\/wp-json\/wp\/v2\/tags?post=79936"}],"curies":[{"name":"wp","href":"https:\/\/api.w.org\/{rel}","templated":true}]}}